{"id":348565,"date":"2025-02-22T06:15:49","date_gmt":"2025-02-22T09:15:49","guid":{"rendered":"https:\/\/www.notibras.com\/site\/?p=348565"},"modified":"2025-02-22T06:15:49","modified_gmt":"2025-02-22T09:15:49","slug":"entre-clima-amor-e-terraplanismo-o-maior-pecado-e-a-burrice","status":"publish","type":"post","link":"https:\/\/www.notibras.com\/site\/entre-clima-amor-e-terraplanismo-o-maior-pecado-e-a-burrice\/","title":{"rendered":"Entre clima, amor e terraplanismo, o maior pecado \u00e9 a burrice"},"content":{"rendered":"<p>Sei que somos mais tolerantes em rela\u00e7\u00e3o \u00e0s falhas dos nossos filhos, muito mais at\u00e9 do que com as nossas. Tamb\u00e9m n\u00e3o estou aqui para passar a m\u00e3o na cabe\u00e7a da minha prole, que, vez ou outra, me faz ter certeza de que a humanidade est\u00e1 cada dia mais perto de se extinguir. O que os meus falam de bobagens n\u00e3o tem tamanho.<\/p>\n<p>\u2014 M\u00e3e, esse lance de aquecimento global \u00e9 inven\u00e7\u00e3o dos comunistas. Sabe, vi um v\u00eddeo de um cara&#8230;<\/p>\n<p>\u2014 Para, Lu\u00eds Alberto! Por favor! Cale essa boca, que o povo n\u00e3o vai ter mais d\u00favida de que voc\u00ea \u00e9 mesmo burro.<\/p>\n<p>Fui grossa? Tenho certeza de que n\u00e3o o suficiente, pois, caso eu tivesse tomado uma atitude mais dr\u00e1stica, o mundo n\u00e3o precisaria mais conviver com o ign\u00f3bil do meu filho. Gente, como isso me irrita! Ainda mais quando olho para as estrias na minha barriga e tenho certeza de que elas est\u00e3o ali por uma causa perdida.<\/p>\n<p>Vi\u00fava aos 64 anos, hoje perto de completar 70, conheci o Toni durante a posse do novo governante do pa\u00eds em 2023. Foi paix\u00e3o quase \u00e0 primeira vista, caso n\u00e3o fosse por conta dos \u00f3culos de grau defasados. Essas pequenas coisas que costumamos adiar at\u00e9 que, de repente, trope\u00e7amos em alguma pedra de Drummond ou, n\u00e3o raro, o nosso p\u00e9 se afunda em um buraco nas descuidadas cal\u00e7adas de Bras\u00edlia. Tamb\u00e9m, quem mandou morar em uma cidade que foi projetada para autom\u00f3veis? Besta sou eu que insisto em fazer caminhadas por aqui.<\/p>\n<p>Ant\u00f4nio Carlos, o Toni, me surgiu sem o Joc\u00e1fi. Ih, se eu fosse tentar explicar essa brincadeira, os mais jovens n\u00e3o entenderiam. Ent\u00e3o, prossigamos, pois o tempo urge. Um tip\u00e3o ou, como minha saudosa irm\u00e3 gostava de dizer, aquele peda\u00e7o de mau caminho que qualquer mulher de bom gosto trata logo de se embrenhar. Pelo jeito, tenho c\u00e1 meus refinamentos e, por isso, mostrei de cara meu melhor sorriso, ainda mais porque fiz quest\u00e3o de fazer aquela revis\u00e3o caprichada no dentista na semana anterior ao Natal.<\/p>\n<p>N\u00e3o sabia que o gajo era solteiro, mas suspeitei, pois ele estava sozinho. Ali\u00e1s, at\u00e9 tive uma ponta de d\u00favida, pois o sujeito poderia ser a tal ovelha negra da fam\u00edlia, t\u00e3o cantada pela inconfund\u00edvel Rita Lee. V\u00e1 que o cara era o \u00fanico que havia votado contra a obscuridade.<\/p>\n<p>\u00c9 verdade que n\u00e3o estava completamente enganada. O Toni, vi\u00favo h\u00e1 mais tempo do que eu, morava no Rio de Janeiro. Quanto ao resto da fam\u00edlia, que consiste no filho, na nora e dois netos, teria viajado para Miami, talvez na esperan\u00e7a de ficar por l\u00e1 mesmo. Isso n\u00e3o aconteceu, pois logo o visto de turista venceu e a trupe retornou para o Brasil. Pior \u00e9 que, contr\u00e1rios \u00e0 vacina\u00e7\u00e3o, os abestados tiveram que tom\u00e1-la para entrarem nos Estados Unidos. \u00c9 pra rir ou pra chorar?<\/p>\n<p>Ap\u00f3s trocarmos algumas palavras enquanto tom\u00e1vamos picol\u00e9, percebemos que nossa qu\u00edmica batia. E bateu mesmo, como pudemos comprovar ap\u00f3s aquela manh\u00e3 ensolarada na capital. Por isso, a partir de ent\u00e3o, Toni e eu vivemos na ponte a\u00e9rea entre Bras\u00edlia e Rio. E foi numa dessas viagens para Cidade Maravilhosa que conheci os membros da fam\u00edlia do meu amado.<\/p>\n<p>N\u00e3o foi algo que me animasse, como j\u00e1 previa. \u00c9 que o Toni j\u00e1 havia me alertado sobre seus parentes, que n\u00e3o s\u00e3o muito diferentes dos meus. Fico pensando se n\u00e3o foi por causa de tanta cloroquina que tomaram ou, ent\u00e3o, se esqueceram das aulas de hist\u00f3ria. Ah, deixa isso pra l\u00e1!<\/p>\n<p>Se o Toni e eu queremos morar juntos? Confesso que at\u00e9 cogitamos tal ideia, mas logo desistimos. O motivo? Preferimos a clandestinidade a compartilhar nossos momentos com tanta gente insana. Ademais, ainda hoje guardo com carinho um dos \u00faltimos interl\u00fadios que tive com mam\u00e3e.<\/p>\n<p>\u2014 Adelaide, nunca se esque\u00e7a de uma coisa.<\/p>\n<p>\u2014 E o que \u00e9, mam\u00e3e?<\/p>\n<p>\u2014 N\u00e3o existe maior pecado do que a burrice.<\/p>\n<p>&#8230;&#8230;&#8230;&#8230;&#8230;&#8230;&#8230;&#8230;&#8230;&#8230;..<\/p>\n<p><strong>Eduardo Mart\u00ednez \u00e9 autor do livro 57 Contos e Cr\u00f4nicas por um Autor Muito Velho\u2019<\/strong><\/p>\n<p>Compre aqui\u00a0<span class=\"x19la9d6 x1fc57z9 x6ikm8r x10wlt62 x19co3pv x1g5zs5t xfibh0p xiy17q3 x1xsqp64 x1lkfr7t xexx8yu x4uap5 x18d9i69 xkhd6sd\"><span class=\"xrtxmta x1bhl96m\"><img decoding=\"async\" class=\"emoji\" role=\"img\" draggable=\"false\" src=\"https:\/\/s.w.org\/images\/core\/emoji\/15.0.3\/svg\/1f447-1f3ff.svg\" alt=\"&#x1f447;&#x1f3ff;\" \/><\/span><\/span><\/p>\n<p><a href=\"https:\/\/www.joanineditora.com.br\/57-contos-e-cronicas-por-um-autor-muito-velho\">https:\/\/www.joanineditora.com.br\/57-contos-e-cronicas-por-um-autor-muito-velho<\/a><\/p>\n","protected":false},"excerpt":{"rendered":"<p>Sei que somos mais tolerantes em rela\u00e7\u00e3o \u00e0s falhas dos nossos filhos, muito mais at\u00e9 do que com as nossas. Tamb\u00e9m n\u00e3o estou aqui para passar a m\u00e3o na cabe\u00e7a da minha prole, que, vez ou outra, me faz ter certeza de que a humanidade est\u00e1 cada dia mais perto de se extinguir. O que [&hellip;]<\/p>\n","protected":false},"author":2,"featured_media":348567,"comment_status":"closed","ping_status":"closed","sticky":false,"template":"","format":"standard","meta":{"_acf_changed":false,"footnotes":""},"categories":[161],"tags":[95],"class_list":["post-348565","post","type-post","status-publish","format-standard","has-post-thumbnail","hentry","category-quadradinho-em-foco","tag-capa"],"acf":[],"_links":{"self":[{"href":"https:\/\/www.notibras.com\/site\/wp-json\/wp\/v2\/posts\/348565","targetHints":{"allow":["GET"]}}],"collection":[{"href":"https:\/\/www.notibras.com\/site\/wp-json\/wp\/v2\/posts"}],"about":[{"href":"https:\/\/www.notibras.com\/site\/wp-json\/wp\/v2\/types\/post"}],"author":[{"embeddable":true,"href":"https:\/\/www.notibras.com\/site\/wp-json\/wp\/v2\/users\/2"}],"replies":[{"embeddable":true,"href":"https:\/\/www.notibras.com\/site\/wp-json\/wp\/v2\/comments?post=348565"}],"version-history":[{"count":1,"href":"https:\/\/www.notibras.com\/site\/wp-json\/wp\/v2\/posts\/348565\/revisions"}],"predecessor-version":[{"id":348568,"href":"https:\/\/www.notibras.com\/site\/wp-json\/wp\/v2\/posts\/348565\/revisions\/348568"}],"wp:featuredmedia":[{"embeddable":true,"href":"https:\/\/www.notibras.com\/site\/wp-json\/wp\/v2\/media\/348567"}],"wp:attachment":[{"href":"https:\/\/www.notibras.com\/site\/wp-json\/wp\/v2\/media?parent=348565"}],"wp:term":[{"taxonomy":"category","embeddable":true,"href":"https:\/\/www.notibras.com\/site\/wp-json\/wp\/v2\/categories?post=348565"},{"taxonomy":"post_tag","embeddable":true,"href":"https:\/\/www.notibras.com\/site\/wp-json\/wp\/v2\/tags?post=348565"}],"curies":[{"name":"wp","href":"https:\/\/api.w.org\/{rel}","templated":true}]}}