{"id":348593,"date":"2025-02-22T07:58:49","date_gmt":"2025-02-22T10:58:49","guid":{"rendered":"https:\/\/www.notibras.com\/site\/?p=348593"},"modified":"2025-02-22T07:59:45","modified_gmt":"2025-02-22T10:59:45","slug":"ceara-paraiba-e-pernambuco-terao-mais-unidades-do-minha-casa","status":"publish","type":"post","link":"https:\/\/www.notibras.com\/site\/ceara-paraiba-e-pernambuco-terao-mais-unidades-do-minha-casa\/","title":{"rendered":"Cear\u00e1, Para\u00edba e Pernambuco ter\u00e3o mais unidades do &#8216;Minha Casa&#8217;"},"content":{"rendered":"<p>O Minist\u00e9rio das Cidades autorizou a contrata\u00e7\u00e3o de mais 1.430 moradias do programa Minha Casa Minha Vida. Ao todo, cerca de 5 mil pessoas dever\u00e3o ser beneficiadas nas modalidades urbana e rural. As contrata\u00e7\u00f5es foram divulgadas no Di\u00e1rio Oficial da Uni\u00e3o e contemplam sete munic\u00edpios em seis estados, al\u00e9m do Distrito Federal.<\/p>\n<p>Para o Nordeste, foram destinadas 377 moradias, distribu\u00eddas entre os munic\u00edpios de Meruoca (50), no Cear\u00e1; Paulista (288), em Pernambuco; e a capital da Para\u00edba, Jo\u00e3o Pessoa (39). Segundo o governo federal, entre 2023 e 2025, foram selecionadas 174.733 unidades habitacionais no Nordeste.<\/p>\n<p>Na Regi\u00e3o Norte, ser\u00e3o constru\u00eddas 274 moradias em Paragominas e Reden\u00e7\u00e3o, no Par\u00e1, e 75 em Manaus, capital amazonense. Desde 2023, foram 57.663 unidades habitacionais selecionadas no Norte.<\/p>\n<p>A Regi\u00e3o Centro-Oeste receber\u00e1 384 moradias no Distrito Federal e 320 em \u00c1guas Lindas, munic\u00edpio de Goi\u00e1s. Com isso, a regi\u00e3o soma 26.007 unidades habitacionais selecionadas desde 2023, com a retomada do programa habitacional.<\/p>\n<p>As contrata\u00e7\u00f5es autorizadas dos munic\u00edpios de Meruoca e Paragominas est\u00e3o enquadradas na modalidade rural do Minha Casa Minha Vida. As demais est\u00e3o encaixadas na modalidade urbana, subsidiada pelo Fundo de Arrendamento Residencial. Em todo o Brasil, foram selecionadas, totalizando as modalidades, 382 mil novas unidades habitacionais do Minha Casa Minha Vida desde 2023.<\/p>\n<p>As casas constru\u00eddas pelo programa asseguram acesso \u00e0 rede el\u00e9trica, saneamento, proximidade com escolas, unidades de sa\u00fade, com\u00e9rcios e transporte p\u00fablico coletivo. As casas t\u00e9rreas devem ter o m\u00ednimo de 40 metros quadrados (m\u00b2) e os apartamentos, a partir de 41,50 m\u00b2, incluindo \u00e1rea \u00fatil e varanda.<\/p>\n","protected":false},"excerpt":{"rendered":"<p>O Minist\u00e9rio das Cidades autorizou a contrata\u00e7\u00e3o de mais 1.430 moradias do programa Minha Casa Minha Vida. Ao todo, cerca de 5 mil pessoas dever\u00e3o ser beneficiadas nas modalidades urbana e rural. As contrata\u00e7\u00f5es foram divulgadas no Di\u00e1rio Oficial da Uni\u00e3o e contemplam sete munic\u00edpios em seis estados, al\u00e9m do Distrito Federal. Para o Nordeste, [&hellip;]<\/p>\n","protected":false},"author":2,"featured_media":348594,"comment_status":"closed","ping_status":"closed","sticky":false,"template":"","format":"standard","meta":{"_acf_changed":false,"footnotes":""},"categories":[165],"tags":[],"class_list":["post-348593","post","type-post","status-publish","format-standard","has-post-thumbnail","hentry","category-nordeste"],"acf":[],"_links":{"self":[{"href":"https:\/\/www.notibras.com\/site\/wp-json\/wp\/v2\/posts\/348593","targetHints":{"allow":["GET"]}}],"collection":[{"href":"https:\/\/www.notibras.com\/site\/wp-json\/wp\/v2\/posts"}],"about":[{"href":"https:\/\/www.notibras.com\/site\/wp-json\/wp\/v2\/types\/post"}],"author":[{"embeddable":true,"href":"https:\/\/www.notibras.com\/site\/wp-json\/wp\/v2\/users\/2"}],"replies":[{"embeddable":true,"href":"https:\/\/www.notibras.com\/site\/wp-json\/wp\/v2\/comments?post=348593"}],"version-history":[{"count":2,"href":"https:\/\/www.notibras.com\/site\/wp-json\/wp\/v2\/posts\/348593\/revisions"}],"predecessor-version":[{"id":348596,"href":"https:\/\/www.notibras.com\/site\/wp-json\/wp\/v2\/posts\/348593\/revisions\/348596"}],"wp:featuredmedia":[{"embeddable":true,"href":"https:\/\/www.notibras.com\/site\/wp-json\/wp\/v2\/media\/348594"}],"wp:attachment":[{"href":"https:\/\/www.notibras.com\/site\/wp-json\/wp\/v2\/media?parent=348593"}],"wp:term":[{"taxonomy":"category","embeddable":true,"href":"https:\/\/www.notibras.com\/site\/wp-json\/wp\/v2\/categories?post=348593"},{"taxonomy":"post_tag","embeddable":true,"href":"https:\/\/www.notibras.com\/site\/wp-json\/wp\/v2\/tags?post=348593"}],"curies":[{"name":"wp","href":"https:\/\/api.w.org\/{rel}","templated":true}]}}