{"id":348597,"date":"2025-02-22T06:10:09","date_gmt":"2025-02-22T09:10:09","guid":{"rendered":"https:\/\/www.notibras.com\/site\/?p=348597"},"modified":"2025-02-22T08:11:26","modified_gmt":"2025-02-22T11:11:26","slug":"prorrogadas-parcelas-de-credito-rural-a-afetados-por-seca-nordestina","status":"publish","type":"post","link":"https:\/\/www.notibras.com\/site\/prorrogadas-parcelas-de-credito-rural-a-afetados-por-seca-nordestina\/","title":{"rendered":"Prorrogadas parcelas de cr\u00e9dito rural a afetados por seca nordestina"},"content":{"rendered":"<p>Cerca de 61 mil produtores rurais da \u00e1rea de atua\u00e7\u00e3o da Superintend\u00eancia de Desenvolvimento do Nordeste (Sudene) afetados pela seca ter\u00e3o um ano a mais para pagar as parcelas da linha emergencial de cr\u00e9dito concedida ou renegociada no ano passado. Em reuni\u00e3o extraordin\u00e1ria, o Conselho Monet\u00e1rio Nacional (CMN) aprovou a prorroga\u00e7\u00e3o dos financiamentos.<\/p>\n<p>As parcelas com vencimento em 2025 poder\u00e3o ser pagas at\u00e9 um ano ap\u00f3s o fim do contrato. O mutu\u00e1rio dever\u00e1 pedir, at\u00e9 30 de junho, a prorroga\u00e7\u00e3o nas ag\u00eancias banc\u00e1rias e justificar a dificuldade no pagamento das presta\u00e7\u00f5es neste ano.<\/p>\n<p>Segundo o Minist\u00e9rio da Fazenda, a medida beneficiar\u00e1 60.804 agricultores familiares e produtores rurais, no total de R$ 941,54 milh\u00f5es. Desse total, 50.290 s\u00e3o opera\u00e7\u00f5es de cr\u00e9dito rural de custeio e 11.549 opera\u00e7\u00f5es de investimento.<\/p>\n<p>Em fevereiro do ano passado, o CMN tinha concedido uma linha especial de cr\u00e9dito de custeio pecu\u00e1rio para os agricultores familiares e demais categorias de produtores rurais afetados pela seca na \u00e1rea da Sudene, que abrange o Nordeste e munic\u00edpios do norte de Minas Gerais.<\/p>\n<p>Al\u00e9m de instituir a linha emergencial de cr\u00e9dito rural de custeio pecu\u00e1rio, a resolu\u00e7\u00e3o do CMN de 2024 autorizou a renegocia\u00e7\u00e3o de opera\u00e7\u00f5es de cr\u00e9dito rural de custeio e investimento contratadas com recursos do Fundo Constitucional do Nordeste (FNE). A medida beneficiou produtores de munic\u00edpios que decretaram situa\u00e7\u00e3o de emerg\u00eancia ou estado de calamidade p\u00fablica por causa da estiagem na \u00e1rea de atua\u00e7\u00e3o da Sudene.<\/p>\n<p>A linha de cr\u00e9dito emergencial ficou dispon\u00edvel at\u00e9 30 de junho do ano passado. Os pedidos de renegocia\u00e7\u00e3o do FNE puderam ser feitos at\u00e9 30 de dezembro.<\/p>\n","protected":false},"excerpt":{"rendered":"<p>Cerca de 61 mil produtores rurais da \u00e1rea de atua\u00e7\u00e3o da Superintend\u00eancia de Desenvolvimento do Nordeste (Sudene) afetados pela seca ter\u00e3o um ano a mais para pagar as parcelas da linha emergencial de cr\u00e9dito concedida ou renegociada no ano passado. Em reuni\u00e3o extraordin\u00e1ria, o Conselho Monet\u00e1rio Nacional (CMN) aprovou a prorroga\u00e7\u00e3o dos financiamentos. As parcelas [&hellip;]<\/p>\n","protected":false},"author":2,"featured_media":348598,"comment_status":"closed","ping_status":"closed","sticky":false,"template":"","format":"standard","meta":{"_acf_changed":false,"footnotes":""},"categories":[165],"tags":[],"class_list":["post-348597","post","type-post","status-publish","format-standard","has-post-thumbnail","hentry","category-nordeste"],"acf":[],"_links":{"self":[{"href":"https:\/\/www.notibras.com\/site\/wp-json\/wp\/v2\/posts\/348597","targetHints":{"allow":["GET"]}}],"collection":[{"href":"https:\/\/www.notibras.com\/site\/wp-json\/wp\/v2\/posts"}],"about":[{"href":"https:\/\/www.notibras.com\/site\/wp-json\/wp\/v2\/types\/post"}],"author":[{"embeddable":true,"href":"https:\/\/www.notibras.com\/site\/wp-json\/wp\/v2\/users\/2"}],"replies":[{"embeddable":true,"href":"https:\/\/www.notibras.com\/site\/wp-json\/wp\/v2\/comments?post=348597"}],"version-history":[{"count":1,"href":"https:\/\/www.notibras.com\/site\/wp-json\/wp\/v2\/posts\/348597\/revisions"}],"predecessor-version":[{"id":348599,"href":"https:\/\/www.notibras.com\/site\/wp-json\/wp\/v2\/posts\/348597\/revisions\/348599"}],"wp:featuredmedia":[{"embeddable":true,"href":"https:\/\/www.notibras.com\/site\/wp-json\/wp\/v2\/media\/348598"}],"wp:attachment":[{"href":"https:\/\/www.notibras.com\/site\/wp-json\/wp\/v2\/media?parent=348597"}],"wp:term":[{"taxonomy":"category","embeddable":true,"href":"https:\/\/www.notibras.com\/site\/wp-json\/wp\/v2\/categories?post=348597"},{"taxonomy":"post_tag","embeddable":true,"href":"https:\/\/www.notibras.com\/site\/wp-json\/wp\/v2\/tags?post=348597"}],"curies":[{"name":"wp","href":"https:\/\/api.w.org\/{rel}","templated":true}]}}