{"id":348603,"date":"2025-02-22T00:25:03","date_gmt":"2025-02-22T03:25:03","guid":{"rendered":"https:\/\/www.notibras.com\/site\/?p=348603"},"modified":"2025-02-22T08:31:50","modified_gmt":"2025-02-22T11:31:50","slug":"camara-legislativa-abre-restaurante-para-os-servidores-e-pubico-externo","status":"publish","type":"post","link":"https:\/\/www.notibras.com\/site\/camara-legislativa-abre-restaurante-para-os-servidores-e-pubico-externo\/","title":{"rendered":"C\u00e2mara Legislativa abre restaurante para os servidores e p\u00fabico externo"},"content":{"rendered":"<p>A cerim\u00f4nia de inaugura\u00e7\u00e3o da unidade do Restaurante Sesc-DF, na Pra\u00e7a do Servidor da C\u00e2mara Legislativa do Distrito Federal reuniu nesta sexta-feira (21), parlamentares, autoridades locais, servidores e comerci\u00e1rios. A iniciativa foi fruto de um Acordo de Coopera\u00e7\u00e3o T\u00e9cnica firmado entre a CLDF e o Servi\u00e7o Social do Com\u00e9rcio (Sesc) no ano passado.<\/p>\n<p>O presidente da CLDF, deputado Wellington Luiz (MDB), declarou sua alegria em poder concretizar essa antiga demanda dos servidores e agradeceu a parceria com a Fecom\u00e9rcio-DF. \u201cN\u00e3o t\u00ednhamos o que servir para as pessoas que vinham \u00e0 C\u00e2mara Legislativa\u201d, disse, ao pontuar que, agora, tem um restaurante de qualidade e pre\u00e7o popular para atender \u00e0 popula\u00e7\u00e3o que trabalha e vive na regi\u00e3o. \u201cO restaurante \u00e9 um dos legados mais importantes da hist\u00f3ria da CLDF\u201d, afirmou.<\/p>\n<p>Para a segunda vice-presidente da CLDF, deputada Paula Belmonte (Cidadania), o restaurante vai ser o cora\u00e7\u00e3o da Casa. Ela elogiou os trabalhadores que comp\u00f5em o corpo t\u00e9cnico do Sesc, a exemplo dos nutricionistas e cozinheiros, preocupados com a qualidade e o equil\u00edbrio alimentar.<\/p>\n<p>\u201cEste \u00e9 um momento marcante na hist\u00f3ria da C\u00e2mara Legislativa, que deixa para o DF um grande legado\u201d, refor\u00e7ou o deputado Pastor Daniel de Castro (PP), primeiro secret\u00e1rio da CLDF. \u201cO povo precisa se sentir acolhido na CLDF com comida de qualidade a um pre\u00e7o acess\u00edvel\u201d, alinhavou o segundo secret\u00e1rio, deputado Roosevelt (PP).<\/p>\n<p>Nesse sentido, o deputado Jo\u00e3o Cardoso (Avante) elogiou a iniciativa. J\u00e1 o deputado Chico Vigilante (PT) revelou que era contr\u00e1rio \u00e0 instala\u00e7\u00e3o de um restaurante comercial na Casa, mas ponderou que o restaurante-escola do Sesc \u00e9 \u201cbem-vindo\u201d, uma vez que o sistema S oferece servi\u00e7o de qualidade e \u00e9 gerido com muito crit\u00e9rio. Para Floresta, os trabalhadores ser\u00e3o os principais beneficiados com o novo espa\u00e7o.<\/p>\n<p><strong>Trabalho conjunto<\/strong><br \/>\nSegundo o presidente da Fecom\u00e9rcio-DF, Jos\u00e9 Aparecido Freire, o restaurante resulta de um trabalho conjunto. \u201cAgora, a CLDF, que \u00e9 a casa do povo, ser\u00e1 a casa do povo bem alimentado\u201d, assinalou, ao citar que o espa\u00e7o vai atender tamb\u00e9m aos comerci\u00e1rios da regi\u00e3o.<\/p>\n<p>No mesmo sentido, o diretor regional do Sesc-DF, Valcides de Ara\u00fajo, lembrou as tratativas para a instala\u00e7\u00e3o do restaurante e endossou que o espa\u00e7o vai abarcar n\u00e3o apenas os servidores, mas, sobretudo, os comerci\u00e1rios da regi\u00e3o. Ele enfatizou que \u201cos comerci\u00e1rios s\u00e3o a raz\u00e3o de ser da institui\u00e7\u00e3o Sesc\u201d.<\/p>\n<p>Parabenizaram a Casa pelo novo espa\u00e7o o presidente do Tribunal de Contas do Distrito Federal e Territ\u00f3rios (TCDFT), Manoel de Andrade; o primeiro vice-presidente do Tribunal de Justi\u00e7a do Distrital Federal e Territ\u00f3rios (TJDFT), Roberval Casemiro Belinati; a comandante geral da Pol\u00edcia Militar do Distrito Federal (PMDF), Ana Paula Habk; o delegado-geral adjunto da Pol\u00edcia Civil do Distrito Federal (PCDF), Benito Tiezzi, entre outras autoridades.<\/p>\n<p><strong>De 7h \u00e0s 19h<\/strong><br \/>\nO restaurante, aberto ao p\u00fablico, entrar\u00e1 em funcionamento na pr\u00f3xima segunda-feira (24), e vai oferecer caf\u00e9 da manh\u00e3, almo\u00e7o, jantar e lanches, de segunda \u00e0 sexta-feira, de 7h \u00e0s 19h. O valor das refei\u00e7\u00f5es seguir\u00e1 a mesma tabela adotada nas demais unidades do Sesc no DF, que conta com estabelecimentos na Asa Sul, Guar\u00e1, Taguatinga Norte, Ceil\u00e2ndia e Gama.<\/p>\n","protected":false},"excerpt":{"rendered":"<p>A cerim\u00f4nia de inaugura\u00e7\u00e3o da unidade do Restaurante Sesc-DF, na Pra\u00e7a do Servidor da C\u00e2mara Legislativa do Distrito Federal reuniu nesta sexta-feira (21), parlamentares, autoridades locais, servidores e comerci\u00e1rios. A iniciativa foi fruto de um Acordo de Coopera\u00e7\u00e3o T\u00e9cnica firmado entre a CLDF e o Servi\u00e7o Social do Com\u00e9rcio (Sesc) no ano passado. O presidente [&hellip;]<\/p>\n","protected":false},"author":2,"featured_media":348605,"comment_status":"closed","ping_status":"closed","sticky":false,"template":"","format":"standard","meta":{"_acf_changed":false,"footnotes":""},"categories":[161],"tags":[],"class_list":["post-348603","post","type-post","status-publish","format-standard","has-post-thumbnail","hentry","category-quadradinho-em-foco"],"acf":[],"_links":{"self":[{"href":"https:\/\/www.notibras.com\/site\/wp-json\/wp\/v2\/posts\/348603","targetHints":{"allow":["GET"]}}],"collection":[{"href":"https:\/\/www.notibras.com\/site\/wp-json\/wp\/v2\/posts"}],"about":[{"href":"https:\/\/www.notibras.com\/site\/wp-json\/wp\/v2\/types\/post"}],"author":[{"embeddable":true,"href":"https:\/\/www.notibras.com\/site\/wp-json\/wp\/v2\/users\/2"}],"replies":[{"embeddable":true,"href":"https:\/\/www.notibras.com\/site\/wp-json\/wp\/v2\/comments?post=348603"}],"version-history":[{"count":3,"href":"https:\/\/www.notibras.com\/site\/wp-json\/wp\/v2\/posts\/348603\/revisions"}],"predecessor-version":[{"id":348608,"href":"https:\/\/www.notibras.com\/site\/wp-json\/wp\/v2\/posts\/348603\/revisions\/348608"}],"wp:featuredmedia":[{"embeddable":true,"href":"https:\/\/www.notibras.com\/site\/wp-json\/wp\/v2\/media\/348605"}],"wp:attachment":[{"href":"https:\/\/www.notibras.com\/site\/wp-json\/wp\/v2\/media?parent=348603"}],"wp:term":[{"taxonomy":"category","embeddable":true,"href":"https:\/\/www.notibras.com\/site\/wp-json\/wp\/v2\/categories?post=348603"},{"taxonomy":"post_tag","embeddable":true,"href":"https:\/\/www.notibras.com\/site\/wp-json\/wp\/v2\/tags?post=348603"}],"curies":[{"name":"wp","href":"https:\/\/api.w.org\/{rel}","templated":true}]}}