{"id":348609,"date":"2025-02-22T05:45:22","date_gmt":"2025-02-22T08:45:22","guid":{"rendered":"https:\/\/www.notibras.com\/site\/?p=348609"},"modified":"2025-02-22T08:50:59","modified_gmt":"2025-02-22T11:50:59","slug":"rodoviaria-tem-dono-ordem-e-torcer-para-que-de-certo","status":"publish","type":"post","link":"https:\/\/www.notibras.com\/site\/rodoviaria-tem-dono-ordem-e-torcer-para-que-de-certo\/","title":{"rendered":"Rodovi\u00e1ria tem dono; ordem \u00e9 torcer para que d\u00ea certo"},"content":{"rendered":"<p>A transfer\u00eancia operacional da Rodovi\u00e1ria do Plano Piloto para o Cons\u00f3rcio Catedral, liderado pela RZK Empreendimentos Imobili\u00e1rios Ltda., come\u00e7ou na madrugada deste s\u00e1bado (22), com a assinatura da Ordem de In\u00edcio pelo governador Ibaneis Rocha. Nos pr\u00f3ximos 90 dias, a gest\u00e3o da rodovi\u00e1ria ser\u00e1 compartilhada entre a Secretaria de Transporte e Mobilidade (Semob) e o cons\u00f3rcio, que trabalhar\u00e3o juntos no planejamento das a\u00e7\u00f5es para a transfer\u00eancia completa da administra\u00e7\u00e3o do local ao cons\u00f3rcio empresarial.<\/p>\n<p>A assinatura marcou tamb\u00e9m o in\u00edcio das a\u00e7\u00f5es de melhorias na infraestrutura e de refor\u00e7o na seguran\u00e7a do local por onde passam diariamente mais de 600 mil pessoas. As vias de acesso e das plataformas ser\u00e3o lavadas, assim como \u00e1reas danificadas, incluindo trechos do pavimento, ser\u00e3o recuperados. Al\u00e9m da seguran\u00e7a contratada pelo cons\u00f3rcio, incluindo uma sala de videomonitoramento visitada pelo governador Ibaneis Rocha, o local conta com um posto da Pol\u00edcia Militar (PMDF).<\/p>\n<p>Concess\u00f5es bem-sucedidas no DF, a exemplo do Aeroporto de Bras\u00edlia para a Inframerica, da Companhia Energ\u00e9tica de Bras\u00edlia (CEB) para a Neoenergia e da Rodovi\u00e1ria Interestadual de Bras\u00edlia ao Cons\u00f3rcio Novo Terminal, t\u00eam sido lembradas pelo governador Ibaneis Rocha ao defender a ado\u00e7\u00e3o deste modelo para o principal ponto de embarque e desembarque de passageiros no DF.<\/p>\n<p>Em seu discurso, o governador Ibaneis Rocha afirmou que a concess\u00e3o marca uma nova era para o transporte p\u00fablico da capital. \u201cO que eu quero agora \u00e9 dar uma nova vida para Bras\u00edlia e eu tenho certeza que este cons\u00f3rcio que assume vai trazer uma revolu\u00e7\u00e3o para o Distrito Federal e vai ser r\u00e1pido. Em seis meses n\u00f3s vamos ver toda a transforma\u00e7\u00e3o que vai ser feita aqui. E toda a popula\u00e7\u00e3o do Distrito Federal vai usufruir desse, que \u00e9 um projeto nosso, de reformula\u00e7\u00e3o da mobilidade no Distrito Federal: 90% ou mais dos \u00f4nibus renovados, rodovi\u00e1rias em todos os lugares, passagem sem aumento desde 2019, amplia\u00e7\u00e3o do sistema de transporte \u2014 Entorno inclu\u00eddo \u2014 agora passagem gratuita aos domingos e feriados. N\u00f3s estamos transformando a mobilidade no Distrito Federal e n\u00e3o poder\u00edamos deixar de olhar para esse que \u00e9 o principal ponto da mobilidade, que \u00e9 a Rodovi\u00e1ria do Plano Piloto\u201d, enfatizou.<\/p>\n<p>Ao chegar no local, o governador se dirigiu aos ambulantes e garantiu que todos ser\u00e3o ouvidos e alocados para trabalhar, seja na Rodovi\u00e1ria, seja em outros pontos.<\/p>\n<p>\u201cEu nunca tirei um ambulante da rua. Nem aqui, nem no centro de Ceil\u00e2ndia, de lugar nenhum, porque eu sei que eles v\u00eam para c\u00e1 para ganhar o seu p\u00e3o, o seu dia a dia, o seu trabalho. Ent\u00e3o, o que n\u00f3s vamos fazer \u00e9 organizar isso aqui. Quem a empresa absorver e estamos dando os cursos atrav\u00e9s do Sebrae, vai ficar aqui. Se n\u00e3o tiver lugar aqui, n\u00f3s vamos arrumar um local para que eles possam tamb\u00e9m sobreviver, ganhar o seu dinheiro, porque essas pessoas que s\u00e3o honestas, que saem de casa para trabalhar, a gente tem que valorizar\u201d, assegurou.<\/p>\n<p>A \u00e1rea a ser concedida abrange todo o complexo rodovi\u00e1rio. Tamb\u00e9m est\u00e3o inclu\u00eddos os estacionamentos superiores e inferiores pr\u00f3ximos ao Conjunto Nacional e ao Conic, no Setor de Divers\u00f5es, que passar\u00e3o a ser rotativos. O Cons\u00f3rcio Catedral vai administrar o local pelos pr\u00f3ximos 20 anos, per\u00edodo em que prev\u00ea investir R$ 120 milh\u00f5es no local.<\/p>\n<p>O secret\u00e1rio de Transporte e Mobilidade, Zeno Gon\u00e7alves destacou que a primeira mudan\u00e7a a ser sentida pelos usu\u00e1rios ser\u00e1 na zeladoria. \u201cA Rodovi\u00e1ria vai ser transformada, principalmente na organiza\u00e7\u00e3o. N\u00f3s n\u00e3o vamos ter mais aquela situa\u00e7\u00e3o sem condi\u00e7\u00f5es de transitar. Os usu\u00e1rios que utilizam o transporte merecem uma rodovi\u00e1ria acolhedora, limpa, organizada, que eles se sintam seguros, n\u00e3o o estado que a gente v\u00ea nos \u00faltimos anos\u201d, apontou, acrescentando que n\u00e3o haver\u00e1 repasse de custos aos passageiros: \u201cA tarifa continua congelada at\u00e9 o final de 2026 e, agora, com gratuidade aos domingos e feriados\u201d.<\/p>\n<p>Essas melhorias visuais contribuem para uma maior sensa\u00e7\u00e3o de seguran\u00e7a. A teoria norte-americana das janelas quebradas diz que o ambiente tem uma influ\u00eancia no cometimento e na preven\u00e7\u00e3o de um crime. Se voc\u00ea tem um pr\u00e9dio com uma janela quebrada e n\u00e3o a conserta, a tend\u00eancia \u00e9 que as pessoas quebrem as outras janelas e criem um ambiente de desordem. Quando se recupera um espa\u00e7o cuida-se dele, a tend\u00eancia \u00e9 que o ambiente fique mais controlado e agrad\u00e1vel.<\/p>\n<p>\u201cUma rodovi\u00e1ria bem zelada, bem cuidada, vai trazer a chamada sensa\u00e7\u00e3o de seguran\u00e7a, porque, sem d\u00favida nenhuma se aplica assim. Os princ\u00edpios que dizem respeito a esse tipo de seguran\u00e7a, que \u00e9 importante isso, porque a seguran\u00e7a a partir do ambiente bem cuidado, ambiente iluminado, ambiente bem zelado, ambiente livre tamb\u00e9m \u00e9 seguran\u00e7a\u201d, explica o secret\u00e1rio de Seguran\u00e7a P\u00fablica, Sandro Avelar.<\/p>\n<p>A Rodovi\u00e1ria do Plano Piloto \u00e9 o primeiro empreendimento que a RZK Concess\u00f5es assume fora do estado de S\u00e3o Paulo. Na capital paulista, o grupo \u00e9 respons\u00e1vel pela administra\u00e7\u00e3o e zeladoria de 13 terminais de \u00f4nibus interligados \u00e0s esta\u00e7\u00f5es de Metr\u00f4, al\u00e9m da explora\u00e7\u00e3o comercial de esta\u00e7\u00f5es das linhas 1 Azul, 2 Verde e esta\u00e7\u00f5es de trem da Companhia Paulista de Trens Metropolitanos (CPTM), totalizando 85 equipamentos p\u00fablicos por onde passam diariamente cerca de 5 milh\u00f5es de pessoas.<\/p>\n<p>\u00c0 frente do Cons\u00f3rcio Catedral, Enrico Capecci ressaltou a experi\u00eancia da empresa nesse tipo de empreendimento: \u201cTemos alguns contratos de concess\u00e3o l\u00e1 na cidade de S\u00e3o Paulo e a expectativa \u00e9 grande agora para poder desempenhar um trabalho aqui \u00e0 altura do anseio dos usu\u00e1rios\u201d.<\/p>\n<p>Propriet\u00e1rio da Pastelaria Vi\u00e7osa, Saul Gomes emprega 197 funcion\u00e1rios e afirma que a concess\u00e3o da Rodovi\u00e1ria \u00e9 um sonho antigo.<\/p>\n<p>\u201cN\u00f3s estamos aqui desde 1960. Toda vida que entra um governo, voc\u00ea fica em d\u00favida se continua ou n\u00e3o. Agora, com essa nova concess\u00e3o, o que acontece? Voc\u00ea tem a oportunidade de poder negociar com o gestor. E a\u00ed te garante uma perman\u00eancia mais tranquila, porque o gestor vai ser o mesmo durante 20 anos e voc\u00ea pode negociar com ele. Esse governo atual, do Ibaneis Rocha, teve coragem de transmitir o ponto para a iniciativa privada. \u00c9 um grande sonho que n\u00f3s estamos aqui agora concretizando\u201d, comemorou.<\/p>\n<p><strong>Hist\u00f3rico<\/strong><br \/>\nA concess\u00e3o foi aprovada pela lei distrital n\u00ba 7.358\/2023. Al\u00e9m do crivo da C\u00e2mara Legislativa do DF (CLDF), o processo recebeu o aval do Tribunal de Contas do Distrito Federal (TCDF), do Instituto do Patrim\u00f4nio Hist\u00f3rico e Art\u00edstico Nacional (Iphan) e do Conselho de Planejamento Territorial e Urbano do Distrito Federal (Conplan). Houve tamb\u00e9m um per\u00edodo de consulta e de audi\u00eancia p\u00fablica em que a Secretaria de Transporte e Mobilidade (Semob-DF) recebeu diversas contribui\u00e7\u00f5es, todas analisadas para aprimoramento do projeto.<\/p>\n<p>O GDF assegura que n\u00e3o haver\u00e1 aumento da tarifa paga pelo cidad\u00e3o no sistema de transporte p\u00fablico. J\u00e1 os permission\u00e1rios ter\u00e3o prefer\u00eancia de permanecer com suas lojas e neg\u00f3cios. Ao longo desta semana, inclusive, uma unidade de atendimento m\u00f3vel do Servi\u00e7o Brasileiro de Apoio \u00e0s Micro e Pequenas Empresas (Sebrae-DF) tem oferecido gratuitamente orienta\u00e7\u00f5es e servi\u00e7os aos micro e pequenos empreendedores. O tr\u00e2nsito das pessoas pelo local tamb\u00e9m permanecer\u00e1 inalterado, sem qualquer tipo de cercamento.<\/p>\n<p><strong>Confira alguns dos prazos<\/strong><br \/>\n\u2013 Transfer\u00eancia operacional: Tem in\u00edcio \u00e0 0h de s\u00e1bado (22), com planejamento conjunto entre a concession\u00e1ria e o GDF para a mudan\u00e7a de gest\u00e3o e deve durar 90 dias;<\/p>\n<p>\u2013 Recupera\u00e7\u00e3o estrutural: Obras de recupera\u00e7\u00e3o devem ser executadas e conclu\u00eddas em at\u00e9 51 meses (considerando os 90 dias de transfer\u00eancia operacional);<\/p>\n<p>\u2013 Moderniza\u00e7\u00e3o do complexo: O processo de moderniza\u00e7\u00e3o da rodovi\u00e1ria ter\u00e1 prazo de at\u00e9 72 meses para ser finalizado;<\/p>\n<p>\u2013 Requalifica\u00e7\u00e3o das edifica\u00e7\u00f5es existentes: Ser\u00e1 realizada em at\u00e9 48 meses;<\/p>\n<p>\u2013 Implanta\u00e7\u00e3o dos sistemas operacionais: Devem ser implantados e entregues em at\u00e9 48 meses;<\/p>\n<p>\u2013 Servi\u00e7os operacionais e de manuten\u00e7\u00e3o: Implementa\u00e7\u00e3o imediata dos servi\u00e7os de opera\u00e7\u00e3o, manuten\u00e7\u00e3o e conserva\u00e7\u00e3o assim que a gest\u00e3o for assumida, garantindo atendimento cont\u00ednuo aos usu\u00e1rios.<\/p>\n","protected":false},"excerpt":{"rendered":"<p>A transfer\u00eancia operacional da Rodovi\u00e1ria do Plano Piloto para o Cons\u00f3rcio Catedral, liderado pela RZK Empreendimentos Imobili\u00e1rios Ltda., come\u00e7ou na madrugada deste s\u00e1bado (22), com a assinatura da Ordem de In\u00edcio pelo governador Ibaneis Rocha. Nos pr\u00f3ximos 90 dias, a gest\u00e3o da rodovi\u00e1ria ser\u00e1 compartilhada entre a Secretaria de Transporte e Mobilidade (Semob) e o [&hellip;]<\/p>\n","protected":false},"author":2,"featured_media":348610,"comment_status":"closed","ping_status":"closed","sticky":false,"template":"","format":"standard","meta":{"_acf_changed":false,"footnotes":""},"categories":[161],"tags":[],"class_list":["post-348609","post","type-post","status-publish","format-standard","has-post-thumbnail","hentry","category-quadradinho-em-foco"],"acf":[],"_links":{"self":[{"href":"https:\/\/www.notibras.com\/site\/wp-json\/wp\/v2\/posts\/348609","targetHints":{"allow":["GET"]}}],"collection":[{"href":"https:\/\/www.notibras.com\/site\/wp-json\/wp\/v2\/posts"}],"about":[{"href":"https:\/\/www.notibras.com\/site\/wp-json\/wp\/v2\/types\/post"}],"author":[{"embeddable":true,"href":"https:\/\/www.notibras.com\/site\/wp-json\/wp\/v2\/users\/2"}],"replies":[{"embeddable":true,"href":"https:\/\/www.notibras.com\/site\/wp-json\/wp\/v2\/comments?post=348609"}],"version-history":[{"count":2,"href":"https:\/\/www.notibras.com\/site\/wp-json\/wp\/v2\/posts\/348609\/revisions"}],"predecessor-version":[{"id":348613,"href":"https:\/\/www.notibras.com\/site\/wp-json\/wp\/v2\/posts\/348609\/revisions\/348613"}],"wp:featuredmedia":[{"embeddable":true,"href":"https:\/\/www.notibras.com\/site\/wp-json\/wp\/v2\/media\/348610"}],"wp:attachment":[{"href":"https:\/\/www.notibras.com\/site\/wp-json\/wp\/v2\/media?parent=348609"}],"wp:term":[{"taxonomy":"category","embeddable":true,"href":"https:\/\/www.notibras.com\/site\/wp-json\/wp\/v2\/categories?post=348609"},{"taxonomy":"post_tag","embeddable":true,"href":"https:\/\/www.notibras.com\/site\/wp-json\/wp\/v2\/tags?post=348609"}],"curies":[{"name":"wp","href":"https:\/\/api.w.org\/{rel}","templated":true}]}}