{"id":348614,"date":"2025-02-22T00:00:55","date_gmt":"2025-02-22T03:00:55","guid":{"rendered":"https:\/\/www.notibras.com\/site\/?p=348614"},"modified":"2025-02-22T08:57:29","modified_gmt":"2025-02-22T11:57:29","slug":"definidas-regras-para-a-5a-conferencia-distrital-do-meio-ambiente","status":"publish","type":"post","link":"https:\/\/www.notibras.com\/site\/definidas-regras-para-a-5a-conferencia-distrital-do-meio-ambiente\/","title":{"rendered":"Definidas regras para a 5\u00aa Confer\u00eancia Distrital do Meio Ambiente"},"content":{"rendered":"<p>A Comiss\u00e3o Organizadora da 5\u00aa Confer\u00eancia Distrital do Meio Ambiente (5\u00aa CDMA) publicou uma resolu\u00e7\u00e3o estabelecendo crit\u00e9rios para resolver casos omissos e controversos na condu\u00e7\u00e3o do evento. O principal objetivo \u00e9 garantir a inclus\u00e3o e participa\u00e7\u00e3o de grupos vulnerabilizados, como povos e comunidades tradicionais, pessoas com defici\u00eancia e catadores de materiais recicl\u00e1veis, permitindo a inscri\u00e7\u00e3o at\u00e9 o primeiro dia da confer\u00eancia.<\/p>\n<p>A elei\u00e7\u00e3o das pessoas delegadas para representar o Distrito Federal na 5\u00aa CNMA seguir\u00e1 regras espec\u00edficas. Ser\u00e3o escolhidos 30 titulares e 30 suplentes de maneira parit\u00e1ria, priorizando a diversidade social e garantindo representatividade conforme o Regulamento Unificado. Al\u00e9m disso, delegados eleitos em confer\u00eancias regionais ter\u00e3o direito a voz e voto no evento.<\/p>\n<p>\u201cEsta confer\u00eancia \u00e9 uma plataforma para que todos possam contribuir para a defini\u00e7\u00e3o das nossas pol\u00edticas ambientais. Assegurar que cada voz seja ouvida \u00e9 fundamental para construirmos juntos um futuro mais verde e justo para nossa regi\u00e3o\u201d, ressalta a vice-governadora do DF, Celina Le\u00e3o.<\/p>\n<p>\u201cO compromisso da 5\u00aa CDMA \u00e9 garantir que todas as vozes sejam ouvidas, especialmente as dos grupos historicamente vulner\u00e1veis. Com essa resolu\u00e7\u00e3o, asseguramos um processo mais inclusivo e democr\u00e1tico, fortalecendo a representatividade na Confer\u00eancia Nacional e na constru\u00e7\u00e3o das pol\u00edticas ambientais do Distrito Federal\u201d, afirma Gutemberg Gomes, Secret\u00e1rio de Meio Ambiente do DF<\/p>\n<p>Outra medida aprovada \u00e9 a possibilidade de ampliar o status de delegado nato para membros da comunidade acad\u00eamica, sociedade civil e servidores p\u00fablicos que contribuam para os debates dos cinco eixos tem\u00e1ticos. Essa inclus\u00e3o depender\u00e1 de vota\u00e7\u00e3o em plen\u00e1ria final, garantindo maior diversidade de participantes nas discuss\u00f5es.<\/p>\n<p>O processo de vota\u00e7\u00e3o tamb\u00e9m foi regulamentado, estabelecendo a distin\u00e7\u00e3o de cores nas credenciais para identifica\u00e7\u00e3o dos participantes e delegados homologados. As propostas discutidas nos grupos tem\u00e1ticos seguir\u00e3o um fluxo organizado, sendo submetidas \u00e0 aprova\u00e7\u00e3o na plen\u00e1ria final por maioria simples, com um limite de at\u00e9 20 propostas selecionadas.<\/p>\n<p>A resolu\u00e7\u00e3o ainda determina a estrutura do evento, detalhando desde o credenciamento at\u00e9 a organiza\u00e7\u00e3o das plen\u00e1rias e grupos de trabalho. A elei\u00e7\u00e3o dos delegados seguir\u00e1 regras de tempo para apresenta\u00e7\u00e3o e vota\u00e7\u00e3o transparente. Com essas medidas, a 5\u00aa CDMA busca garantir um processo democr\u00e1tico e inclusivo para definir as pol\u00edticas ambientais do Distrito Federal.<\/p>\n<p><strong>Servi\u00e7o<\/strong><\/p>\n<p><strong>Data: 22 e 23 de fevereiro de 2025<\/strong><br \/>\n<strong>Hor\u00e1rio: das 8h \u00e0s 18h<\/strong><br \/>\n<strong>Local: Unidade-Escola de Forma\u00e7\u00e3o Continuada dos Profissionais da Educa\u00e7\u00e3o (Eape)<\/strong><br \/>\n<strong>Endere\u00e7o: SGAS 907, Conjunto A<\/strong><\/p>\n","protected":false},"excerpt":{"rendered":"<p>A Comiss\u00e3o Organizadora da 5\u00aa Confer\u00eancia Distrital do Meio Ambiente (5\u00aa CDMA) publicou uma resolu\u00e7\u00e3o estabelecendo crit\u00e9rios para resolver casos omissos e controversos na condu\u00e7\u00e3o do evento. O principal objetivo \u00e9 garantir a inclus\u00e3o e participa\u00e7\u00e3o de grupos vulnerabilizados, como povos e comunidades tradicionais, pessoas com defici\u00eancia e catadores de materiais recicl\u00e1veis, permitindo a inscri\u00e7\u00e3o [&hellip;]<\/p>\n","protected":false},"author":2,"featured_media":348615,"comment_status":"closed","ping_status":"closed","sticky":false,"template":"","format":"standard","meta":{"_acf_changed":false,"footnotes":""},"categories":[161],"tags":[],"class_list":["post-348614","post","type-post","status-publish","format-standard","has-post-thumbnail","hentry","category-quadradinho-em-foco"],"acf":[],"_links":{"self":[{"href":"https:\/\/www.notibras.com\/site\/wp-json\/wp\/v2\/posts\/348614","targetHints":{"allow":["GET"]}}],"collection":[{"href":"https:\/\/www.notibras.com\/site\/wp-json\/wp\/v2\/posts"}],"about":[{"href":"https:\/\/www.notibras.com\/site\/wp-json\/wp\/v2\/types\/post"}],"author":[{"embeddable":true,"href":"https:\/\/www.notibras.com\/site\/wp-json\/wp\/v2\/users\/2"}],"replies":[{"embeddable":true,"href":"https:\/\/www.notibras.com\/site\/wp-json\/wp\/v2\/comments?post=348614"}],"version-history":[{"count":1,"href":"https:\/\/www.notibras.com\/site\/wp-json\/wp\/v2\/posts\/348614\/revisions"}],"predecessor-version":[{"id":348616,"href":"https:\/\/www.notibras.com\/site\/wp-json\/wp\/v2\/posts\/348614\/revisions\/348616"}],"wp:featuredmedia":[{"embeddable":true,"href":"https:\/\/www.notibras.com\/site\/wp-json\/wp\/v2\/media\/348615"}],"wp:attachment":[{"href":"https:\/\/www.notibras.com\/site\/wp-json\/wp\/v2\/media?parent=348614"}],"wp:term":[{"taxonomy":"category","embeddable":true,"href":"https:\/\/www.notibras.com\/site\/wp-json\/wp\/v2\/categories?post=348614"},{"taxonomy":"post_tag","embeddable":true,"href":"https:\/\/www.notibras.com\/site\/wp-json\/wp\/v2\/tags?post=348614"}],"curies":[{"name":"wp","href":"https:\/\/api.w.org\/{rel}","templated":true}]}}