{"id":348617,"date":"2025-02-22T00:00:24","date_gmt":"2025-02-22T03:00:24","guid":{"rendered":"https:\/\/www.notibras.com\/site\/?p=348617"},"modified":"2025-02-22T09:01:52","modified_gmt":"2025-02-22T12:01:52","slug":"pre-carnaval-tera-reforco-no-transporte-coletivo","status":"publish","type":"post","link":"https:\/\/www.notibras.com\/site\/pre-carnaval-tera-reforco-no-transporte-coletivo\/","title":{"rendered":"Pr\u00e9-Carnaval ter\u00e1 refor\u00e7o no transporte coletivo"},"content":{"rendered":"<p>Os eventos de pr\u00e9-carnaval deste s\u00e1bado (22) e domingo (23), para os quais h\u00e1 a expectativa de cerca de 70 mil pessoas em seis blocos carnavalescos do Distrito Federal, v\u00e3o contar com refor\u00e7o no transporte coletivo. Para atender aos deslocamentos da popula\u00e7\u00e3o, a Secretaria de Transporte e Mobilidade (Semob-DF) determinou mais viagens nas linhas de \u00f4nibus do transporte p\u00fablico coletivo da capital.<\/p>\n<p>As empresas de transporte dever\u00e3o estar preparadas para disponibilizar uma frota suficiente para atender \u00e0 dispers\u00e3o do p\u00fablico. As viagens extras ser\u00e3o mantidas pelo menos at\u00e9 duas horas ap\u00f3s o encerramento dos eventos dos blocos.<\/p>\n<p>A Semob-DF informou \u00e0s concession\u00e1rias sobre a possibilidade de o p\u00fablico ser ainda maior do que o estimado pelos organizadores dos eventos, o que requer aten\u00e7\u00e3o redobrada das operadoras de transporte.<\/p>\n<p>\u201cCom o refor\u00e7o de viagens, queremos garantir que todos possam aproveitar as festividades com tranquilidade e tenham transporte dispon\u00edvel para voltar para casa em seguran\u00e7a na volta\u201d, explica o secret\u00e1rio de Transporte e Mobilidade do DF, Zeno Gon\u00e7alves. Ele ressaltou ainda a import\u00e2ncia de os foli\u00f5es planejarem os deslocamentos com anteced\u00eancia, al\u00e9m de utilizarem o transporte coletivo de forma consciente, preservando a integridade dos \u00f4nibus e de todos os passageiros.<\/p>\n<p><strong>Eventos programados<\/strong><br \/>\nOs eventos pr\u00e9-carnavalescos incluem blocos tradicionais, como o Suvaco da Asa, que sair\u00e1 neste s\u00e1bado entre as 16h e as 23h, no estacionamento do Eixo Ibero-americano, com expectativa de p\u00fablico acima de 30 mil pessoas. O Suvaquinho, que vai desfilar no mesmo endere\u00e7o entre as 10h e as 15h30, estima em at\u00e9 mil pessoas o p\u00fablico.<\/p>\n<p>Ainda no s\u00e1bado, no Setor Banc\u00e1rio Sul, o bloco Galo Cego dever\u00e1 receber at\u00e9 15 mil foli\u00f5es, das 16h \u00e0s 22h. O Carnaval Urgente, por sua vez, espera reunir cerca de 5.100 pessoas das 21h de s\u00e1bado \u00e0s 4h de domingo.<\/p>\n<p>No domingo, entre as 13h e as 21h, o Maria Vai com as Outras vai movimentar cerca de 6 mil pessoas no Parque da Cidade (estacionamento 11). J\u00e1 o Carnaval do Man\u00e9 espera mais de 10 mil foli\u00f5es, das 16h \u00e0s 4h, na Arena BRB\/Est\u00e1dio Nacional.<\/p>\n","protected":false},"excerpt":{"rendered":"<p>Os eventos de pr\u00e9-carnaval deste s\u00e1bado (22) e domingo (23), para os quais h\u00e1 a expectativa de cerca de 70 mil pessoas em seis blocos carnavalescos do Distrito Federal, v\u00e3o contar com refor\u00e7o no transporte coletivo. Para atender aos deslocamentos da popula\u00e7\u00e3o, a Secretaria de Transporte e Mobilidade (Semob-DF) determinou mais viagens nas linhas de [&hellip;]<\/p>\n","protected":false},"author":2,"featured_media":348618,"comment_status":"closed","ping_status":"closed","sticky":false,"template":"","format":"standard","meta":{"_acf_changed":false,"footnotes":""},"categories":[161],"tags":[],"class_list":["post-348617","post","type-post","status-publish","format-standard","has-post-thumbnail","hentry","category-quadradinho-em-foco"],"acf":[],"_links":{"self":[{"href":"https:\/\/www.notibras.com\/site\/wp-json\/wp\/v2\/posts\/348617","targetHints":{"allow":["GET"]}}],"collection":[{"href":"https:\/\/www.notibras.com\/site\/wp-json\/wp\/v2\/posts"}],"about":[{"href":"https:\/\/www.notibras.com\/site\/wp-json\/wp\/v2\/types\/post"}],"author":[{"embeddable":true,"href":"https:\/\/www.notibras.com\/site\/wp-json\/wp\/v2\/users\/2"}],"replies":[{"embeddable":true,"href":"https:\/\/www.notibras.com\/site\/wp-json\/wp\/v2\/comments?post=348617"}],"version-history":[{"count":1,"href":"https:\/\/www.notibras.com\/site\/wp-json\/wp\/v2\/posts\/348617\/revisions"}],"predecessor-version":[{"id":348619,"href":"https:\/\/www.notibras.com\/site\/wp-json\/wp\/v2\/posts\/348617\/revisions\/348619"}],"wp:featuredmedia":[{"embeddable":true,"href":"https:\/\/www.notibras.com\/site\/wp-json\/wp\/v2\/media\/348618"}],"wp:attachment":[{"href":"https:\/\/www.notibras.com\/site\/wp-json\/wp\/v2\/media?parent=348617"}],"wp:term":[{"taxonomy":"category","embeddable":true,"href":"https:\/\/www.notibras.com\/site\/wp-json\/wp\/v2\/categories?post=348617"},{"taxonomy":"post_tag","embeddable":true,"href":"https:\/\/www.notibras.com\/site\/wp-json\/wp\/v2\/tags?post=348617"}],"curies":[{"name":"wp","href":"https:\/\/api.w.org\/{rel}","templated":true}]}}