{"id":348620,"date":"2025-02-22T00:01:56","date_gmt":"2025-02-22T03:01:56","guid":{"rendered":"https:\/\/www.notibras.com\/site\/?p=348620"},"modified":"2025-02-22T09:25:19","modified_gmt":"2025-02-22T12:25:19","slug":"aguas-claras-amanhece-o-sabado-com-mudancas-no-transito","status":"publish","type":"post","link":"https:\/\/www.notibras.com\/site\/aguas-claras-amanhece-o-sabado-com-mudancas-no-transito\/","title":{"rendered":"\u00c1guas Claras amanhece o s\u00e1bado com mudan\u00e7as no tr\u00e2nsito"},"content":{"rendered":"<p>A partir deste s\u00e1bado (22), o tr\u00e2nsito em \u00c1guas Claras sofrer\u00e1 altera\u00e7\u00f5es devido \u00e0 continuidade das obras complementares da terceira sa\u00edda da cidade. A mudan\u00e7a se dar\u00e1 a partir das 10h para liberar a pista rec\u00e9m-constru\u00edda da terceira sa\u00edda da cidade, no trecho que d\u00e1 acesso \u00e0 Rua das Carna\u00fabas, contornando o estacionamento local.<\/p>\n<p>A medida foi necess\u00e1ria para permitir a execu\u00e7\u00e3o da \u00faltima etapa das obras, que est\u00e3o sendo executadas pela empresa Direcional nas imedia\u00e7\u00f5es da Avenida Parque \u00c1guas Claras.<\/p>\n<p>A interdi\u00e7\u00e3o ocorrer\u00e1 num trecho de 250 metros da Rua das Carna\u00fabas, no sentido EPTG para \u00c1guas Claras. Coordenada pelo Departamento de Estradas de Rodagem do Distrito Federal (DER-DF), a a\u00e7\u00e3o tem como objetivo garantir a seguran\u00e7a dos autom\u00f3veis e trabalhadores. A previs\u00e3o \u00e9 que a altera\u00e7\u00e3o no fluxo de ve\u00edculos facilite o tr\u00e1fego local e minimize os impactos causados pela obra.<\/p>\n<p>A popula\u00e7\u00e3o \u00e9 orientada a seguir as sinaliza\u00e7\u00f5es e redobrar a aten\u00e7\u00e3o ao trafegar pela regi\u00e3o. A expectativa \u00e9 que, com a conclus\u00e3o das obras, o tr\u00e2nsito na \u00e1rea seja melhorado, beneficiando assim milhares de motoristas que utilizam diariamente a via.<\/p>\n","protected":false},"excerpt":{"rendered":"<p>A partir deste s\u00e1bado (22), o tr\u00e2nsito em \u00c1guas Claras sofrer\u00e1 altera\u00e7\u00f5es devido \u00e0 continuidade das obras complementares da terceira sa\u00edda da cidade. A mudan\u00e7a se dar\u00e1 a partir das 10h para liberar a pista rec\u00e9m-constru\u00edda da terceira sa\u00edda da cidade, no trecho que d\u00e1 acesso \u00e0 Rua das Carna\u00fabas, contornando o estacionamento local. A [&hellip;]<\/p>\n","protected":false},"author":2,"featured_media":348621,"comment_status":"closed","ping_status":"closed","sticky":false,"template":"","format":"standard","meta":{"_acf_changed":false,"footnotes":""},"categories":[161],"tags":[],"class_list":["post-348620","post","type-post","status-publish","format-standard","has-post-thumbnail","hentry","category-quadradinho-em-foco"],"acf":[],"_links":{"self":[{"href":"https:\/\/www.notibras.com\/site\/wp-json\/wp\/v2\/posts\/348620","targetHints":{"allow":["GET"]}}],"collection":[{"href":"https:\/\/www.notibras.com\/site\/wp-json\/wp\/v2\/posts"}],"about":[{"href":"https:\/\/www.notibras.com\/site\/wp-json\/wp\/v2\/types\/post"}],"author":[{"embeddable":true,"href":"https:\/\/www.notibras.com\/site\/wp-json\/wp\/v2\/users\/2"}],"replies":[{"embeddable":true,"href":"https:\/\/www.notibras.com\/site\/wp-json\/wp\/v2\/comments?post=348620"}],"version-history":[{"count":1,"href":"https:\/\/www.notibras.com\/site\/wp-json\/wp\/v2\/posts\/348620\/revisions"}],"predecessor-version":[{"id":348622,"href":"https:\/\/www.notibras.com\/site\/wp-json\/wp\/v2\/posts\/348620\/revisions\/348622"}],"wp:featuredmedia":[{"embeddable":true,"href":"https:\/\/www.notibras.com\/site\/wp-json\/wp\/v2\/media\/348621"}],"wp:attachment":[{"href":"https:\/\/www.notibras.com\/site\/wp-json\/wp\/v2\/media?parent=348620"}],"wp:term":[{"taxonomy":"category","embeddable":true,"href":"https:\/\/www.notibras.com\/site\/wp-json\/wp\/v2\/categories?post=348620"},{"taxonomy":"post_tag","embeddable":true,"href":"https:\/\/www.notibras.com\/site\/wp-json\/wp\/v2\/tags?post=348620"}],"curies":[{"name":"wp","href":"https:\/\/api.w.org\/{rel}","templated":true}]}}