{"id":348623,"date":"2025-02-22T12:37:19","date_gmt":"2025-02-22T15:37:19","guid":{"rendered":"https:\/\/www.notibras.com\/site\/?p=348623"},"modified":"2025-02-22T09:39:05","modified_gmt":"2025-02-22T12:39:05","slug":"o-voo-interrompido-do-menino-que-usou-na-veia-liquido-de-borboleta","status":"publish","type":"post","link":"https:\/\/www.notibras.com\/site\/o-voo-interrompido-do-menino-que-usou-na-veia-liquido-de-borboleta\/","title":{"rendered":"O voo interrompido do menino que usou na veia l\u00edquido de borboleta"},"content":{"rendered":"<p>Ningu\u00e9m sabe ao certo de onde ele tirou a ideia. Talvez um v\u00eddeo perdido na internet, um coment\u00e1rio em um f\u00f3rum obscuro, uma conversa entre amigos tentando decifrar os segredos da natureza. O fato \u00e9 que, naquela tarde abafada do interior da Bahia, um adolescente acreditou que poderia voar. N\u00e3o com asas, mas com o pr\u00f3prio sangue. E, para isso, injetou um l\u00edquido extra\u00eddo de borboletas.<\/p>\n<p>N\u00e3o demorou para que o experimento se transformasse em trag\u00e9dia. O corpo n\u00e3o entendeu aquela invas\u00e3o ins\u00f3lita, reagiu com febre, del\u00edrios, uma corrida desesperada ao hospital. Os m\u00e9dicos tentaram salvar o menino, mas n\u00e3o havia protocolo para algo t\u00e3o improv\u00e1vel. O organismo sucumbiu. A not\u00edcia se espalhou rapidamente, misturando perplexidade e horror. Como algu\u00e9m teve essa ideia? De onde veio a cren\u00e7a de que o fluido de um inseto poderia trazer algum tipo de benef\u00edcio?<\/p>\n<p>O caso virou manchete, alimentou debates, gerou teorias. Alguns culparam a internet, essa terra sem dono onde qualquer absurdo ganha ar de ci\u00eancia. Outros apontaram para a curiosidade juvenil, esse motor de descobertas e, \u00e0s vezes, de desastres. O que ningu\u00e9m soube responder foi o que exatamente o garoto buscava. Era um sonho de transcend\u00eancia? Um desafio ao desconhecido? Ou apenas um erro fatal nascido da ingenuidade?<\/p>\n<p>Seja como for, ali terminou o voo que nunca come\u00e7ou. A borboleta, s\u00edmbolo de transforma\u00e7\u00e3o e renascimento, virou um paradoxo cruel. E a hist\u00f3ria do menino que tentou tocar o imposs\u00edvel ficou como um alerta silencioso sobre os perigos da desinforma\u00e7\u00e3o e da sede humana por ultrapassar limites sem medir as consequ\u00eancias.<\/p>\n","protected":false},"excerpt":{"rendered":"<p>Ningu\u00e9m sabe ao certo de onde ele tirou a ideia. Talvez um v\u00eddeo perdido na internet, um coment\u00e1rio em um f\u00f3rum obscuro, uma conversa entre amigos tentando decifrar os segredos da natureza. O fato \u00e9 que, naquela tarde abafada do interior da Bahia, um adolescente acreditou que poderia voar. N\u00e3o com asas, mas com o [&hellip;]<\/p>\n","protected":false},"author":2,"featured_media":348624,"comment_status":"closed","ping_status":"closed","sticky":false,"template":"","format":"standard","meta":{"_acf_changed":false,"footnotes":""},"categories":[165],"tags":[95],"class_list":["post-348623","post","type-post","status-publish","format-standard","has-post-thumbnail","hentry","category-nordeste","tag-capa"],"acf":[],"_links":{"self":[{"href":"https:\/\/www.notibras.com\/site\/wp-json\/wp\/v2\/posts\/348623","targetHints":{"allow":["GET"]}}],"collection":[{"href":"https:\/\/www.notibras.com\/site\/wp-json\/wp\/v2\/posts"}],"about":[{"href":"https:\/\/www.notibras.com\/site\/wp-json\/wp\/v2\/types\/post"}],"author":[{"embeddable":true,"href":"https:\/\/www.notibras.com\/site\/wp-json\/wp\/v2\/users\/2"}],"replies":[{"embeddable":true,"href":"https:\/\/www.notibras.com\/site\/wp-json\/wp\/v2\/comments?post=348623"}],"version-history":[{"count":2,"href":"https:\/\/www.notibras.com\/site\/wp-json\/wp\/v2\/posts\/348623\/revisions"}],"predecessor-version":[{"id":348626,"href":"https:\/\/www.notibras.com\/site\/wp-json\/wp\/v2\/posts\/348623\/revisions\/348626"}],"wp:featuredmedia":[{"embeddable":true,"href":"https:\/\/www.notibras.com\/site\/wp-json\/wp\/v2\/media\/348624"}],"wp:attachment":[{"href":"https:\/\/www.notibras.com\/site\/wp-json\/wp\/v2\/media?parent=348623"}],"wp:term":[{"taxonomy":"category","embeddable":true,"href":"https:\/\/www.notibras.com\/site\/wp-json\/wp\/v2\/categories?post=348623"},{"taxonomy":"post_tag","embeddable":true,"href":"https:\/\/www.notibras.com\/site\/wp-json\/wp\/v2\/tags?post=348623"}],"curies":[{"name":"wp","href":"https:\/\/api.w.org\/{rel}","templated":true}]}}