{"id":348656,"date":"2025-02-23T08:41:45","date_gmt":"2025-02-23T11:41:45","guid":{"rendered":"https:\/\/www.notibras.com\/site\/?p=348656"},"modified":"2025-02-23T08:43:15","modified_gmt":"2025-02-23T11:43:15","slug":"saude-vai-ampliar-servicos-de-castramovel-nos-municipios-paraibanos","status":"publish","type":"post","link":"https:\/\/www.notibras.com\/site\/saude-vai-ampliar-servicos-de-castramovel-nos-municipios-paraibanos\/","title":{"rendered":"Sa\u00fade vai ampliar servi\u00e7os de castram\u00f3vel nos munic\u00edpios paraibanos"},"content":{"rendered":"<p>A Ger\u00eancia Operacional de Pol\u00edticas da Causa Animal, da Secretaria de Estado da Sa\u00fade do governo da Para\u00edba, pretende, ainda neste primeiro semestre, ampliar o atendimento do castram\u00f3vel em todas as regi\u00f5es do estado por meio da realiza\u00e7\u00e3o de &#8220;feiras itinerantes&#8221; de atendimento nos munic\u00edpios. A terceiriza\u00e7\u00e3o dos servi\u00e7os com aquisi\u00e7\u00e3o de novos castram\u00f3veis foi um dos temas da reuni\u00e3o administrativa entre a gerente de Pol\u00edticas da Causa Animal, Fab\u00edola Rezende, e o secret\u00e1rio de estado da Sa\u00fade, Ari Reis.<\/p>\n<p>&#8220;Essas &#8216;feiras itinerantes&#8217; de atendimento gratuito voltado \u00e0 popula\u00e7\u00e3o dos munic\u00edpios paraibanos visam o controle populacional de animais dom\u00e9sticos e oferecer assist\u00eancia m\u00e9dico-veterin\u00e1ria&#8221;, informa o secret\u00e1rio Ari Reis, explicando que o servi\u00e7o itinerante contar\u00e1, entre outras a\u00e7\u00f5es, com consultas, vacina\u00e7\u00e3o antirr\u00e1bica, castra\u00e7\u00e3o e exames preparat\u00f3rios para a castra\u00e7\u00e3o.<\/p>\n<p>De acordo com o secret\u00e1rio, a possibilidade de terceiriza\u00e7\u00e3o desses servi\u00e7os, principalmente o de castra\u00e7\u00e3o de c\u00e3es e gatos, j\u00e1 est\u00e1 em estudos e ainda neste primeiro semestre poder\u00e1 ocorrer um edital para a contrata\u00e7\u00e3o de uma empresa especializada, como j\u00e1 acontece no estado do Cear\u00e1. &#8220;Com a terceiriza\u00e7\u00e3o, al\u00e9m de baratearmos os custos e ampliar os servi\u00e7os, o trabalho da Ger\u00eancia da Causa Animal ficar\u00e1 mais racional e focado nas atividades dessa pol\u00edtica p\u00fablica desenvolvida pelo estado&#8221;.<\/p>\n<p>Atualmente, o Programa Para\u00edba Pet conta com dois castram\u00f3veis sediados em Jo\u00e3o Pessoa e em Campina Grande. Com a terceiriza\u00e7\u00e3o, outros tr\u00eas novos castram\u00f3veis ficariam circulando em todas as regi\u00f5es do estado, com a realiza\u00e7\u00e3o das &#8220;feiras itinerantes&#8221; nos munic\u00edpios. &#8220;As prefeituras t\u00eam se cadastrado para os nossos servi\u00e7os e a prioridade dos munic\u00edpios tem sido a presen\u00e7a do castram\u00f3vel&#8221;, revela o secret\u00e1rio. &#8220;Com a terceiriza\u00e7\u00e3o, poderemos atender melhor essas demandas&#8221;.<\/p>\n<p>&#8220;E esses castram\u00f3veis itinerantes poder\u00e3o estar em tr\u00eas lugares diferentes ao mesmo tempo. E os outros dois j\u00e1 existentes continuariam atendendo as regi\u00f5es polarizadas por Jo\u00e3o Pessoa e Campina Grande&#8221;, completa a gerente Fab\u00edola Rezende, acrescentando que a empresa que estiver \u00e0 frente da terceiriza\u00e7\u00e3o ficar\u00e1 respons\u00e1vel em adquirir e equipar os castram\u00f3veis, al\u00e9m de montar os consult\u00f3rios e tablados para palestras educativas nas chamadas &#8220;feiras itinerantes&#8221;. &#8220;E sempre \u00e9 bom ressaltar que a pol\u00edtica e a\u00e7\u00f5es voltadas \u00e0 causa animal \u00e9 responsabilidade dos munic\u00edpios. Hoje, o governo da Para\u00edba abra\u00e7a a causa e d\u00e1 um suporte aos munic\u00edpios, num trabalho de parceria&#8221;, enfatiza Fab\u00edola.<\/p>\n<p>O Para\u00edba Pet \u00e9 um programa com o objetivo de promover os direitos, o bem-estar e a melhoria da qualidade de vida dos animais, al\u00e9m de formar uma sociedade mais consciente e respons\u00e1vel em rela\u00e7\u00e3o aos cuidados e prote\u00e7\u00e3o, bem como garantir acesso aos servi\u00e7os veterin\u00e1rios essenciais, com foco na castra\u00e7\u00e3o, nas a\u00e7\u00f5es de educa\u00e7\u00e3o em sa\u00fade, na vacina\u00e7\u00e3o (ofertada pelo SUS) e no tratamento de doen\u00e7as. A iniciativa tamb\u00e9m firma parcerias com os munic\u00edpios para custear castra\u00e7\u00f5es de c\u00e3es e gatos em espa\u00e7os cedidos pelas prefeituras ou em cl\u00ednicas conveniadas com o Poder Executivo municipal.<\/p>\n","protected":false},"excerpt":{"rendered":"<p>A Ger\u00eancia Operacional de Pol\u00edticas da Causa Animal, da Secretaria de Estado da Sa\u00fade do governo da Para\u00edba, pretende, ainda neste primeiro semestre, ampliar o atendimento do castram\u00f3vel em todas as regi\u00f5es do estado por meio da realiza\u00e7\u00e3o de &#8220;feiras itinerantes&#8221; de atendimento nos munic\u00edpios. A terceiriza\u00e7\u00e3o dos servi\u00e7os com aquisi\u00e7\u00e3o de novos castram\u00f3veis foi [&hellip;]<\/p>\n","protected":false},"author":2,"featured_media":348657,"comment_status":"closed","ping_status":"closed","sticky":false,"template":"","format":"standard","meta":{"_acf_changed":false,"footnotes":""},"categories":[165],"tags":[],"class_list":["post-348656","post","type-post","status-publish","format-standard","has-post-thumbnail","hentry","category-nordeste"],"acf":[],"_links":{"self":[{"href":"https:\/\/www.notibras.com\/site\/wp-json\/wp\/v2\/posts\/348656","targetHints":{"allow":["GET"]}}],"collection":[{"href":"https:\/\/www.notibras.com\/site\/wp-json\/wp\/v2\/posts"}],"about":[{"href":"https:\/\/www.notibras.com\/site\/wp-json\/wp\/v2\/types\/post"}],"author":[{"embeddable":true,"href":"https:\/\/www.notibras.com\/site\/wp-json\/wp\/v2\/users\/2"}],"replies":[{"embeddable":true,"href":"https:\/\/www.notibras.com\/site\/wp-json\/wp\/v2\/comments?post=348656"}],"version-history":[{"count":3,"href":"https:\/\/www.notibras.com\/site\/wp-json\/wp\/v2\/posts\/348656\/revisions"}],"predecessor-version":[{"id":348660,"href":"https:\/\/www.notibras.com\/site\/wp-json\/wp\/v2\/posts\/348656\/revisions\/348660"}],"wp:featuredmedia":[{"embeddable":true,"href":"https:\/\/www.notibras.com\/site\/wp-json\/wp\/v2\/media\/348657"}],"wp:attachment":[{"href":"https:\/\/www.notibras.com\/site\/wp-json\/wp\/v2\/media?parent=348656"}],"wp:term":[{"taxonomy":"category","embeddable":true,"href":"https:\/\/www.notibras.com\/site\/wp-json\/wp\/v2\/categories?post=348656"},{"taxonomy":"post_tag","embeddable":true,"href":"https:\/\/www.notibras.com\/site\/wp-json\/wp\/v2\/tags?post=348656"}],"curies":[{"name":"wp","href":"https:\/\/api.w.org\/{rel}","templated":true}]}}