{"id":348738,"date":"2025-02-24T03:30:04","date_gmt":"2025-02-24T06:30:04","guid":{"rendered":"https:\/\/www.notibras.com\/site\/?p=348738"},"modified":"2025-02-24T03:30:04","modified_gmt":"2025-02-24T06:30:04","slug":"blocos-de-rua-gratuitos-sao-atracao-preferida-do-foliao","status":"publish","type":"post","link":"https:\/\/www.notibras.com\/site\/blocos-de-rua-gratuitos-sao-atracao-preferida-do-foliao\/","title":{"rendered":"Blocos de rua gratuitos s\u00e3o atra\u00e7\u00e3o preferida do foli\u00e3o"},"content":{"rendered":"<p>Os blocos de carnaval gratuitos s\u00e3o a atra\u00e7\u00e3o preferida entre os brasileiros que curtem pular carnaval. Um levantamento aponta que 59% das pessoas que saem para curtir a festa popular este ano escolhem os blocos como forma de divers\u00e3o.<\/p>\n<p>A constata\u00e7\u00e3o est\u00e1 na pesquisa Os Brasileiros e o Carnaval, do Instituto Locomotiva. Foram ouvidas 1.333 pessoas com mais de 18 anos de todas as partes do pa\u00eds, entre os dias 3 e 17 de fevereiro.<\/p>\n<p>As demais atra\u00e7\u00f5es escolhidas para pular o carnaval s\u00e3o shows gratuitos (34%) e trios el\u00e9tricos gratuito (29%), enquanto 28% dos entrevistados responderam blocos de rua pagos (abad\u00e1s). Ir a desfile de escola de samba \u00e9 op\u00e7\u00e3o para 15% dos foli\u00f5es.<\/p>\n<p>O levantamento identificou que 35% dos entrevistados pretendem festejar o carnaval deste ano. A pesquisa detalha que esse percentual \u00e9 maior entre pessoas de 18 a 29 anos (43%). No grupo de 50 anos ou mais, a inten\u00e7\u00e3o de curtir a festa se reduz a 28%.<\/p>\n<p><strong>Al\u00e9m da \u201cbagun\u00e7a\u201d<\/strong><br \/>\nPara 70% dos brasileiros, o carnaval \u00e9 uma manifesta\u00e7\u00e3o cultural importante, enquanto 30% consideram que \u00e9 \u201cs\u00f3 bagun\u00e7a, n\u00e3o tendo nada a ver com cultura\u201d.<\/p>\n<p>Quando questionados se o carnaval deve ser festa democr\u00e1tica para todas as pessoas, 69% responderam que sim.<\/p>\n<p>\u201cEm um pa\u00eds com tanta desigualdade e tantos abismos entre as classes, a maioria dos brasileiros defende que o carnaval seja uma festa democr\u00e1tica e aberta a todos\u201d, aponta o presidente do Instituto Locomotiva, Renato Meirelles.<\/p>\n<p>Para 67% dos entrevistados, o per\u00edodo de festas \u00e9 uma oportunidade importante para as pessoas aproveitarem os espa\u00e7os p\u00fablicos das cidades.<\/p>\n<p><strong>Campanhas de preven\u00e7\u00e3o<\/strong><br \/>\nA pesquisa identifica que a maioria dos entrevistados acredita que a festa deve ser vivenciada com responsabilidade e concorda com a necessidade de campanhas preventivas pela seguran\u00e7a no tr\u00e2nsito e para a preven\u00e7\u00e3o de infec\u00e7\u00f5es sexualmente transmiss\u00edveis (IST).<\/p>\n<p>Quase a totalidade (96%) dos respondentes acha importante a realiza\u00e7\u00e3o de campanhas de seguran\u00e7a no tr\u00e2nsito, enquanto 95% t\u00eam a mesma opini\u00e3o em rela\u00e7\u00e3o a campanhas de preven\u00e7\u00e3o a IST.<\/p>\n<p>\u201cAlegria n\u00e3o precisa vir acompanhada de imprud\u00eancia. O brasileiro sabe disso e quer um carnaval com mais responsabilidade\u201d, avalia Meirelles.<\/p>\n","protected":false},"excerpt":{"rendered":"<p>Os blocos de carnaval gratuitos s\u00e3o a atra\u00e7\u00e3o preferida entre os brasileiros que curtem pular carnaval. Um levantamento aponta que 59% das pessoas que saem para curtir a festa popular este ano escolhem os blocos como forma de divers\u00e3o. A constata\u00e7\u00e3o est\u00e1 na pesquisa Os Brasileiros e o Carnaval, do Instituto Locomotiva. Foram ouvidas 1.333 [&hellip;]<\/p>\n","protected":false},"author":2,"featured_media":348740,"comment_status":"closed","ping_status":"closed","sticky":false,"template":"","format":"standard","meta":{"_acf_changed":false,"footnotes":""},"categories":[165],"tags":[],"class_list":["post-348738","post","type-post","status-publish","format-standard","has-post-thumbnail","hentry","category-nordeste"],"acf":[],"_links":{"self":[{"href":"https:\/\/www.notibras.com\/site\/wp-json\/wp\/v2\/posts\/348738","targetHints":{"allow":["GET"]}}],"collection":[{"href":"https:\/\/www.notibras.com\/site\/wp-json\/wp\/v2\/posts"}],"about":[{"href":"https:\/\/www.notibras.com\/site\/wp-json\/wp\/v2\/types\/post"}],"author":[{"embeddable":true,"href":"https:\/\/www.notibras.com\/site\/wp-json\/wp\/v2\/users\/2"}],"replies":[{"embeddable":true,"href":"https:\/\/www.notibras.com\/site\/wp-json\/wp\/v2\/comments?post=348738"}],"version-history":[{"count":1,"href":"https:\/\/www.notibras.com\/site\/wp-json\/wp\/v2\/posts\/348738\/revisions"}],"predecessor-version":[{"id":348741,"href":"https:\/\/www.notibras.com\/site\/wp-json\/wp\/v2\/posts\/348738\/revisions\/348741"}],"wp:featuredmedia":[{"embeddable":true,"href":"https:\/\/www.notibras.com\/site\/wp-json\/wp\/v2\/media\/348740"}],"wp:attachment":[{"href":"https:\/\/www.notibras.com\/site\/wp-json\/wp\/v2\/media?parent=348738"}],"wp:term":[{"taxonomy":"category","embeddable":true,"href":"https:\/\/www.notibras.com\/site\/wp-json\/wp\/v2\/categories?post=348738"},{"taxonomy":"post_tag","embeddable":true,"href":"https:\/\/www.notibras.com\/site\/wp-json\/wp\/v2\/tags?post=348738"}],"curies":[{"name":"wp","href":"https:\/\/api.w.org\/{rel}","templated":true}]}}