{"id":348742,"date":"2025-02-24T03:42:59","date_gmt":"2025-02-24T06:42:59","guid":{"rendered":"https:\/\/www.notibras.com\/site\/?p=348742"},"modified":"2025-02-24T03:44:12","modified_gmt":"2025-02-24T06:44:12","slug":"meu-rei-ironiza-o-foliao-pernambucano-carnaval-de-abada-e-como-uma-jaula","status":"publish","type":"post","link":"https:\/\/www.notibras.com\/site\/meu-rei-ironiza-o-foliao-pernambucano-carnaval-de-abada-e-como-uma-jaula\/","title":{"rendered":"&#8216;Meu rei&#8217;, ironiza o foli\u00e3o pernambucano, &#8216;carnaval de abad\u00e1 \u00e9 como uma jaula&#8217;"},"content":{"rendered":"<p>O sujeito atravessa o pa\u00eds, enfrenta filas, paga uma fortuna e, no final, desfila em um cercadinho de corda, suando dentro de um abad\u00e1 caro, padronizado e esquisito. Tudo isso porque disseram que essa \u00e9 a \u201cmelhor forma\u201d de curtir o Carnaval. E tudo ocorre na Bahia.<\/p>\n<p>Enquanto isso, em Pernambuco, o foli\u00e3o sai de casa de chinelo, veste a fantasia que deu na telha e encontra um bloco gratuito virando a esquina. Dan\u00e7a ao som do frevo, do maracatu, do brega e do que mais o batuque permitir, sem pulseira VIP, sem ingresso antecipado e sem medo de perder a &#8220;experi\u00eancia premium&#8221;.<\/p>\n<p>Mas tem gente que gosta de se sentir exclusivo, de pagar caro para n\u00e3o se misturar com a multid\u00e3o, como se a verdadeira alegria viesse do cart\u00e3o de cr\u00e9dito e n\u00e3o do calor humano da festa. \u00c9 o caso de Salvador.<\/p>\n<p>No fim das contas, enquanto um se liberta no meio da rua, o outro se conforma com sua \u201cfesta particular\u201d dentro da cerca. Pobre foli\u00e3o de abad\u00e1: pagou pelo Carnaval, mas n\u00e3o sabe que o verdadeiro Carnaval nunca se vendeu.<\/p>\n<p>A verdade \u00e9 que todo ano a cena se repete. O baiano orgulhoso exibe seu abad\u00e1 car\u00edssimo, pago em 12 vezes sem juros, enquanto o pernambucano ri, segurando uma latinha de cerveja e gastando exatamente zero reais para pular atr\u00e1s de um bloco.<\/p>\n<p>O sujeito l\u00e1 em Salvador desembolsa uma pequena fortuna para ser empurrado em um cercadinho de corda, como se fosse gado premium, enquanto Ivete ou Bell Marques cantam a mesma m\u00fasica de 1998. J\u00e1 em Olinda, o foli\u00e3o veste uma fantasia improvisada, dan\u00e7a frevo no p\u00e9 e, veja s\u00f3, sem precisar de pulseirinha VIP para existir.<\/p>\n<p>O baiano jura que seu Carnaval \u00e9 \u201co melhor do Brasil\u201d porque tem trio el\u00e9trico e abad\u00e1 exclusivo. Exclusivo mesmo, s\u00f3 para quem pode pagar! Enquanto isso, o pernambucano pula de bloco em bloco, sem fila, sem grade, sem gastar um centavo e ainda debocha: \u201cMeu rei, pagasse tudo isso pra dan\u00e7ar espremido, \u00e9?\u201d<\/p>\n<p>Mas tudo bem, cada um escolhe o Carnaval que merece. Uns preferem ser livres na rua, outros preferem ser VIPs na jaula.<\/p>\n","protected":false},"excerpt":{"rendered":"<p>O sujeito atravessa o pa\u00eds, enfrenta filas, paga uma fortuna e, no final, desfila em um cercadinho de corda, suando dentro de um abad\u00e1 caro, padronizado e esquisito. Tudo isso porque disseram que essa \u00e9 a \u201cmelhor forma\u201d de curtir o Carnaval. E tudo ocorre na Bahia. Enquanto isso, em Pernambuco, o foli\u00e3o sai de [&hellip;]<\/p>\n","protected":false},"author":2,"featured_media":348743,"comment_status":"closed","ping_status":"closed","sticky":false,"template":"","format":"standard","meta":{"_acf_changed":false,"footnotes":""},"categories":[165],"tags":[],"class_list":["post-348742","post","type-post","status-publish","format-standard","has-post-thumbnail","hentry","category-nordeste"],"acf":[],"_links":{"self":[{"href":"https:\/\/www.notibras.com\/site\/wp-json\/wp\/v2\/posts\/348742","targetHints":{"allow":["GET"]}}],"collection":[{"href":"https:\/\/www.notibras.com\/site\/wp-json\/wp\/v2\/posts"}],"about":[{"href":"https:\/\/www.notibras.com\/site\/wp-json\/wp\/v2\/types\/post"}],"author":[{"embeddable":true,"href":"https:\/\/www.notibras.com\/site\/wp-json\/wp\/v2\/users\/2"}],"replies":[{"embeddable":true,"href":"https:\/\/www.notibras.com\/site\/wp-json\/wp\/v2\/comments?post=348742"}],"version-history":[{"count":3,"href":"https:\/\/www.notibras.com\/site\/wp-json\/wp\/v2\/posts\/348742\/revisions"}],"predecessor-version":[{"id":348746,"href":"https:\/\/www.notibras.com\/site\/wp-json\/wp\/v2\/posts\/348742\/revisions\/348746"}],"wp:featuredmedia":[{"embeddable":true,"href":"https:\/\/www.notibras.com\/site\/wp-json\/wp\/v2\/media\/348743"}],"wp:attachment":[{"href":"https:\/\/www.notibras.com\/site\/wp-json\/wp\/v2\/media?parent=348742"}],"wp:term":[{"taxonomy":"category","embeddable":true,"href":"https:\/\/www.notibras.com\/site\/wp-json\/wp\/v2\/categories?post=348742"},{"taxonomy":"post_tag","embeddable":true,"href":"https:\/\/www.notibras.com\/site\/wp-json\/wp\/v2\/tags?post=348742"}],"curies":[{"name":"wp","href":"https:\/\/api.w.org\/{rel}","templated":true}]}}