{"id":348757,"date":"2025-02-24T00:28:10","date_gmt":"2025-02-24T03:28:10","guid":{"rendered":"https:\/\/www.notibras.com\/site\/?p=348757"},"modified":"2025-02-24T06:33:15","modified_gmt":"2025-02-24T09:33:15","slug":"acidentes-matam-quatro-e-deixam-dois-corpos-carbonizados","status":"publish","type":"post","link":"https:\/\/www.notibras.com\/site\/acidentes-matam-quatro-e-deixam-dois-corpos-carbonizados\/","title":{"rendered":"Acidentes matam quatro e deixam dois corpos carbonizados"},"content":{"rendered":"<p data-pm-slice=\"1 1 []\">No domingo (23), dois graves acidentes ocorridos na BR-010, no Maranh\u00e3o, resultaram na morte de quatro pessoas. Em um dos casos, dois corpos foram carbonizados ap\u00f3s os caminh\u00f5es envolvidos na colis\u00e3o pegarem fogo.<\/p>\n<p>O primeiro acidente aconteceu\u00a0 envolvendo um caminh\u00e3o e um ve\u00edculo de passeio. As circunst\u00e2ncias da colis\u00e3o ainda est\u00e3o sendo investigadas pelas autoridades. O impacto foi t\u00e3o forte que dois ocupantes do carro n\u00e3o resistiram aos ferimentos e morreram no local.<\/p>\n<p>Horas depois, um segundo acidente ocorreu em outro trecho da BR-010. Dois caminh\u00f5es colidiram frontalmente e, devido \u00e0 gravidade do impacto, os ve\u00edculos incendiaram-se. Dois motoristas ficaram presos \u00e0s ferragens e n\u00e3o conseguiram escapar das chamas, vindo a \u00f3bito carbonizados.<\/p>\n<p>Equipes da Pol\u00edcia Rodovi\u00e1ria Federal (PRF), do Corpo de Bombeiros e do Servi\u00e7o de Atendimento M\u00f3vel de Urg\u00eancia (SAMU) foram acionadas para atender as ocorr\u00eancias. O tr\u00e2nsito na rodovia precisou ser parcialmente interditado para o trabalho das equipes de resgate e remo\u00e7\u00e3o dos ve\u00edculos.<\/p>\n<p>As causas dos acidentes ser\u00e3o apuradas pelas autoridades competentes. Testemunhas e sobreviventes est\u00e3o sendo ouvidos para esclarecer as circunst\u00e2ncias das colis\u00f5es.<\/p>\n<p>A BR-010 \u00e9 uma das principais rodovias da regi\u00e3o, com intenso fluxo de ve\u00edculos pesados. Motoristas que trafegam pelo trecho s\u00e3o orientados a redobrar a aten\u00e7\u00e3o e respeitar os limites de velocidade para evitar novas trag\u00e9dias.<\/p>\n","protected":false},"excerpt":{"rendered":"<p>No domingo (23), dois graves acidentes ocorridos na BR-010, no Maranh\u00e3o, resultaram na morte de quatro pessoas. Em um dos casos, dois corpos foram carbonizados ap\u00f3s os caminh\u00f5es envolvidos na colis\u00e3o pegarem fogo. O primeiro acidente aconteceu\u00a0 envolvendo um caminh\u00e3o e um ve\u00edculo de passeio. As circunst\u00e2ncias da colis\u00e3o ainda est\u00e3o sendo investigadas pelas autoridades. [&hellip;]<\/p>\n","protected":false},"author":2,"featured_media":348758,"comment_status":"closed","ping_status":"closed","sticky":false,"template":"","format":"standard","meta":{"_acf_changed":false,"footnotes":""},"categories":[165],"tags":[],"class_list":["post-348757","post","type-post","status-publish","format-standard","has-post-thumbnail","hentry","category-nordeste"],"acf":[],"_links":{"self":[{"href":"https:\/\/www.notibras.com\/site\/wp-json\/wp\/v2\/posts\/348757","targetHints":{"allow":["GET"]}}],"collection":[{"href":"https:\/\/www.notibras.com\/site\/wp-json\/wp\/v2\/posts"}],"about":[{"href":"https:\/\/www.notibras.com\/site\/wp-json\/wp\/v2\/types\/post"}],"author":[{"embeddable":true,"href":"https:\/\/www.notibras.com\/site\/wp-json\/wp\/v2\/users\/2"}],"replies":[{"embeddable":true,"href":"https:\/\/www.notibras.com\/site\/wp-json\/wp\/v2\/comments?post=348757"}],"version-history":[{"count":1,"href":"https:\/\/www.notibras.com\/site\/wp-json\/wp\/v2\/posts\/348757\/revisions"}],"predecessor-version":[{"id":348759,"href":"https:\/\/www.notibras.com\/site\/wp-json\/wp\/v2\/posts\/348757\/revisions\/348759"}],"wp:featuredmedia":[{"embeddable":true,"href":"https:\/\/www.notibras.com\/site\/wp-json\/wp\/v2\/media\/348758"}],"wp:attachment":[{"href":"https:\/\/www.notibras.com\/site\/wp-json\/wp\/v2\/media?parent=348757"}],"wp:term":[{"taxonomy":"category","embeddable":true,"href":"https:\/\/www.notibras.com\/site\/wp-json\/wp\/v2\/categories?post=348757"},{"taxonomy":"post_tag","embeddable":true,"href":"https:\/\/www.notibras.com\/site\/wp-json\/wp\/v2\/tags?post=348757"}],"curies":[{"name":"wp","href":"https:\/\/api.w.org\/{rel}","templated":true}]}}