{"id":348805,"date":"2025-02-25T06:57:30","date_gmt":"2025-02-25T09:57:30","guid":{"rendered":"https:\/\/www.notibras.com\/site\/?p=348805"},"modified":"2025-02-25T06:57:30","modified_gmt":"2025-02-25T09:57:30","slug":"lula-usa-pe-de-meia-e-farmacia-popular-para-ter-de-volta-eleitor-nordestino","status":"publish","type":"post","link":"https:\/\/www.notibras.com\/site\/lula-usa-pe-de-meia-e-farmacia-popular-para-ter-de-volta-eleitor-nordestino\/","title":{"rendered":"Lula usa P\u00e9 de Meia e Farm\u00e1cia Popular para ter de volta eleitor nordestino"},"content":{"rendered":"<p>O presidente Luiz In\u00e1cio Lula da Silva parece disposto a recuperar o rebanho de eleitores que, segundo diferentes pesquisas, vem perdendo no Nordeste. Essa a interpreta\u00e7\u00e3o de analistas pol\u00edticos sobre o pronunciamento do l\u00edder petista em cadeia de r\u00e1dio e televis\u00e3o na noite de segunda, 24. O presidente falou sobre os programas sociais P\u00e9-de-Meia, voltado a estudantes do ensino m\u00e9dio, e Farm\u00e1cia Popular, que distribui rem\u00e9dios de gra\u00e7a para a popula\u00e7\u00e3o. S\u00e3o duas \u00e1reas sens\u00edveis para o povo nordestino.<\/p>\n<p>Segundo Lula, a partir desta ter\u00e7a-feira (25), o Minist\u00e9rio da Educa\u00e7\u00e3o ir\u00e1 pagar a parcela de R$ 1 mil do P\u00e9-de-Meia a estudantes que conclu\u00edram um dos tr\u00eas anos do ensino m\u00e9dio regular em escola p\u00fablica em 2024. \u201cTem direito ao valor quem passou de ano, mas quem concluiu o ensino m\u00e9dio j\u00e1 pode sacar a partir desta ter\u00e7a-feira\u201d, disse Lula, destacando que mais de 90% dos jovens que est\u00e3o no programa passaram de ano.<\/p>\n<p>\u201cEssa a\u00e7\u00e3o extraordin\u00e1ria est\u00e1 ajudando mais de 4 milh\u00f5es de jovens a permanecerem na escola, melhorando a qualidade do ensino e aumentando a renda da fam\u00edlia\u201d, sublinhou o presidente. Lula tamb\u00e9m lembrou que recentemente o governo anunciou a total gratuidade do Farm\u00e1cia Popular, com todos os 41 itens do programa, entre f\u00e1rmacos, fraldas e absorventes, sendo distribu\u00eddos de gra\u00e7a nas farm\u00e1cias credenciadas.<\/p>\n<p>\u201cQuem tem doen\u00e7as como diabetes, hipertens\u00e3o ou asma vai poder tirar a sua medica\u00e7\u00e3o numa farm\u00e1cia conveniada apenas apresentando receita m\u00e9dica e seu documento de identidade\u201d, disse o presidente, lembrando a inclus\u00e3o de fraldas geri\u00e1tricas no programa.<\/p>\n<p>\u201cDepois de dois anos de reconstru\u00e7\u00e3o de um pa\u00eds que estava destru\u00eddo, estamos trabalhando muito para trazer prosperidade para todo o Brasil, principalmente para quem mais precisa\u201d, concluiu Lula.<\/p>\n","protected":false},"excerpt":{"rendered":"<p>O presidente Luiz In\u00e1cio Lula da Silva parece disposto a recuperar o rebanho de eleitores que, segundo diferentes pesquisas, vem perdendo no Nordeste. Essa a interpreta\u00e7\u00e3o de analistas pol\u00edticos sobre o pronunciamento do l\u00edder petista em cadeia de r\u00e1dio e televis\u00e3o na noite de segunda, 24. O presidente falou sobre os programas sociais P\u00e9-de-Meia, voltado [&hellip;]<\/p>\n","protected":false},"author":2,"featured_media":348806,"comment_status":"closed","ping_status":"closed","sticky":false,"template":"","format":"standard","meta":{"_acf_changed":false,"footnotes":""},"categories":[165],"tags":[],"class_list":["post-348805","post","type-post","status-publish","format-standard","has-post-thumbnail","hentry","category-nordeste"],"acf":[],"_links":{"self":[{"href":"https:\/\/www.notibras.com\/site\/wp-json\/wp\/v2\/posts\/348805","targetHints":{"allow":["GET"]}}],"collection":[{"href":"https:\/\/www.notibras.com\/site\/wp-json\/wp\/v2\/posts"}],"about":[{"href":"https:\/\/www.notibras.com\/site\/wp-json\/wp\/v2\/types\/post"}],"author":[{"embeddable":true,"href":"https:\/\/www.notibras.com\/site\/wp-json\/wp\/v2\/users\/2"}],"replies":[{"embeddable":true,"href":"https:\/\/www.notibras.com\/site\/wp-json\/wp\/v2\/comments?post=348805"}],"version-history":[{"count":1,"href":"https:\/\/www.notibras.com\/site\/wp-json\/wp\/v2\/posts\/348805\/revisions"}],"predecessor-version":[{"id":348807,"href":"https:\/\/www.notibras.com\/site\/wp-json\/wp\/v2\/posts\/348805\/revisions\/348807"}],"wp:featuredmedia":[{"embeddable":true,"href":"https:\/\/www.notibras.com\/site\/wp-json\/wp\/v2\/media\/348806"}],"wp:attachment":[{"href":"https:\/\/www.notibras.com\/site\/wp-json\/wp\/v2\/media?parent=348805"}],"wp:term":[{"taxonomy":"category","embeddable":true,"href":"https:\/\/www.notibras.com\/site\/wp-json\/wp\/v2\/categories?post=348805"},{"taxonomy":"post_tag","embeddable":true,"href":"https:\/\/www.notibras.com\/site\/wp-json\/wp\/v2\/tags?post=348805"}],"curies":[{"name":"wp","href":"https:\/\/api.w.org\/{rel}","templated":true}]}}