{"id":348808,"date":"2025-02-25T06:05:50","date_gmt":"2025-02-25T09:05:50","guid":{"rendered":"https:\/\/www.notibras.com\/site\/?p=348808"},"modified":"2025-02-25T07:08:40","modified_gmt":"2025-02-25T10:08:40","slug":"preconceito-contra-trans-deixa-filhos-de-gandhy-fora-do-ritmo","status":"publish","type":"post","link":"https:\/\/www.notibras.com\/site\/preconceito-contra-trans-deixa-filhos-de-gandhy-fora-do-ritmo\/","title":{"rendered":"Preconceito contra trans deixa Filhos de Gandhy fora do ritmo"},"content":{"rendered":"<p>O Minist\u00e9rio P\u00fablico da Bahia iniciou uma investiga\u00e7\u00e3o para apurar uma poss\u00edvel pr\u00e1tica de transfobia pelo afox\u00e9 Filhos de Gandhy, ap\u00f3s a agremia\u00e7\u00e3o anunciar que apenas homens cisg\u00eanero poderiam participar do desfile deste ano. A decis\u00e3o, fundamentada no artigo 5\u00ba do estatuto social do bloco, gerou repercuss\u00e3o negativa nas redes sociais e cr\u00edticas de entidades LGBTQIA+.<\/p>\n<p>Em resposta \u00e0 pol\u00eamica, o Filhos de Gandhy emitiu uma nota oficial informando a retirada do termo &#8220;masculino cisg\u00eanero&#8221; do comunicado e afirmou que convocar\u00e1 uma assembleia geral para discutir poss\u00edveis altera\u00e7\u00f5es no estatuto. O caso levanta debates sobre inclus\u00e3o no Carnaval, festa tradicionalmente conhecida pela diversidade e pela liberdade de express\u00e3o.<\/p>\n<p>Diferentemente dessa situa\u00e7\u00e3o, outros blocos e agremia\u00e7\u00f5es pelo Brasil t\u00eam adotado pol\u00edticas mais inclusivas. No Carnaval de S\u00e3o Paulo e do Rio de Janeiro, por exemplo, diversas escolas de samba e blocos j\u00e1 adotam regulamentos que permitem a participa\u00e7\u00e3o de pessoas trans sem restri\u00e7\u00f5es. Blocos como o Acad\u00eamicos do Baixo Augusta, em S\u00e3o Paulo, e o Cord\u00e3o da Bola Preta, no Rio, s\u00e3o conhecidos por suas posturas inclusivas, garantindo que a festa seja um espa\u00e7o democr\u00e1tico para todos.<\/p>\n<p>Al\u00e9m disso, blocos afro tradicionais da Bahia, como o Il\u00ea Aiy\u00ea e o Mal\u00ea Debal\u00ea, historicamente pautam suas identidades em crit\u00e9rios \u00e9tnico-raciais, mas sem registros recentes de restri\u00e7\u00f5es \u00e0 participa\u00e7\u00e3o de pessoas trans. O epis\u00f3dio envolvendo os Filhos de Gandhy levanta um alerta sobre a necessidade de moderniza\u00e7\u00e3o de estatutos para acompanhar a evolu\u00e7\u00e3o social e garantir que o Carnaval continue sendo um s\u00edmbolo de diversidade e resist\u00eancia.<\/p>\n","protected":false},"excerpt":{"rendered":"<p>O Minist\u00e9rio P\u00fablico da Bahia iniciou uma investiga\u00e7\u00e3o para apurar uma poss\u00edvel pr\u00e1tica de transfobia pelo afox\u00e9 Filhos de Gandhy, ap\u00f3s a agremia\u00e7\u00e3o anunciar que apenas homens cisg\u00eanero poderiam participar do desfile deste ano. A decis\u00e3o, fundamentada no artigo 5\u00ba do estatuto social do bloco, gerou repercuss\u00e3o negativa nas redes sociais e cr\u00edticas de entidades [&hellip;]<\/p>\n","protected":false},"author":2,"featured_media":348809,"comment_status":"closed","ping_status":"closed","sticky":false,"template":"","format":"standard","meta":{"_acf_changed":false,"footnotes":""},"categories":[165],"tags":[],"class_list":["post-348808","post","type-post","status-publish","format-standard","has-post-thumbnail","hentry","category-nordeste"],"acf":[],"_links":{"self":[{"href":"https:\/\/www.notibras.com\/site\/wp-json\/wp\/v2\/posts\/348808","targetHints":{"allow":["GET"]}}],"collection":[{"href":"https:\/\/www.notibras.com\/site\/wp-json\/wp\/v2\/posts"}],"about":[{"href":"https:\/\/www.notibras.com\/site\/wp-json\/wp\/v2\/types\/post"}],"author":[{"embeddable":true,"href":"https:\/\/www.notibras.com\/site\/wp-json\/wp\/v2\/users\/2"}],"replies":[{"embeddable":true,"href":"https:\/\/www.notibras.com\/site\/wp-json\/wp\/v2\/comments?post=348808"}],"version-history":[{"count":1,"href":"https:\/\/www.notibras.com\/site\/wp-json\/wp\/v2\/posts\/348808\/revisions"}],"predecessor-version":[{"id":348810,"href":"https:\/\/www.notibras.com\/site\/wp-json\/wp\/v2\/posts\/348808\/revisions\/348810"}],"wp:featuredmedia":[{"embeddable":true,"href":"https:\/\/www.notibras.com\/site\/wp-json\/wp\/v2\/media\/348809"}],"wp:attachment":[{"href":"https:\/\/www.notibras.com\/site\/wp-json\/wp\/v2\/media?parent=348808"}],"wp:term":[{"taxonomy":"category","embeddable":true,"href":"https:\/\/www.notibras.com\/site\/wp-json\/wp\/v2\/categories?post=348808"},{"taxonomy":"post_tag","embeddable":true,"href":"https:\/\/www.notibras.com\/site\/wp-json\/wp\/v2\/tags?post=348808"}],"curies":[{"name":"wp","href":"https:\/\/api.w.org\/{rel}","templated":true}]}}