{"id":348829,"date":"2025-02-25T00:00:08","date_gmt":"2025-02-25T03:00:08","guid":{"rendered":"https:\/\/www.notibras.com\/site\/?p=348829"},"modified":"2025-02-25T09:50:41","modified_gmt":"2025-02-25T12:50:41","slug":"suspenso-aumento-das-passagens-de-onibus-entre-df-e-entorno","status":"publish","type":"post","link":"https:\/\/www.notibras.com\/site\/suspenso-aumento-das-passagens-de-onibus-entre-df-e-entorno\/","title":{"rendered":"Suspenso aumento das passagens de \u00f4nibus entre DF e Entorno"},"content":{"rendered":"<p>A Ag\u00eancia Nacional de Transportes Terrestres (ANTT) determinou a interrup\u00e7\u00e3o imediata do reajuste das passagens de \u00f4nibus entre o Distrito Federal e os munic\u00edpios do estado de Goi\u00e1s, regi\u00e3o popularmente conhecida como Entorno do DF por seis meses. A decis\u00e3o aconteceu ap\u00f3s recomenda\u00e7\u00e3o do Minist\u00e9rio de Transportes, e foi publicada em edi\u00e7\u00e3o extraordin\u00e1ria do Di\u00e1rio Oficial da Uni\u00e3o.<\/p>\n<p>O aumento de 2,919% que seria aplicado sobre o atual valor das passagens, estava previsto para entrar em vigor a partir das 0h de domingo (23), e foi suspenso, ap\u00f3s reavalia\u00e7\u00e3o da Ag\u00eancia.<\/p>\n<p>Os governos de Goi\u00e1s e do Distrito Federal solicitaram a interrup\u00e7\u00e3o do reajuste considerando os impactos econ\u00f4micos para a popula\u00e7\u00e3o, e destacaram a cria\u00e7\u00e3o de um cons\u00f3rcio interfederativo, acordado em 20 de fevereiro.<\/p>\n<p>No acordo, os governos passar\u00e3o a pagar um subs\u00eddio, visando evitar que os passageiros sejam afetados com aumento nas passagens de \u00f4nibus. Em nota, a ANTT reafirmou o compromisso com a continuidade do transporte p\u00fablico.<\/p>\n","protected":false},"excerpt":{"rendered":"<p>A Ag\u00eancia Nacional de Transportes Terrestres (ANTT) determinou a interrup\u00e7\u00e3o imediata do reajuste das passagens de \u00f4nibus entre o Distrito Federal e os munic\u00edpios do estado de Goi\u00e1s, regi\u00e3o popularmente conhecida como Entorno do DF por seis meses. A decis\u00e3o aconteceu ap\u00f3s recomenda\u00e7\u00e3o do Minist\u00e9rio de Transportes, e foi publicada em edi\u00e7\u00e3o extraordin\u00e1ria do Di\u00e1rio [&hellip;]<\/p>\n","protected":false},"author":2,"featured_media":348830,"comment_status":"closed","ping_status":"closed","sticky":false,"template":"","format":"standard","meta":{"_acf_changed":false,"footnotes":""},"categories":[161],"tags":[],"class_list":["post-348829","post","type-post","status-publish","format-standard","has-post-thumbnail","hentry","category-quadradinho-em-foco"],"acf":[],"_links":{"self":[{"href":"https:\/\/www.notibras.com\/site\/wp-json\/wp\/v2\/posts\/348829","targetHints":{"allow":["GET"]}}],"collection":[{"href":"https:\/\/www.notibras.com\/site\/wp-json\/wp\/v2\/posts"}],"about":[{"href":"https:\/\/www.notibras.com\/site\/wp-json\/wp\/v2\/types\/post"}],"author":[{"embeddable":true,"href":"https:\/\/www.notibras.com\/site\/wp-json\/wp\/v2\/users\/2"}],"replies":[{"embeddable":true,"href":"https:\/\/www.notibras.com\/site\/wp-json\/wp\/v2\/comments?post=348829"}],"version-history":[{"count":1,"href":"https:\/\/www.notibras.com\/site\/wp-json\/wp\/v2\/posts\/348829\/revisions"}],"predecessor-version":[{"id":348831,"href":"https:\/\/www.notibras.com\/site\/wp-json\/wp\/v2\/posts\/348829\/revisions\/348831"}],"wp:featuredmedia":[{"embeddable":true,"href":"https:\/\/www.notibras.com\/site\/wp-json\/wp\/v2\/media\/348830"}],"wp:attachment":[{"href":"https:\/\/www.notibras.com\/site\/wp-json\/wp\/v2\/media?parent=348829"}],"wp:term":[{"taxonomy":"category","embeddable":true,"href":"https:\/\/www.notibras.com\/site\/wp-json\/wp\/v2\/categories?post=348829"},{"taxonomy":"post_tag","embeddable":true,"href":"https:\/\/www.notibras.com\/site\/wp-json\/wp\/v2\/tags?post=348829"}],"curies":[{"name":"wp","href":"https:\/\/api.w.org\/{rel}","templated":true}]}}