{"id":348832,"date":"2025-02-25T08:14:04","date_gmt":"2025-02-25T11:14:04","guid":{"rendered":"https:\/\/www.notibras.com\/site\/?p=348832"},"modified":"2025-02-25T09:55:48","modified_gmt":"2025-02-25T12:55:48","slug":"blocos-de-rua-mais-limpos-do-carnaval-serao-premiados","status":"publish","type":"post","link":"https:\/\/www.notibras.com\/site\/blocos-de-rua-mais-limpos-do-carnaval-serao-premiados\/","title":{"rendered":"Blocos de rua mais limpos do Carnaval ser\u00e3o premiados"},"content":{"rendered":"<p>Pelo terceiro ano consecutivo, o Servi\u00e7o de Limpeza Urbana (SLU) vai premiar os blocos de rua mais limpos do Carnaval do Distrito Federal. Na ocasi\u00e3o, tamb\u00e9m ser\u00e3o reconhecidos aqueles que tiverem as melhores iniciativas em prol da limpeza urbana durante os dias de folia.<\/p>\n<p>Premia\u00e7\u00e3o do ano passado registrou boa ades\u00e3o e um bom resultado: foram recolhidas 19,9 toneladas de lixo, n\u00famero que equivale, segundo o SLU, ao Carnaval mais limpo em termos de res\u00edduos coletados | Foto: Vinicius Mendon\u00e7a\/SLU<\/p>\n<p>O Pr\u00eamio Folia, que faz parte da campanha de conscientiza\u00e7\u00e3o ambiental do SLU durante o Carnaval, busca estimular o engajamento dos blocos de rua e dos foli\u00f5es sobre a import\u00e2ncia do descarte correto de res\u00edduos, especialmente os materiais recicl\u00e1veis.<\/p>\n<p>\u201cNo ano passado, o retorno foi muito positivo e a competi\u00e7\u00e3o foi acirrada, com uma grande participa\u00e7\u00e3o de blocos e foli\u00f5es\u201d, afirma o diretor-presidente do SLU, Luiz Felipe Carvalho. \u201cEsperamos que, mais uma vez, a ades\u00e3o seja positiva e que os donos dos blocos incentivem os participantes a manter as ruas limpas.\u201d<\/p>\n<p>Durante a folia, as ruas pr\u00f3ximas aos principais blocos carnavalescos ser\u00e3o refor\u00e7adas com papa-recicl\u00e1veis \u2013 tudo para facilitar o descarte adequado dos res\u00edduos. \u201cAl\u00e9m disso, sempre ap\u00f3s os blocos, nossos garis entrar\u00e3o na avenida para limpar as ruas e deix\u00e1-las prontas para o dia seguinte\u201d, acrescenta Carvalho.<\/p>\n<p><strong>Participa\u00e7\u00e3o<\/strong><br \/>\nPoder\u00e3o participar do Pr\u00eamio Folia Limpa os blocos carnavalescos de rua que, devidamente autorizados na lista organizada pela Secretaria de Cultura e Economia Criativa (Secec-DF), desfilarem entre 1\u00ba\/3 e 5\/3. Para participar, basta preencher, at\u00e9 sexta-feira (28), o formul\u00e1rio eletr\u00f4nico disponibilizado no site do SLU, onde poder\u00e3o ser conferidos todos os crit\u00e9rios de sele\u00e7\u00e3o.<\/p>\n<p><strong>Hist\u00f3rico<\/strong><br \/>\nNo ano passado, o SLU recolheu em torno de 19,9 toneladas de lixo geradas pelos foli\u00f5es, registrando o Carnaval mais limpo da s\u00e9rie hist\u00f3rica do Distrito Federal com rela\u00e7\u00e3o \u00e0 quantidade de res\u00edduos recolhidos. Em 2023, houve a coleta de 26,6 toneladas.<\/p>\n<p>Em 2024, foram premiados os blocos Portadores da Alegria, Galo Cego, Aparelhinho, Baratinha, Bloco do Amor, Bloco das Montadas, Carnaval dos Raparigueiros, Divinas Tetas, Ventoinha de Canudo e Galinho de Bras\u00edlia.<\/p>\n","protected":false},"excerpt":{"rendered":"<p>Pelo terceiro ano consecutivo, o Servi\u00e7o de Limpeza Urbana (SLU) vai premiar os blocos de rua mais limpos do Carnaval do Distrito Federal. Na ocasi\u00e3o, tamb\u00e9m ser\u00e3o reconhecidos aqueles que tiverem as melhores iniciativas em prol da limpeza urbana durante os dias de folia. Premia\u00e7\u00e3o do ano passado registrou boa ades\u00e3o e um bom resultado: [&hellip;]<\/p>\n","protected":false},"author":2,"featured_media":348833,"comment_status":"closed","ping_status":"closed","sticky":false,"template":"","format":"standard","meta":{"_acf_changed":false,"footnotes":""},"categories":[161],"tags":[],"class_list":["post-348832","post","type-post","status-publish","format-standard","has-post-thumbnail","hentry","category-quadradinho-em-foco"],"acf":[],"_links":{"self":[{"href":"https:\/\/www.notibras.com\/site\/wp-json\/wp\/v2\/posts\/348832","targetHints":{"allow":["GET"]}}],"collection":[{"href":"https:\/\/www.notibras.com\/site\/wp-json\/wp\/v2\/posts"}],"about":[{"href":"https:\/\/www.notibras.com\/site\/wp-json\/wp\/v2\/types\/post"}],"author":[{"embeddable":true,"href":"https:\/\/www.notibras.com\/site\/wp-json\/wp\/v2\/users\/2"}],"replies":[{"embeddable":true,"href":"https:\/\/www.notibras.com\/site\/wp-json\/wp\/v2\/comments?post=348832"}],"version-history":[{"count":1,"href":"https:\/\/www.notibras.com\/site\/wp-json\/wp\/v2\/posts\/348832\/revisions"}],"predecessor-version":[{"id":348834,"href":"https:\/\/www.notibras.com\/site\/wp-json\/wp\/v2\/posts\/348832\/revisions\/348834"}],"wp:featuredmedia":[{"embeddable":true,"href":"https:\/\/www.notibras.com\/site\/wp-json\/wp\/v2\/media\/348833"}],"wp:attachment":[{"href":"https:\/\/www.notibras.com\/site\/wp-json\/wp\/v2\/media?parent=348832"}],"wp:term":[{"taxonomy":"category","embeddable":true,"href":"https:\/\/www.notibras.com\/site\/wp-json\/wp\/v2\/categories?post=348832"},{"taxonomy":"post_tag","embeddable":true,"href":"https:\/\/www.notibras.com\/site\/wp-json\/wp\/v2\/tags?post=348832"}],"curies":[{"name":"wp","href":"https:\/\/api.w.org\/{rel}","templated":true}]}}