{"id":348838,"date":"2025-02-25T00:04:13","date_gmt":"2025-02-25T03:04:13","guid":{"rendered":"https:\/\/www.notibras.com\/site\/?p=348838"},"modified":"2025-02-25T10:05:44","modified_gmt":"2025-02-25T13:05:44","slug":"setores-de-comercio-e-servicos-ficam-acima-da-media-nacional","status":"publish","type":"post","link":"https:\/\/www.notibras.com\/site\/setores-de-comercio-e-servicos-ficam-acima-da-media-nacional\/","title":{"rendered":"Setores de com\u00e9rcio e servi\u00e7os ficam acima da m\u00e9dia nacional"},"content":{"rendered":"<p>Os setores de com\u00e9rcio de bens e de servi\u00e7os do Distrito Federal registraram resultados melhores que o esperado em 2024, superando a m\u00e9dia nacional. Segundo o balan\u00e7o anual do Instituto Brasileiro de Geografia e Estat\u00edstica (IBGE), no ano passado, o varejo da capital cresceu 5,8%, enquanto o setor de servi\u00e7os teve alta de 5,1%. Ambos os \u00edndices est\u00e3o acima das m\u00e9dias nacionais, de 4,7% e 3,1%, respectivamente.<\/p>\n<p>O avan\u00e7o \u00e9 reflexo do investimento deste Governo do Distrito Federal (GDF), com programas de incentivo ao desenvolvimento econ\u00f4mico e de oferta de qualifica\u00e7\u00e3o profissional. \u201cOs n\u00fameros s\u00e3o fruto do trabalho conjunto entre o governo, os empreendedores e a popula\u00e7\u00e3o, aliado a pol\u00edticas p\u00fablicas que fomentam a gera\u00e7\u00e3o de emprego e renda\u201d, defende o secret\u00e1rio de Desenvolvimento Econ\u00f4mico, Trabalho e Renda, Thales Mendes.<\/p>\n<p>A pasta \u00e9 respons\u00e1vel pela realiza\u00e7\u00e3o dos programas Qualifica DF e Renova DF, que j\u00e1 ajudaram a preparar milhares profissionais para o mercado de trabalho. O Qualifica DF oferece cursos profissionalizantes gratuitos nas \u00e1reas de agroneg\u00f3cio, com\u00e9rcio, servi\u00e7os, sa\u00fade e inform\u00e1tica, enquanto o Renova DF promove a forma\u00e7\u00e3o profissional da popula\u00e7\u00e3o, ao mesmo tempo que propicia a reforma de espa\u00e7os p\u00fablicos.<\/p>\n<p>Al\u00e9m disso, este GDF tamb\u00e9m criou o Emprega DF, em 2019, para impulsionar o crescimento das empresas e incentivar a cria\u00e7\u00e3o de novos postos de trabalho. A iniciativa fechou o ano passado com a gera\u00e7\u00e3o de 10,5 mil empregos diretos em 43 empresas participantes. \u201cSeguimos focados na qualifica\u00e7\u00e3o da m\u00e3o de obra, na desburocratiza\u00e7\u00e3o e no fortalecimento do ambiente de neg\u00f3cios para garantir que o DF continue crescendo de forma sustent\u00e1vel e competitiva\u201d, enfatiza o secret\u00e1rio.<\/p>\n<p><strong>Indicadores<\/strong><br \/>\nNo setor varejista, seis das oito atividades registraram saldo positivo, com destaque para artigos farmac\u00eauticos, m\u00e9dicos, ortop\u00e9dicos, de perfumaria e cosm\u00e9ticos (14,1%). O crescimento tamb\u00e9m \u00e9 visto nos nichos de m\u00f3veis e eletrodom\u00e9sticos; tecidos, vestu\u00e1rio e cal\u00e7ados; outros artigos de uso pessoal e dom\u00e9stico; hipermercados, supermercados, produtos aliment\u00edcios, bebidas e fumo; e livros, jornais, revistas e papelaria. Tiveram queda as \u00e1reas de equipamentos e materiais para escrit\u00f3rio, inform\u00e1tica e comunica\u00e7\u00e3o e de combust\u00edveis e lubrificantes.<\/p>\n<p>J\u00e1 no grupo de servi\u00e7os, tr\u00eas das cinco atividades pesquisadas registraram crescimento em 2024, destacando-se informa\u00e7\u00e3o e comunica\u00e7\u00e3o (13,7%); servi\u00e7os profissionais, administrativos e complementares (8,2%) e outros servi\u00e7os (6,5%). Os segmentos com desempenho negativo foram transportes, servi\u00e7os auxiliares aos transportes e correio; servi\u00e7os prestados \u00e0s fam\u00edlias. Em rela\u00e7\u00e3o ao acumulado do ano, o setor de servi\u00e7os no DF registrou o sexto melhor desempenho no pa\u00eds, com alta de 6%, ficando atr\u00e1s do Amazonas, Amap\u00e1, Rio Grande do Sul e Santa Catarina.<\/p>\n<p>\u201cO resultado foi impulsionado pelo aumento da massa salarial e da oferta de empregos, especialmente nesses dois setores, que foram decisivos para que o DF ultrapassasse a marca de 1 milh\u00e3o de carteiras assinadas\u201d, destaca o presidente do Sistema Fecom\u00e9rcio-DF, Jos\u00e9 Aparecido Freire. \u201cHoje, os setores de com\u00e9rcio e servi\u00e7os s\u00e3o a principal fonte de emprego e renda nas regi\u00f5es administrativas, impactando mais de 90% do PIB privado do Distrito Federal.\u201d<\/p>\n<p>Conforme Freire, nos \u00faltimos dez anos, o setor de com\u00e9rcio de bens registrou crescimento em apenas outros tr\u00eas per\u00edodos: 2022, com 2,8%; 2019, com 0,7%; e 2014, com 0,1%. \u201cA expectativa para 2025 \u00e9 de continuidade do crescimento, sustentado pela parceria entre o setor p\u00fablico e o setor privado, com foco na melhoria do ambiente de neg\u00f3cios, na empregabilidade, no aumento da massa salarial e no acesso ao cr\u00e9dito\u201d, pontua ele, acrescentando \u00e0 lista a estabiliza\u00e7\u00e3o da economia e o esp\u00edrito arrojado do empreendedor distrital. \u201cSem ele, n\u00e3o poder\u00edamos celebrar esses n\u00fameros positivos\u201d, afirma.<\/p>\n","protected":false},"excerpt":{"rendered":"<p>Os setores de com\u00e9rcio de bens e de servi\u00e7os do Distrito Federal registraram resultados melhores que o esperado em 2024, superando a m\u00e9dia nacional. Segundo o balan\u00e7o anual do Instituto Brasileiro de Geografia e Estat\u00edstica (IBGE), no ano passado, o varejo da capital cresceu 5,8%, enquanto o setor de servi\u00e7os teve alta de 5,1%. Ambos [&hellip;]<\/p>\n","protected":false},"author":2,"featured_media":348839,"comment_status":"closed","ping_status":"closed","sticky":false,"template":"","format":"standard","meta":{"_acf_changed":false,"footnotes":""},"categories":[161],"tags":[],"class_list":["post-348838","post","type-post","status-publish","format-standard","has-post-thumbnail","hentry","category-quadradinho-em-foco"],"acf":[],"_links":{"self":[{"href":"https:\/\/www.notibras.com\/site\/wp-json\/wp\/v2\/posts\/348838","targetHints":{"allow":["GET"]}}],"collection":[{"href":"https:\/\/www.notibras.com\/site\/wp-json\/wp\/v2\/posts"}],"about":[{"href":"https:\/\/www.notibras.com\/site\/wp-json\/wp\/v2\/types\/post"}],"author":[{"embeddable":true,"href":"https:\/\/www.notibras.com\/site\/wp-json\/wp\/v2\/users\/2"}],"replies":[{"embeddable":true,"href":"https:\/\/www.notibras.com\/site\/wp-json\/wp\/v2\/comments?post=348838"}],"version-history":[{"count":1,"href":"https:\/\/www.notibras.com\/site\/wp-json\/wp\/v2\/posts\/348838\/revisions"}],"predecessor-version":[{"id":348840,"href":"https:\/\/www.notibras.com\/site\/wp-json\/wp\/v2\/posts\/348838\/revisions\/348840"}],"wp:featuredmedia":[{"embeddable":true,"href":"https:\/\/www.notibras.com\/site\/wp-json\/wp\/v2\/media\/348839"}],"wp:attachment":[{"href":"https:\/\/www.notibras.com\/site\/wp-json\/wp\/v2\/media?parent=348838"}],"wp:term":[{"taxonomy":"category","embeddable":true,"href":"https:\/\/www.notibras.com\/site\/wp-json\/wp\/v2\/categories?post=348838"},{"taxonomy":"post_tag","embeddable":true,"href":"https:\/\/www.notibras.com\/site\/wp-json\/wp\/v2\/tags?post=348838"}],"curies":[{"name":"wp","href":"https:\/\/api.w.org\/{rel}","templated":true}]}}