{"id":348869,"date":"2025-02-26T08:59:55","date_gmt":"2025-02-26T11:59:55","guid":{"rendered":"https:\/\/www.notibras.com\/site\/?p=348869"},"modified":"2025-02-26T09:03:11","modified_gmt":"2025-02-26T12:03:11","slug":"longe-das-trombetas-o-ceu-muda-para-ex-rei-nordestino","status":"publish","type":"post","link":"https:\/\/www.notibras.com\/site\/longe-das-trombetas-o-ceu-muda-para-ex-rei-nordestino\/","title":{"rendered":"Longe das trombetas, o c\u00e9u muda para ex-rei nordestino"},"content":{"rendered":"<p>Local onde as hist\u00f3rias ganham vida, as amizades se fortalecem, as m\u00e1goas s\u00e3o afogadas e as alegrias exacerbadas, o bar \u00e9 normalmente o ambiente mais prop\u00edcio para recebermos boas e m\u00e1s not\u00edcias. Foi assim na tarde dessa ter\u00e7a-feira (25) quando soube que a Confedera\u00e7\u00e3o Nacional dos Transportes (CNT) divulgaria uma nova pesquisa de avalia\u00e7\u00e3o do Lula 3. Antes de conhecer o resultado, tomei duas cervejas das mais amargas, seguidas de um copo duplo de groselha com \u00e1gua mineral gasosa, e esperei sentado a nova performance do rei do Nordeste.<\/p>\n<p>Fiz isso para que, conforme os n\u00fameros, tivesse motivos para rir ou para chorar. Tudo sob a supervis\u00e3o in loco de um oftalmologista e de um cardiologista. Precisava estar com as vistas bem limpas e agu\u00e7adas e com o cora\u00e7\u00e3o palpitantemente seguro para avan\u00e7ar ou regredir em meus pensamentos futuristas. Degustando uma loira ao ponto e pronto para os finalmentes, soube que o \u00edndice de aprova\u00e7\u00e3o de Lula da Silva caiu de 50% para 40,5%, enquanto a desaprova\u00e7\u00e3o subiu de 46% para 55,3%, salto de 9 pontos percentuais.<\/p>\n<p>Entretantos \u00e0 parte, minha rea\u00e7\u00e3o \u00e9 o que menos interessa. Brindemos \u00e0 boa vida e aos bons drinks, mas n\u00e3o direi se chorei ou se sorri. Seguindo os ensinamentos do irm\u00e3o camarada Roberto Carlos, digo apenas que, embora amargas, emo\u00e7\u00f5es eu vivi. S\u00e3o tantas j\u00e1 vividas, mas, mesmo otimista demais, sinto que o touro est\u00e1 indo para o mesmo brejo onde j\u00e1 est\u00e1 o cavalo chucro. Detalhes que se repetem a cada elei\u00e7\u00e3o. N\u00e3o sei quem vai chorar, muito menos quem vai sorrir. O que sei \u00e9 que estou aqui, vivendo meu momento lindo \u00e0 espera do trem azul. Como o boteco tamb\u00e9m \u00e9 lugar de poesia, copiei o anjo Raul Seixas e escrevi na m\u00e3o esquerda que o trem de 2022 talvez tenha sido o \u00faltimo do sert\u00e3o.<\/p>\n<p>Com certo melindre, rabisquei com caneta preta na m\u00e3o direita que aquela estrela do amanh\u00e3 se apagou faz tempo. N\u00e3o h\u00e1 tempo que volte, senhor. Na testa, rascunhei que o c\u00e9u n\u00e3o \u00e9 mais o mesmo que ambos conheceram e que vejo um novo come\u00e7o de era. Ainda n\u00e3o sinto o sinal das trombetas, tampouco dos anjos e dos guardi\u00f5es. Embora esteja contente e orgulhoso por ter conseguido tudo o que eu quis, me falta a plena satisfa\u00e7\u00e3o, isto \u00e9, aquela sombra sonora que acabe de vez com as cercas embandeiradas que separam brasileiros de brasileiros. Pedindo licen\u00e7a \u00e0 pedra filosofal de Raulzito, decidi ser uma metamorfose ambulante e n\u00e3o ter mais aquela opini\u00e3o formada sobre tudo.<\/p>\n<p>Ser\u00e1 que estou abestalhado? Quem sabe decepcionado! Meus pensamentos andam meio anuviados. Por isso, meu par de neur\u00f4nios resolveu dar uma volta por esse mund\u00e3o, no qual, com um punhado de a\u00e7\u00facar e uma m\u00e3ozada de afeto, talvez eu ainda encontre a f\u00f3rmula do amor ao pr\u00f3ximo. Enquanto isso, mandei meu tico para o boteco e o teco para a zona, onde ningu\u00e9m de mal com a vida possa pensar nada errado sobre meu botico. Como n\u00e3o h\u00e1 nada que me fa\u00e7a deixar para amanh\u00e3 a cerveja que posso beber hoje, somei os 40,5% da aprova\u00e7\u00e3o com os 55,3% da reprova\u00e7\u00e3o e tomei 95,8% de gor\u00f3. Falta ingerir os goles da inelegibilidade. Farei isso com a satisfa\u00e7\u00e3o que tenho direito.<\/p>\n<p>Gra\u00e7as \u00e0 palavra molhada pela cerveja gelada, pelo menos agora sou parte dos estudos que mostram que o brasileiro caminha 1.440 km por ano. Nesse mesmo per\u00edodo, o nacional bebe 86 litros. Ou seja, ele faz 16,7 km por litro. Acho que estou fazendo bem mais. Como nesses tempos de vacas magras no cercadinho e de bodes fugindo do pasto sem picanha, posso garantir que no bar at\u00e9 jacar\u00e9 no seco anda. Sem mais delongas, \u00e0s v\u00e9speras do Carnaval, sugiro \u00e0quele que n\u00e3o volta mais e \u00e0quele que est\u00e1 pela bola sete para, caso perca o brinco na folia momesca, n\u00e3o se abaixe para procurar, pois o risco de perder o anel \u00e9 maior do que qualquer pesquisa de opini\u00e3o.<\/p>\n<p>&#8230;&#8230;&#8230;&#8230;&#8230;&#8230;&#8230;<\/p>\n<p><strong>Wenceslau Ara\u00fajo \u00e9 Editor-Chefe de Notibras<\/strong><\/p>\n","protected":false},"excerpt":{"rendered":"<p>Local onde as hist\u00f3rias ganham vida, as amizades se fortalecem, as m\u00e1goas s\u00e3o afogadas e as alegrias exacerbadas, o bar \u00e9 normalmente o ambiente mais prop\u00edcio para recebermos boas e m\u00e1s not\u00edcias. Foi assim na tarde dessa ter\u00e7a-feira (25) quando soube que a Confedera\u00e7\u00e3o Nacional dos Transportes (CNT) divulgaria uma nova pesquisa de avalia\u00e7\u00e3o do [&hellip;]<\/p>\n","protected":false},"author":2,"featured_media":40768,"comment_status":"closed","ping_status":"closed","sticky":false,"template":"","format":"standard","meta":{"_acf_changed":false,"footnotes":""},"categories":[165],"tags":[],"class_list":["post-348869","post","type-post","status-publish","format-standard","has-post-thumbnail","hentry","category-nordeste"],"acf":[],"yoast_head":"<!-- This site is optimized with the Yoast SEO plugin v27.2 - https:\/\/yoast.com\/product\/yoast-seo-wordpress\/ -->\n<title>Longe das trombetas, o c\u00e9u muda para ex-rei nordestino - Notibras<\/title>\n<meta name=\"robots\" content=\"index, follow, max-snippet:-1, max-image-preview:large, max-video-preview:-1\" \/>\n<link rel=\"canonical\" href=\"https:\/\/www.notibras.com\/site\/longe-das-trombetas-o-ceu-muda-para-ex-rei-nordestino\/\" \/>\n<meta property=\"og:locale\" content=\"pt_BR\" \/>\n<meta property=\"og:type\" content=\"article\" \/>\n<meta property=\"og:title\" content=\"Longe das trombetas, o c\u00e9u muda para ex-rei nordestino - Notibras\" \/>\n<meta property=\"og:description\" content=\"Local onde as hist\u00f3rias ganham vida, as amizades se fortalecem, as m\u00e1goas s\u00e3o afogadas e as alegrias exacerbadas, o bar \u00e9 normalmente o ambiente mais prop\u00edcio para recebermos boas e m\u00e1s not\u00edcias. Foi assim na tarde dessa ter\u00e7a-feira (25) quando soube que a Confedera\u00e7\u00e3o Nacional dos Transportes (CNT) divulgaria uma nova pesquisa de avalia\u00e7\u00e3o do [&hellip;]\" \/>\n<meta property=\"og:url\" content=\"https:\/\/www.notibras.com\/site\/longe-das-trombetas-o-ceu-muda-para-ex-rei-nordestino\/\" \/>\n<meta property=\"og:site_name\" content=\"Notibras\" \/>\n<meta property=\"article:publisher\" content=\"https:\/\/www.facebook.com\/notibras\/\" \/>\n<meta property=\"article:published_time\" content=\"2025-02-26T11:59:55+00:00\" \/>\n<meta property=\"article:modified_time\" content=\"2025-02-26T12:03:11+00:00\" \/>\n<meta property=\"og:image\" content=\"https:\/\/www.notibras.com\/site\/wp-content\/uploads\/2015\/03\/seca-nordeste.jpg\" \/>\n\t<meta property=\"og:image:width\" content=\"570\" \/>\n\t<meta property=\"og:image:height\" content=\"412\" \/>\n\t<meta property=\"og:image:type\" content=\"image\/jpeg\" \/>\n<meta name=\"author\" content=\"Reda\u00e7\u00e3o\" \/>\n<meta name=\"twitter:card\" content=\"summary_large_image\" \/>\n<meta name=\"twitter:creator\" content=\"@Notibras\" \/>\n<meta name=\"twitter:site\" content=\"@Notibras\" \/>\n<meta name=\"twitter:label1\" content=\"Escrito por\" \/>\n\t<meta name=\"twitter:data1\" content=\"Reda\u00e7\u00e3o\" \/>\n\t<meta name=\"twitter:label2\" content=\"Est. tempo de leitura\" \/>\n\t<meta name=\"twitter:data2\" content=\"4 minutos\" \/>\n<script type=\"application\/ld+json\" class=\"yoast-schema-graph\">{\"@context\":\"https:\/\/schema.org\",\"@graph\":[{\"@type\":\"Article\",\"@id\":\"https:\/\/www.notibras.com\/site\/longe-das-trombetas-o-ceu-muda-para-ex-rei-nordestino\/#article\",\"isPartOf\":{\"@id\":\"https:\/\/www.notibras.com\/site\/longe-das-trombetas-o-ceu-muda-para-ex-rei-nordestino\/\"},\"author\":{\"name\":\"Reda\u00e7\u00e3o\",\"@id\":\"https:\/\/www.notibras.com\/site\/#\/schema\/person\/36ab0979449956132d3e5b517ea76ac8\"},\"headline\":\"Longe das trombetas, o c\u00e9u muda para ex-rei nordestino\",\"datePublished\":\"2025-02-26T11:59:55+00:00\",\"dateModified\":\"2025-02-26T12:03:11+00:00\",\"mainEntityOfPage\":{\"@id\":\"https:\/\/www.notibras.com\/site\/longe-das-trombetas-o-ceu-muda-para-ex-rei-nordestino\/\"},\"wordCount\":708,\"publisher\":{\"@id\":\"https:\/\/www.notibras.com\/site\/#organization\"},\"image\":{\"@id\":\"https:\/\/www.notibras.com\/site\/longe-das-trombetas-o-ceu-muda-para-ex-rei-nordestino\/#primaryimage\"},\"thumbnailUrl\":\"https:\/\/www.notibras.com\/site\/wp-content\/uploads\/2015\/03\/seca-nordeste.jpg\",\"articleSection\":[\"Nordeste\"],\"inLanguage\":\"pt-BR\"},{\"@type\":\"WebPage\",\"@id\":\"https:\/\/www.notibras.com\/site\/longe-das-trombetas-o-ceu-muda-para-ex-rei-nordestino\/\",\"url\":\"https:\/\/www.notibras.com\/site\/longe-das-trombetas-o-ceu-muda-para-ex-rei-nordestino\/\",\"name\":\"Longe das trombetas, o c\u00e9u muda para ex-rei nordestino - Notibras\",\"isPartOf\":{\"@id\":\"https:\/\/www.notibras.com\/site\/#website\"},\"primaryImageOfPage\":{\"@id\":\"https:\/\/www.notibras.com\/site\/longe-das-trombetas-o-ceu-muda-para-ex-rei-nordestino\/#primaryimage\"},\"image\":{\"@id\":\"https:\/\/www.notibras.com\/site\/longe-das-trombetas-o-ceu-muda-para-ex-rei-nordestino\/#primaryimage\"},\"thumbnailUrl\":\"https:\/\/www.notibras.com\/site\/wp-content\/uploads\/2015\/03\/seca-nordeste.jpg\",\"datePublished\":\"2025-02-26T11:59:55+00:00\",\"dateModified\":\"2025-02-26T12:03:11+00:00\",\"breadcrumb\":{\"@id\":\"https:\/\/www.notibras.com\/site\/longe-das-trombetas-o-ceu-muda-para-ex-rei-nordestino\/#breadcrumb\"},\"inLanguage\":\"pt-BR\",\"potentialAction\":[{\"@type\":\"ReadAction\",\"target\":[\"https:\/\/www.notibras.com\/site\/longe-das-trombetas-o-ceu-muda-para-ex-rei-nordestino\/\"]}]},{\"@type\":\"ImageObject\",\"inLanguage\":\"pt-BR\",\"@id\":\"https:\/\/www.notibras.com\/site\/longe-das-trombetas-o-ceu-muda-para-ex-rei-nordestino\/#primaryimage\",\"url\":\"https:\/\/www.notibras.com\/site\/wp-content\/uploads\/2015\/03\/seca-nordeste.jpg\",\"contentUrl\":\"https:\/\/www.notibras.com\/site\/wp-content\/uploads\/2015\/03\/seca-nordeste.jpg\",\"width\":570,\"height\":412},{\"@type\":\"BreadcrumbList\",\"@id\":\"https:\/\/www.notibras.com\/site\/longe-das-trombetas-o-ceu-muda-para-ex-rei-nordestino\/#breadcrumb\",\"itemListElement\":[{\"@type\":\"ListItem\",\"position\":1,\"name\":\"In\u00edcio\",\"item\":\"https:\/\/www.notibras.com\/site\/\"},{\"@type\":\"ListItem\",\"position\":2,\"name\":\"Longe das trombetas, o c\u00e9u muda para ex-rei nordestino\"}]},{\"@type\":\"WebSite\",\"@id\":\"https:\/\/www.notibras.com\/site\/#website\",\"url\":\"https:\/\/www.notibras.com\/site\/\",\"name\":\"Notibras\",\"description\":\"Not\u00edcias de Bras\u00edlia, do Brasil e do Mundo\",\"publisher\":{\"@id\":\"https:\/\/www.notibras.com\/site\/#organization\"},\"potentialAction\":[{\"@type\":\"SearchAction\",\"target\":{\"@type\":\"EntryPoint\",\"urlTemplate\":\"https:\/\/www.notibras.com\/site\/?s={search_term_string}\"},\"query-input\":{\"@type\":\"PropertyValueSpecification\",\"valueRequired\":true,\"valueName\":\"search_term_string\"}}],\"inLanguage\":\"pt-BR\"},{\"@type\":\"Organization\",\"@id\":\"https:\/\/www.notibras.com\/site\/#organization\",\"name\":\"Grupo Notibras de Comunica\u00e7\u00e3o\",\"url\":\"https:\/\/www.notibras.com\/site\/\",\"logo\":{\"@type\":\"ImageObject\",\"inLanguage\":\"pt-BR\",\"@id\":\"https:\/\/www.notibras.com\/site\/#\/schema\/logo\/image\/\",\"url\":\"https:\/\/www.notibras.com\/site\/wp-content\/uploads\/2023\/01\/notibras23.png\",\"contentUrl\":\"https:\/\/www.notibras.com\/site\/wp-content\/uploads\/2023\/01\/notibras23.png\",\"width\":350,\"height\":87,\"caption\":\"Grupo Notibras de Comunica\u00e7\u00e3o\"},\"image\":{\"@id\":\"https:\/\/www.notibras.com\/site\/#\/schema\/logo\/image\/\"},\"sameAs\":[\"https:\/\/www.facebook.com\/notibras\/\",\"https:\/\/x.com\/Notibras\",\"https:\/\/www.instagram.com\/notibras\/\"]},{\"@type\":\"Person\",\"@id\":\"https:\/\/www.notibras.com\/site\/#\/schema\/person\/36ab0979449956132d3e5b517ea76ac8\",\"name\":\"Reda\u00e7\u00e3o\",\"image\":{\"@type\":\"ImageObject\",\"inLanguage\":\"pt-BR\",\"@id\":\"https:\/\/secure.gravatar.com\/avatar\/e0a867bdedb85fd243eadf09663511f96fc81e0720a4a42581f334ad4303aa6b?s=96&d=mm&r=g\",\"url\":\"https:\/\/secure.gravatar.com\/avatar\/e0a867bdedb85fd243eadf09663511f96fc81e0720a4a42581f334ad4303aa6b?s=96&d=mm&r=g\",\"contentUrl\":\"https:\/\/secure.gravatar.com\/avatar\/e0a867bdedb85fd243eadf09663511f96fc81e0720a4a42581f334ad4303aa6b?s=96&d=mm&r=g\",\"caption\":\"Reda\u00e7\u00e3o\"}}]}<\/script>\n<!-- \/ Yoast SEO plugin. -->","yoast_head_json":{"title":"Longe das trombetas, o c\u00e9u muda para ex-rei nordestino - Notibras","robots":{"index":"index","follow":"follow","max-snippet":"max-snippet:-1","max-image-preview":"max-image-preview:large","max-video-preview":"max-video-preview:-1"},"canonical":"https:\/\/www.notibras.com\/site\/longe-das-trombetas-o-ceu-muda-para-ex-rei-nordestino\/","og_locale":"pt_BR","og_type":"article","og_title":"Longe das trombetas, o c\u00e9u muda para ex-rei nordestino - Notibras","og_description":"Local onde as hist\u00f3rias ganham vida, as amizades se fortalecem, as m\u00e1goas s\u00e3o afogadas e as alegrias exacerbadas, o bar \u00e9 normalmente o ambiente mais prop\u00edcio para recebermos boas e m\u00e1s not\u00edcias. Foi assim na tarde dessa ter\u00e7a-feira (25) quando soube que a Confedera\u00e7\u00e3o Nacional dos Transportes (CNT) divulgaria uma nova pesquisa de avalia\u00e7\u00e3o do [&hellip;]","og_url":"https:\/\/www.notibras.com\/site\/longe-das-trombetas-o-ceu-muda-para-ex-rei-nordestino\/","og_site_name":"Notibras","article_publisher":"https:\/\/www.facebook.com\/notibras\/","article_published_time":"2025-02-26T11:59:55+00:00","article_modified_time":"2025-02-26T12:03:11+00:00","og_image":[{"width":570,"height":412,"url":"https:\/\/www.notibras.com\/site\/wp-content\/uploads\/2015\/03\/seca-nordeste.jpg","type":"image\/jpeg"}],"author":"Reda\u00e7\u00e3o","twitter_card":"summary_large_image","twitter_creator":"@Notibras","twitter_site":"@Notibras","twitter_misc":{"Escrito por":"Reda\u00e7\u00e3o","Est. tempo de leitura":"4 minutos"},"schema":{"@context":"https:\/\/schema.org","@graph":[{"@type":"Article","@id":"https:\/\/www.notibras.com\/site\/longe-das-trombetas-o-ceu-muda-para-ex-rei-nordestino\/#article","isPartOf":{"@id":"https:\/\/www.notibras.com\/site\/longe-das-trombetas-o-ceu-muda-para-ex-rei-nordestino\/"},"author":{"name":"Reda\u00e7\u00e3o","@id":"https:\/\/www.notibras.com\/site\/#\/schema\/person\/36ab0979449956132d3e5b517ea76ac8"},"headline":"Longe das trombetas, o c\u00e9u muda para ex-rei nordestino","datePublished":"2025-02-26T11:59:55+00:00","dateModified":"2025-02-26T12:03:11+00:00","mainEntityOfPage":{"@id":"https:\/\/www.notibras.com\/site\/longe-das-trombetas-o-ceu-muda-para-ex-rei-nordestino\/"},"wordCount":708,"publisher":{"@id":"https:\/\/www.notibras.com\/site\/#organization"},"image":{"@id":"https:\/\/www.notibras.com\/site\/longe-das-trombetas-o-ceu-muda-para-ex-rei-nordestino\/#primaryimage"},"thumbnailUrl":"https:\/\/www.notibras.com\/site\/wp-content\/uploads\/2015\/03\/seca-nordeste.jpg","articleSection":["Nordeste"],"inLanguage":"pt-BR"},{"@type":"WebPage","@id":"https:\/\/www.notibras.com\/site\/longe-das-trombetas-o-ceu-muda-para-ex-rei-nordestino\/","url":"https:\/\/www.notibras.com\/site\/longe-das-trombetas-o-ceu-muda-para-ex-rei-nordestino\/","name":"Longe das trombetas, o c\u00e9u muda para ex-rei nordestino - Notibras","isPartOf":{"@id":"https:\/\/www.notibras.com\/site\/#website"},"primaryImageOfPage":{"@id":"https:\/\/www.notibras.com\/site\/longe-das-trombetas-o-ceu-muda-para-ex-rei-nordestino\/#primaryimage"},"image":{"@id":"https:\/\/www.notibras.com\/site\/longe-das-trombetas-o-ceu-muda-para-ex-rei-nordestino\/#primaryimage"},"thumbnailUrl":"https:\/\/www.notibras.com\/site\/wp-content\/uploads\/2015\/03\/seca-nordeste.jpg","datePublished":"2025-02-26T11:59:55+00:00","dateModified":"2025-02-26T12:03:11+00:00","breadcrumb":{"@id":"https:\/\/www.notibras.com\/site\/longe-das-trombetas-o-ceu-muda-para-ex-rei-nordestino\/#breadcrumb"},"inLanguage":"pt-BR","potentialAction":[{"@type":"ReadAction","target":["https:\/\/www.notibras.com\/site\/longe-das-trombetas-o-ceu-muda-para-ex-rei-nordestino\/"]}]},{"@type":"ImageObject","inLanguage":"pt-BR","@id":"https:\/\/www.notibras.com\/site\/longe-das-trombetas-o-ceu-muda-para-ex-rei-nordestino\/#primaryimage","url":"https:\/\/www.notibras.com\/site\/wp-content\/uploads\/2015\/03\/seca-nordeste.jpg","contentUrl":"https:\/\/www.notibras.com\/site\/wp-content\/uploads\/2015\/03\/seca-nordeste.jpg","width":570,"height":412},{"@type":"BreadcrumbList","@id":"https:\/\/www.notibras.com\/site\/longe-das-trombetas-o-ceu-muda-para-ex-rei-nordestino\/#breadcrumb","itemListElement":[{"@type":"ListItem","position":1,"name":"In\u00edcio","item":"https:\/\/www.notibras.com\/site\/"},{"@type":"ListItem","position":2,"name":"Longe das trombetas, o c\u00e9u muda para ex-rei nordestino"}]},{"@type":"WebSite","@id":"https:\/\/www.notibras.com\/site\/#website","url":"https:\/\/www.notibras.com\/site\/","name":"Notibras","description":"Not\u00edcias de Bras\u00edlia, do Brasil e do Mundo","publisher":{"@id":"https:\/\/www.notibras.com\/site\/#organization"},"potentialAction":[{"@type":"SearchAction","target":{"@type":"EntryPoint","urlTemplate":"https:\/\/www.notibras.com\/site\/?s={search_term_string}"},"query-input":{"@type":"PropertyValueSpecification","valueRequired":true,"valueName":"search_term_string"}}],"inLanguage":"pt-BR"},{"@type":"Organization","@id":"https:\/\/www.notibras.com\/site\/#organization","name":"Grupo Notibras de Comunica\u00e7\u00e3o","url":"https:\/\/www.notibras.com\/site\/","logo":{"@type":"ImageObject","inLanguage":"pt-BR","@id":"https:\/\/www.notibras.com\/site\/#\/schema\/logo\/image\/","url":"https:\/\/www.notibras.com\/site\/wp-content\/uploads\/2023\/01\/notibras23.png","contentUrl":"https:\/\/www.notibras.com\/site\/wp-content\/uploads\/2023\/01\/notibras23.png","width":350,"height":87,"caption":"Grupo Notibras de Comunica\u00e7\u00e3o"},"image":{"@id":"https:\/\/www.notibras.com\/site\/#\/schema\/logo\/image\/"},"sameAs":["https:\/\/www.facebook.com\/notibras\/","https:\/\/x.com\/Notibras","https:\/\/www.instagram.com\/notibras\/"]},{"@type":"Person","@id":"https:\/\/www.notibras.com\/site\/#\/schema\/person\/36ab0979449956132d3e5b517ea76ac8","name":"Reda\u00e7\u00e3o","image":{"@type":"ImageObject","inLanguage":"pt-BR","@id":"https:\/\/secure.gravatar.com\/avatar\/e0a867bdedb85fd243eadf09663511f96fc81e0720a4a42581f334ad4303aa6b?s=96&d=mm&r=g","url":"https:\/\/secure.gravatar.com\/avatar\/e0a867bdedb85fd243eadf09663511f96fc81e0720a4a42581f334ad4303aa6b?s=96&d=mm&r=g","contentUrl":"https:\/\/secure.gravatar.com\/avatar\/e0a867bdedb85fd243eadf09663511f96fc81e0720a4a42581f334ad4303aa6b?s=96&d=mm&r=g","caption":"Reda\u00e7\u00e3o"}}]}},"amp_enabled":true,"_links":{"self":[{"href":"https:\/\/www.notibras.com\/site\/wp-json\/wp\/v2\/posts\/348869","targetHints":{"allow":["GET"]}}],"collection":[{"href":"https:\/\/www.notibras.com\/site\/wp-json\/wp\/v2\/posts"}],"about":[{"href":"https:\/\/www.notibras.com\/site\/wp-json\/wp\/v2\/types\/post"}],"author":[{"embeddable":true,"href":"https:\/\/www.notibras.com\/site\/wp-json\/wp\/v2\/users\/2"}],"replies":[{"embeddable":true,"href":"https:\/\/www.notibras.com\/site\/wp-json\/wp\/v2\/comments?post=348869"}],"version-history":[{"count":4,"href":"https:\/\/www.notibras.com\/site\/wp-json\/wp\/v2\/posts\/348869\/revisions"}],"predecessor-version":[{"id":348873,"href":"https:\/\/www.notibras.com\/site\/wp-json\/wp\/v2\/posts\/348869\/revisions\/348873"}],"wp:featuredmedia":[{"embeddable":true,"href":"https:\/\/www.notibras.com\/site\/wp-json\/wp\/v2\/media\/40768"}],"wp:attachment":[{"href":"https:\/\/www.notibras.com\/site\/wp-json\/wp\/v2\/media?parent=348869"}],"wp:term":[{"taxonomy":"category","embeddable":true,"href":"https:\/\/www.notibras.com\/site\/wp-json\/wp\/v2\/categories?post=348869"},{"taxonomy":"post_tag","embeddable":true,"href":"https:\/\/www.notibras.com\/site\/wp-json\/wp\/v2\/tags?post=348869"}],"curies":[{"name":"wp","href":"https:\/\/api.w.org\/{rel}","templated":true}]}}