{"id":348881,"date":"2025-02-26T00:01:20","date_gmt":"2025-02-26T03:01:20","guid":{"rendered":"https:\/\/www.notibras.com\/site\/?p=348881"},"modified":"2025-02-26T09:21:38","modified_gmt":"2025-02-26T12:21:38","slug":"vitoria-avanca-na-copa-do-brasil-com-triunfo-sobre-o-maranhao","status":"publish","type":"post","link":"https:\/\/www.notibras.com\/site\/vitoria-avanca-na-copa-do-brasil-com-triunfo-sobre-o-maranhao\/","title":{"rendered":"Vit\u00f3ria avan\u00e7a na Copa do Brasil com triunfo sobre o Maranh\u00e3o"},"content":{"rendered":"<p>O Vit\u00f3ria derrotou o Maranh\u00e3o por 1 a 0, na noite desta ter\u00e7a-feira (25) no est\u00e1dio Castel\u00e3o, em S\u00e3o Lu\u00eds, para garantir presen\u00e7a na segunda fase da Copa do Brasil. O gol da classifica\u00e7\u00e3o foi marcado pelo volante Baralhas.<\/p>\n<p>Na pr\u00f3xima etapa da competi\u00e7\u00e3o nacional o Le\u00e3o baiano medir\u00e1 for\u00e7as com o N\u00e1utico, que goleou o Santa Cruz por 4 a 0, no Frasqueir\u00e3o, em Natal, na primeira fase da Copa do Brasil.<\/p>\n<p>O \u00fanico gol da partida saiu aos 35 minutos do segundo tempo. O atacante Janderson fez grande jogada pela ponta direita, antes de rolar para o volante Baralhas, que chegou batendo de primeira, para superar o goleiro Jean.<\/p>\n","protected":false},"excerpt":{"rendered":"<p>O Vit\u00f3ria derrotou o Maranh\u00e3o por 1 a 0, na noite desta ter\u00e7a-feira (25) no est\u00e1dio Castel\u00e3o, em S\u00e3o Lu\u00eds, para garantir presen\u00e7a na segunda fase da Copa do Brasil. O gol da classifica\u00e7\u00e3o foi marcado pelo volante Baralhas. Na pr\u00f3xima etapa da competi\u00e7\u00e3o nacional o Le\u00e3o baiano medir\u00e1 for\u00e7as com o N\u00e1utico, que goleou [&hellip;]<\/p>\n","protected":false},"author":2,"featured_media":348882,"comment_status":"closed","ping_status":"closed","sticky":false,"template":"","format":"standard","meta":{"_acf_changed":false,"footnotes":""},"categories":[165],"tags":[],"class_list":["post-348881","post","type-post","status-publish","format-standard","has-post-thumbnail","hentry","category-nordeste"],"acf":[],"_links":{"self":[{"href":"https:\/\/www.notibras.com\/site\/wp-json\/wp\/v2\/posts\/348881","targetHints":{"allow":["GET"]}}],"collection":[{"href":"https:\/\/www.notibras.com\/site\/wp-json\/wp\/v2\/posts"}],"about":[{"href":"https:\/\/www.notibras.com\/site\/wp-json\/wp\/v2\/types\/post"}],"author":[{"embeddable":true,"href":"https:\/\/www.notibras.com\/site\/wp-json\/wp\/v2\/users\/2"}],"replies":[{"embeddable":true,"href":"https:\/\/www.notibras.com\/site\/wp-json\/wp\/v2\/comments?post=348881"}],"version-history":[{"count":1,"href":"https:\/\/www.notibras.com\/site\/wp-json\/wp\/v2\/posts\/348881\/revisions"}],"predecessor-version":[{"id":348883,"href":"https:\/\/www.notibras.com\/site\/wp-json\/wp\/v2\/posts\/348881\/revisions\/348883"}],"wp:featuredmedia":[{"embeddable":true,"href":"https:\/\/www.notibras.com\/site\/wp-json\/wp\/v2\/media\/348882"}],"wp:attachment":[{"href":"https:\/\/www.notibras.com\/site\/wp-json\/wp\/v2\/media?parent=348881"}],"wp:term":[{"taxonomy":"category","embeddable":true,"href":"https:\/\/www.notibras.com\/site\/wp-json\/wp\/v2\/categories?post=348881"},{"taxonomy":"post_tag","embeddable":true,"href":"https:\/\/www.notibras.com\/site\/wp-json\/wp\/v2\/tags?post=348881"}],"curies":[{"name":"wp","href":"https:\/\/api.w.org\/{rel}","templated":true}]}}