{"id":348884,"date":"2025-02-26T00:02:27","date_gmt":"2025-02-26T03:02:27","guid":{"rendered":"https:\/\/www.notibras.com\/site\/?p=348884"},"modified":"2025-02-26T09:25:39","modified_gmt":"2025-02-26T12:25:39","slug":"bahia-da-a-volta-do-por-cima-e-se-garante-na-previa-da-libertadores","status":"publish","type":"post","link":"https:\/\/www.notibras.com\/site\/bahia-da-a-volta-do-por-cima-e-se-garante-na-previa-da-libertadores\/","title":{"rendered":"Bahia d\u00e1 a volta do por cima e se garante na pr\u00e9via da Libertadores"},"content":{"rendered":"<p>O Bahia derrotou o The Strongest (Bol\u00edvia) por 3 a 0, na noite desta ter\u00e7a-feira (25) na Arena Fonte Nova, em Salvador, e garantiu a classifica\u00e7\u00e3o para a terceira fase pr\u00e9via da Copa Libertadores, a \u00faltima antes da fase de grupos da competi\u00e7\u00e3o continental.<\/p>\n<p>A vaga foi confirmada porque o Tricolor Baiano havia ficado no 1 a 1 no confronto de ida, disputado na \u00faltima ter\u00e7a-feira (18) no est\u00e1dio Hernando Siles, que fica localizado nos 3.640 metros de altitude da cidade de La Paz.<\/p>\n<p>Empurrado por mais de 45 mil torcedores, o Bahia abriu o placar aos 39 minutos do primeiro tempo, com o atacante uruguaio Lucho Rodr\u00edguez em cobran\u00e7a de p\u00eanalti. Cinco minutos depois a miss\u00e3o da equipe brasileira ficou ainda mais simples, ap\u00f3s o The Strongest ficar com um homem a menos, gra\u00e7as \u00e0 expuls\u00e3o do zagueiro Jusino.<\/p>\n<p>Diante de um advers\u00e1rio com menor qualidade t\u00e9cnica e com inferioridade num\u00e9rica, a equipe comandada pelo t\u00e9cnico Rog\u00e9rio Ceni n\u00e3o encontrou dificuldades para confirmar a vit\u00f3ria na etapa final gra\u00e7as a dois gols do atacante Ademir, aos 2 e aos 17 minutos.<\/p>\n","protected":false},"excerpt":{"rendered":"<p>O Bahia derrotou o The Strongest (Bol\u00edvia) por 3 a 0, na noite desta ter\u00e7a-feira (25) na Arena Fonte Nova, em Salvador, e garantiu a classifica\u00e7\u00e3o para a terceira fase pr\u00e9via da Copa Libertadores, a \u00faltima antes da fase de grupos da competi\u00e7\u00e3o continental. A vaga foi confirmada porque o Tricolor Baiano havia ficado no [&hellip;]<\/p>\n","protected":false},"author":2,"featured_media":348885,"comment_status":"closed","ping_status":"closed","sticky":false,"template":"","format":"standard","meta":{"_acf_changed":false,"footnotes":""},"categories":[165],"tags":[],"class_list":["post-348884","post","type-post","status-publish","format-standard","has-post-thumbnail","hentry","category-nordeste"],"acf":[],"yoast_head":"<!-- This site is optimized with the Yoast SEO plugin v27.2 - https:\/\/yoast.com\/product\/yoast-seo-wordpress\/ -->\n<title>Bahia d\u00e1 a volta do por cima e se garante na pr\u00e9via da Libertadores - Notibras<\/title>\n<meta name=\"robots\" content=\"index, follow, max-snippet:-1, max-image-preview:large, max-video-preview:-1\" \/>\n<link rel=\"canonical\" href=\"https:\/\/www.notibras.com\/site\/bahia-da-a-volta-do-por-cima-e-se-garante-na-previa-da-libertadores\/\" \/>\n<meta property=\"og:locale\" content=\"pt_BR\" \/>\n<meta property=\"og:type\" content=\"article\" \/>\n<meta property=\"og:title\" content=\"Bahia d\u00e1 a volta do por cima e se garante na pr\u00e9via da Libertadores - Notibras\" \/>\n<meta property=\"og:description\" content=\"O Bahia derrotou o The Strongest (Bol\u00edvia) por 3 a 0, na noite desta ter\u00e7a-feira (25) na Arena Fonte Nova, em Salvador, e garantiu a classifica\u00e7\u00e3o para a terceira fase pr\u00e9via da Copa Libertadores, a \u00faltima antes da fase de grupos da competi\u00e7\u00e3o continental. A vaga foi confirmada porque o Tricolor Baiano havia ficado no [&hellip;]\" \/>\n<meta property=\"og:url\" content=\"https:\/\/www.notibras.com\/site\/bahia-da-a-volta-do-por-cima-e-se-garante-na-previa-da-libertadores\/\" \/>\n<meta property=\"og:site_name\" content=\"Notibras\" \/>\n<meta property=\"article:publisher\" content=\"https:\/\/www.facebook.com\/notibras\/\" \/>\n<meta property=\"article:published_time\" content=\"2025-02-26T03:02:27+00:00\" \/>\n<meta property=\"article:modified_time\" content=\"2025-02-26T12:25:39+00:00\" \/>\n<meta property=\"og:image\" content=\"https:\/\/www.notibras.com\/site\/wp-content\/uploads\/2025\/02\/54351447194_f11b2746c0_o.webp\" \/>\n\t<meta property=\"og:image:width\" content=\"1170\" \/>\n\t<meta property=\"og:image:height\" content=\"700\" \/>\n\t<meta property=\"og:image:type\" content=\"image\/webp\" \/>\n<meta name=\"author\" content=\"Reda\u00e7\u00e3o\" \/>\n<meta name=\"twitter:card\" content=\"summary_large_image\" \/>\n<meta name=\"twitter:creator\" content=\"@Notibras\" \/>\n<meta name=\"twitter:site\" content=\"@Notibras\" \/>\n<meta name=\"twitter:label1\" content=\"Escrito por\" \/>\n\t<meta name=\"twitter:data1\" content=\"Reda\u00e7\u00e3o\" \/>\n\t<meta name=\"twitter:label2\" content=\"Est. tempo de leitura\" \/>\n\t<meta name=\"twitter:data2\" content=\"2 minutos\" \/>\n<script type=\"application\/ld+json\" class=\"yoast-schema-graph\">{\"@context\":\"https:\/\/schema.org\",\"@graph\":[{\"@type\":\"Article\",\"@id\":\"https:\/\/www.notibras.com\/site\/bahia-da-a-volta-do-por-cima-e-se-garante-na-previa-da-libertadores\/#article\",\"isPartOf\":{\"@id\":\"https:\/\/www.notibras.com\/site\/bahia-da-a-volta-do-por-cima-e-se-garante-na-previa-da-libertadores\/\"},\"author\":{\"name\":\"Reda\u00e7\u00e3o\",\"@id\":\"https:\/\/www.notibras.com\/site\/#\/schema\/person\/36ab0979449956132d3e5b517ea76ac8\"},\"headline\":\"Bahia d\u00e1 a volta do por cima e se garante na pr\u00e9via da Libertadores\",\"datePublished\":\"2025-02-26T03:02:27+00:00\",\"dateModified\":\"2025-02-26T12:25:39+00:00\",\"mainEntityOfPage\":{\"@id\":\"https:\/\/www.notibras.com\/site\/bahia-da-a-volta-do-por-cima-e-se-garante-na-previa-da-libertadores\/\"},\"wordCount\":207,\"publisher\":{\"@id\":\"https:\/\/www.notibras.com\/site\/#organization\"},\"image\":{\"@id\":\"https:\/\/www.notibras.com\/site\/bahia-da-a-volta-do-por-cima-e-se-garante-na-previa-da-libertadores\/#primaryimage\"},\"thumbnailUrl\":\"https:\/\/www.notibras.com\/site\/wp-content\/uploads\/2025\/02\/54351447194_f11b2746c0_o.webp\",\"articleSection\":[\"Nordeste\"],\"inLanguage\":\"pt-BR\"},{\"@type\":\"WebPage\",\"@id\":\"https:\/\/www.notibras.com\/site\/bahia-da-a-volta-do-por-cima-e-se-garante-na-previa-da-libertadores\/\",\"url\":\"https:\/\/www.notibras.com\/site\/bahia-da-a-volta-do-por-cima-e-se-garante-na-previa-da-libertadores\/\",\"name\":\"Bahia d\u00e1 a volta do por cima e se garante na pr\u00e9via da Libertadores - Notibras\",\"isPartOf\":{\"@id\":\"https:\/\/www.notibras.com\/site\/#website\"},\"primaryImageOfPage\":{\"@id\":\"https:\/\/www.notibras.com\/site\/bahia-da-a-volta-do-por-cima-e-se-garante-na-previa-da-libertadores\/#primaryimage\"},\"image\":{\"@id\":\"https:\/\/www.notibras.com\/site\/bahia-da-a-volta-do-por-cima-e-se-garante-na-previa-da-libertadores\/#primaryimage\"},\"thumbnailUrl\":\"https:\/\/www.notibras.com\/site\/wp-content\/uploads\/2025\/02\/54351447194_f11b2746c0_o.webp\",\"datePublished\":\"2025-02-26T03:02:27+00:00\",\"dateModified\":\"2025-02-26T12:25:39+00:00\",\"breadcrumb\":{\"@id\":\"https:\/\/www.notibras.com\/site\/bahia-da-a-volta-do-por-cima-e-se-garante-na-previa-da-libertadores\/#breadcrumb\"},\"inLanguage\":\"pt-BR\",\"potentialAction\":[{\"@type\":\"ReadAction\",\"target\":[\"https:\/\/www.notibras.com\/site\/bahia-da-a-volta-do-por-cima-e-se-garante-na-previa-da-libertadores\/\"]}]},{\"@type\":\"ImageObject\",\"inLanguage\":\"pt-BR\",\"@id\":\"https:\/\/www.notibras.com\/site\/bahia-da-a-volta-do-por-cima-e-se-garante-na-previa-da-libertadores\/#primaryimage\",\"url\":\"https:\/\/www.notibras.com\/site\/wp-content\/uploads\/2025\/02\/54351447194_f11b2746c0_o.webp\",\"contentUrl\":\"https:\/\/www.notibras.com\/site\/wp-content\/uploads\/2025\/02\/54351447194_f11b2746c0_o.webp\",\"width\":1170,\"height\":700},{\"@type\":\"BreadcrumbList\",\"@id\":\"https:\/\/www.notibras.com\/site\/bahia-da-a-volta-do-por-cima-e-se-garante-na-previa-da-libertadores\/#breadcrumb\",\"itemListElement\":[{\"@type\":\"ListItem\",\"position\":1,\"name\":\"In\u00edcio\",\"item\":\"https:\/\/www.notibras.com\/site\/\"},{\"@type\":\"ListItem\",\"position\":2,\"name\":\"Bahia d\u00e1 a volta do por cima e se garante na pr\u00e9via da Libertadores\"}]},{\"@type\":\"WebSite\",\"@id\":\"https:\/\/www.notibras.com\/site\/#website\",\"url\":\"https:\/\/www.notibras.com\/site\/\",\"name\":\"Notibras\",\"description\":\"Not\u00edcias de Bras\u00edlia, do Brasil e do Mundo\",\"publisher\":{\"@id\":\"https:\/\/www.notibras.com\/site\/#organization\"},\"potentialAction\":[{\"@type\":\"SearchAction\",\"target\":{\"@type\":\"EntryPoint\",\"urlTemplate\":\"https:\/\/www.notibras.com\/site\/?s={search_term_string}\"},\"query-input\":{\"@type\":\"PropertyValueSpecification\",\"valueRequired\":true,\"valueName\":\"search_term_string\"}}],\"inLanguage\":\"pt-BR\"},{\"@type\":\"Organization\",\"@id\":\"https:\/\/www.notibras.com\/site\/#organization\",\"name\":\"Grupo Notibras de Comunica\u00e7\u00e3o\",\"url\":\"https:\/\/www.notibras.com\/site\/\",\"logo\":{\"@type\":\"ImageObject\",\"inLanguage\":\"pt-BR\",\"@id\":\"https:\/\/www.notibras.com\/site\/#\/schema\/logo\/image\/\",\"url\":\"https:\/\/www.notibras.com\/site\/wp-content\/uploads\/2023\/01\/notibras23.png\",\"contentUrl\":\"https:\/\/www.notibras.com\/site\/wp-content\/uploads\/2023\/01\/notibras23.png\",\"width\":350,\"height\":87,\"caption\":\"Grupo Notibras de Comunica\u00e7\u00e3o\"},\"image\":{\"@id\":\"https:\/\/www.notibras.com\/site\/#\/schema\/logo\/image\/\"},\"sameAs\":[\"https:\/\/www.facebook.com\/notibras\/\",\"https:\/\/x.com\/Notibras\",\"https:\/\/www.instagram.com\/notibras\/\"]},{\"@type\":\"Person\",\"@id\":\"https:\/\/www.notibras.com\/site\/#\/schema\/person\/36ab0979449956132d3e5b517ea76ac8\",\"name\":\"Reda\u00e7\u00e3o\",\"image\":{\"@type\":\"ImageObject\",\"inLanguage\":\"pt-BR\",\"@id\":\"https:\/\/secure.gravatar.com\/avatar\/e0a867bdedb85fd243eadf09663511f96fc81e0720a4a42581f334ad4303aa6b?s=96&d=mm&r=g\",\"url\":\"https:\/\/secure.gravatar.com\/avatar\/e0a867bdedb85fd243eadf09663511f96fc81e0720a4a42581f334ad4303aa6b?s=96&d=mm&r=g\",\"contentUrl\":\"https:\/\/secure.gravatar.com\/avatar\/e0a867bdedb85fd243eadf09663511f96fc81e0720a4a42581f334ad4303aa6b?s=96&d=mm&r=g\",\"caption\":\"Reda\u00e7\u00e3o\"}}]}<\/script>\n<!-- \/ Yoast SEO plugin. -->","yoast_head_json":{"title":"Bahia d\u00e1 a volta do por cima e se garante na pr\u00e9via da Libertadores - Notibras","robots":{"index":"index","follow":"follow","max-snippet":"max-snippet:-1","max-image-preview":"max-image-preview:large","max-video-preview":"max-video-preview:-1"},"canonical":"https:\/\/www.notibras.com\/site\/bahia-da-a-volta-do-por-cima-e-se-garante-na-previa-da-libertadores\/","og_locale":"pt_BR","og_type":"article","og_title":"Bahia d\u00e1 a volta do por cima e se garante na pr\u00e9via da Libertadores - Notibras","og_description":"O Bahia derrotou o The Strongest (Bol\u00edvia) por 3 a 0, na noite desta ter\u00e7a-feira (25) na Arena Fonte Nova, em Salvador, e garantiu a classifica\u00e7\u00e3o para a terceira fase pr\u00e9via da Copa Libertadores, a \u00faltima antes da fase de grupos da competi\u00e7\u00e3o continental. A vaga foi confirmada porque o Tricolor Baiano havia ficado no [&hellip;]","og_url":"https:\/\/www.notibras.com\/site\/bahia-da-a-volta-do-por-cima-e-se-garante-na-previa-da-libertadores\/","og_site_name":"Notibras","article_publisher":"https:\/\/www.facebook.com\/notibras\/","article_published_time":"2025-02-26T03:02:27+00:00","article_modified_time":"2025-02-26T12:25:39+00:00","og_image":[{"width":1170,"height":700,"url":"https:\/\/www.notibras.com\/site\/wp-content\/uploads\/2025\/02\/54351447194_f11b2746c0_o.webp","type":"image\/webp"}],"author":"Reda\u00e7\u00e3o","twitter_card":"summary_large_image","twitter_creator":"@Notibras","twitter_site":"@Notibras","twitter_misc":{"Escrito por":"Reda\u00e7\u00e3o","Est. tempo de leitura":"2 minutos"},"schema":{"@context":"https:\/\/schema.org","@graph":[{"@type":"Article","@id":"https:\/\/www.notibras.com\/site\/bahia-da-a-volta-do-por-cima-e-se-garante-na-previa-da-libertadores\/#article","isPartOf":{"@id":"https:\/\/www.notibras.com\/site\/bahia-da-a-volta-do-por-cima-e-se-garante-na-previa-da-libertadores\/"},"author":{"name":"Reda\u00e7\u00e3o","@id":"https:\/\/www.notibras.com\/site\/#\/schema\/person\/36ab0979449956132d3e5b517ea76ac8"},"headline":"Bahia d\u00e1 a volta do por cima e se garante na pr\u00e9via da Libertadores","datePublished":"2025-02-26T03:02:27+00:00","dateModified":"2025-02-26T12:25:39+00:00","mainEntityOfPage":{"@id":"https:\/\/www.notibras.com\/site\/bahia-da-a-volta-do-por-cima-e-se-garante-na-previa-da-libertadores\/"},"wordCount":207,"publisher":{"@id":"https:\/\/www.notibras.com\/site\/#organization"},"image":{"@id":"https:\/\/www.notibras.com\/site\/bahia-da-a-volta-do-por-cima-e-se-garante-na-previa-da-libertadores\/#primaryimage"},"thumbnailUrl":"https:\/\/www.notibras.com\/site\/wp-content\/uploads\/2025\/02\/54351447194_f11b2746c0_o.webp","articleSection":["Nordeste"],"inLanguage":"pt-BR"},{"@type":"WebPage","@id":"https:\/\/www.notibras.com\/site\/bahia-da-a-volta-do-por-cima-e-se-garante-na-previa-da-libertadores\/","url":"https:\/\/www.notibras.com\/site\/bahia-da-a-volta-do-por-cima-e-se-garante-na-previa-da-libertadores\/","name":"Bahia d\u00e1 a volta do por cima e se garante na pr\u00e9via da Libertadores - Notibras","isPartOf":{"@id":"https:\/\/www.notibras.com\/site\/#website"},"primaryImageOfPage":{"@id":"https:\/\/www.notibras.com\/site\/bahia-da-a-volta-do-por-cima-e-se-garante-na-previa-da-libertadores\/#primaryimage"},"image":{"@id":"https:\/\/www.notibras.com\/site\/bahia-da-a-volta-do-por-cima-e-se-garante-na-previa-da-libertadores\/#primaryimage"},"thumbnailUrl":"https:\/\/www.notibras.com\/site\/wp-content\/uploads\/2025\/02\/54351447194_f11b2746c0_o.webp","datePublished":"2025-02-26T03:02:27+00:00","dateModified":"2025-02-26T12:25:39+00:00","breadcrumb":{"@id":"https:\/\/www.notibras.com\/site\/bahia-da-a-volta-do-por-cima-e-se-garante-na-previa-da-libertadores\/#breadcrumb"},"inLanguage":"pt-BR","potentialAction":[{"@type":"ReadAction","target":["https:\/\/www.notibras.com\/site\/bahia-da-a-volta-do-por-cima-e-se-garante-na-previa-da-libertadores\/"]}]},{"@type":"ImageObject","inLanguage":"pt-BR","@id":"https:\/\/www.notibras.com\/site\/bahia-da-a-volta-do-por-cima-e-se-garante-na-previa-da-libertadores\/#primaryimage","url":"https:\/\/www.notibras.com\/site\/wp-content\/uploads\/2025\/02\/54351447194_f11b2746c0_o.webp","contentUrl":"https:\/\/www.notibras.com\/site\/wp-content\/uploads\/2025\/02\/54351447194_f11b2746c0_o.webp","width":1170,"height":700},{"@type":"BreadcrumbList","@id":"https:\/\/www.notibras.com\/site\/bahia-da-a-volta-do-por-cima-e-se-garante-na-previa-da-libertadores\/#breadcrumb","itemListElement":[{"@type":"ListItem","position":1,"name":"In\u00edcio","item":"https:\/\/www.notibras.com\/site\/"},{"@type":"ListItem","position":2,"name":"Bahia d\u00e1 a volta do por cima e se garante na pr\u00e9via da Libertadores"}]},{"@type":"WebSite","@id":"https:\/\/www.notibras.com\/site\/#website","url":"https:\/\/www.notibras.com\/site\/","name":"Notibras","description":"Not\u00edcias de Bras\u00edlia, do Brasil e do Mundo","publisher":{"@id":"https:\/\/www.notibras.com\/site\/#organization"},"potentialAction":[{"@type":"SearchAction","target":{"@type":"EntryPoint","urlTemplate":"https:\/\/www.notibras.com\/site\/?s={search_term_string}"},"query-input":{"@type":"PropertyValueSpecification","valueRequired":true,"valueName":"search_term_string"}}],"inLanguage":"pt-BR"},{"@type":"Organization","@id":"https:\/\/www.notibras.com\/site\/#organization","name":"Grupo Notibras de Comunica\u00e7\u00e3o","url":"https:\/\/www.notibras.com\/site\/","logo":{"@type":"ImageObject","inLanguage":"pt-BR","@id":"https:\/\/www.notibras.com\/site\/#\/schema\/logo\/image\/","url":"https:\/\/www.notibras.com\/site\/wp-content\/uploads\/2023\/01\/notibras23.png","contentUrl":"https:\/\/www.notibras.com\/site\/wp-content\/uploads\/2023\/01\/notibras23.png","width":350,"height":87,"caption":"Grupo Notibras de Comunica\u00e7\u00e3o"},"image":{"@id":"https:\/\/www.notibras.com\/site\/#\/schema\/logo\/image\/"},"sameAs":["https:\/\/www.facebook.com\/notibras\/","https:\/\/x.com\/Notibras","https:\/\/www.instagram.com\/notibras\/"]},{"@type":"Person","@id":"https:\/\/www.notibras.com\/site\/#\/schema\/person\/36ab0979449956132d3e5b517ea76ac8","name":"Reda\u00e7\u00e3o","image":{"@type":"ImageObject","inLanguage":"pt-BR","@id":"https:\/\/secure.gravatar.com\/avatar\/e0a867bdedb85fd243eadf09663511f96fc81e0720a4a42581f334ad4303aa6b?s=96&d=mm&r=g","url":"https:\/\/secure.gravatar.com\/avatar\/e0a867bdedb85fd243eadf09663511f96fc81e0720a4a42581f334ad4303aa6b?s=96&d=mm&r=g","contentUrl":"https:\/\/secure.gravatar.com\/avatar\/e0a867bdedb85fd243eadf09663511f96fc81e0720a4a42581f334ad4303aa6b?s=96&d=mm&r=g","caption":"Reda\u00e7\u00e3o"}}]}},"amp_enabled":true,"_links":{"self":[{"href":"https:\/\/www.notibras.com\/site\/wp-json\/wp\/v2\/posts\/348884","targetHints":{"allow":["GET"]}}],"collection":[{"href":"https:\/\/www.notibras.com\/site\/wp-json\/wp\/v2\/posts"}],"about":[{"href":"https:\/\/www.notibras.com\/site\/wp-json\/wp\/v2\/types\/post"}],"author":[{"embeddable":true,"href":"https:\/\/www.notibras.com\/site\/wp-json\/wp\/v2\/users\/2"}],"replies":[{"embeddable":true,"href":"https:\/\/www.notibras.com\/site\/wp-json\/wp\/v2\/comments?post=348884"}],"version-history":[{"count":1,"href":"https:\/\/www.notibras.com\/site\/wp-json\/wp\/v2\/posts\/348884\/revisions"}],"predecessor-version":[{"id":348886,"href":"https:\/\/www.notibras.com\/site\/wp-json\/wp\/v2\/posts\/348884\/revisions\/348886"}],"wp:featuredmedia":[{"embeddable":true,"href":"https:\/\/www.notibras.com\/site\/wp-json\/wp\/v2\/media\/348885"}],"wp:attachment":[{"href":"https:\/\/www.notibras.com\/site\/wp-json\/wp\/v2\/media?parent=348884"}],"wp:term":[{"taxonomy":"category","embeddable":true,"href":"https:\/\/www.notibras.com\/site\/wp-json\/wp\/v2\/categories?post=348884"},{"taxonomy":"post_tag","embeddable":true,"href":"https:\/\/www.notibras.com\/site\/wp-json\/wp\/v2\/tags?post=348884"}],"curies":[{"name":"wp","href":"https:\/\/api.w.org\/{rel}","templated":true}]}}