{"id":348939,"date":"2025-02-27T00:33:12","date_gmt":"2025-02-27T03:33:12","guid":{"rendered":"https:\/\/www.notibras.com\/site\/?p=348939"},"modified":"2025-02-27T06:34:53","modified_gmt":"2025-02-27T09:34:53","slug":"saude-publica-vai-mal-e-a-tendencia-e-ficar-pior","status":"publish","type":"post","link":"https:\/\/www.notibras.com\/site\/saude-publica-vai-mal-e-a-tendencia-e-ficar-pior\/","title":{"rendered":"Sa\u00fade p\u00fablica vai mal e a tend\u00eancia \u00e9 ficar pior"},"content":{"rendered":"<p>Em reuni\u00e3o que debateu os desafios e solu\u00e7\u00f5es para o futuro da sa\u00fade, a C\u00e2mara Legislativa recebeu usu\u00e1rios do SUS, conselhos de sa\u00fade, sindicatos e associa\u00e7\u00f5es representantes de classe. Os participantes criticaram o que chamaram de \u201cprocesso de precariza\u00e7\u00e3o\u201d que a sa\u00fade p\u00fablica vem enfrentando nos \u00faltimos anos e apontaram a necessidade de revis\u00e3o das diretrizes pensadas pelo Executivo com rela\u00e7\u00e3o \u00e0 gest\u00e3o do sistema.<\/p>\n<p>O evento foi conduzido pela presidente da Comiss\u00e3o de Sa\u00fade (CSA), deputada Dayse Amarilio (PSB), que elencou alguns pontos que considera preocupantes na gest\u00e3o da pasta. A efetividade dos servi\u00e7os prestados pelo Instituto de Gest\u00e3o Estrat\u00e9gica de Sa\u00fade do Distrito Federal (Iges-DF) foi um dos pontos questionados. Segundo a parlamentar, o atual governo tem optado por alocar recursos no Iges em detrimento do investimento direto na estrutura p\u00fablica de sa\u00fade.<\/p>\n<p>Amarilho criticou ainda a falta de reposi\u00e7\u00e3o de servidores da secretaria. Segundo ela, o d\u00e9ficit de trabalhadores chega a 25 mil postos, o que compromete a qualidade do servi\u00e7o prestado e evidencia a inefici\u00eancia da aloca\u00e7\u00e3o de recursos.<\/p>\n<p>\u201cAlgo que temos ouvido bastante \u00e9 que a Sa\u00fade n\u00e3o tem recursos, mas o que temos percebido \u00e9 que ela tem sim. S\u00e3o R$ 14 bilh\u00f5es no or\u00e7amento, mas como estamos alocando esse recurso?\u201d, questionou a parlamentar.<\/p>\n<p>Para o deputado Gabriel Magno (PT), a privatiza\u00e7\u00e3o e terceiriza\u00e7\u00e3o das atividades na Sa\u00fade s\u00e3o um \u201cprojeto pol\u00edtico\u201d, que se evidencia na transfer\u00eancia da gest\u00e3o do sistema ao Iges.<\/p>\n<p>\u201cInfelizmente, o governador do DF fez uma op\u00e7\u00e3o, n\u00e3o era obrigado a fazer, n\u00e3o era a \u00fanica alternativa. [&#8230;] O governo insiste na privatiza\u00e7\u00e3o, e o faz de maneira completamente ilegal. O Iges n\u00e3o manda no SUS, ele n\u00e3o pode assumir a dire\u00e7\u00e3o\u201d, declarou. Ele criticou ainda o fato de que o instituto passar\u00e1 a ser gestor de seu pr\u00f3prio contrato de presta\u00e7\u00e3o de servi\u00e7o. \u201cAl\u00e9m de imoral e de um completo absurdo, isso \u00e9 ilegal\u201d, afirmou.<\/p>\n<p>O distrital mencionou ainda o recente pedido de recomposi\u00e7\u00e3o salarial das for\u00e7as de seguran\u00e7a do DF enviado pelo governador ao Pal\u00e1cio do Planalto. Magno cobrou do governo uma postura mais ison\u00f4mica com rela\u00e7\u00e3o aos profissionais de outras \u00e1reas, como educa\u00e7\u00e3o e sa\u00fade. Ele explicou que o pedido de reajuste baseou-se na eleva\u00e7\u00e3o de R$ 2,5 bilh\u00f5es do valor recebido pelos cofres p\u00fablicos oriundos do Fundo Constitucional.<\/p>\n<p>\u201cEu acho super leg\u00edtimo o reajuste. Mas por que a seguran\u00e7a vai ter reajuste e as \u00e1reas de sa\u00fade e educa\u00e7\u00e3o \u2013 que tamb\u00e9m compartilham do Fundo Constitucional \u2013 est\u00e3o com zero?\u201d indagou.<\/p>\n<p>A enfermeira L\u00edgia Maria tamb\u00e9m fez duras cr\u00edticas ao modelo de gest\u00e3o da sa\u00fade p\u00fablica adotado desde 2018. Para ela, o vi\u00e9s de privatiza\u00e7\u00e3o da presta\u00e7\u00e3o dos servi\u00e7os fere o princ\u00edpio do interesse p\u00fablico relacionado \u00e0 sa\u00fade. \u201c\u00c9 um modelo de morte, de precariza\u00e7\u00e3o do trabalho\u201d, criticou.<\/p>\n<p><strong>Comit\u00ea<\/strong><br \/>\nOutro alvo de cr\u00edticas pelos participantes da reuni\u00e3o foi a nomea\u00e7\u00e3o dos membros do Comit\u00ea de Planejamento da Sa\u00fade, ato assinado nesta segunda-feira (24) pelo governador Ibaneis Rocha (MDB). O comit\u00ea foi criado para apoiar a Secretaria de Sa\u00fade em a\u00e7\u00f5es voltadas \u00e0 elabora\u00e7\u00e3o e execu\u00e7\u00e3o de pol\u00edticas p\u00fablicas, com foco na promo\u00e7\u00e3o, preven\u00e7\u00e3o e assist\u00eancia.<\/p>\n<p>Representantes de categorias alegaram que o colegiado, composto por 13 pessoas, n\u00e3o possui nenhum titular oriundo da rede p\u00fablica, o que compromete a percep\u00e7\u00e3o de seus membros com rela\u00e7\u00e3o aos principais desafios enfrentados no servi\u00e7o p\u00fablico. \u201cComo que v\u00e3o gerir a sa\u00fade p\u00fablica se n\u00e3o tem ningu\u00e9m da sa\u00fade p\u00fablica?\u201d, indagou a servidora Laura, da SES\/DF.<\/p>\n<p>A presidente do Conselho Regional de Medicina (CRM\/DF), Livia Vanessa, comentou que gest\u00e3o da pasta n\u00e3o est\u00e1 sendo transparente. Prova disso, segundo ela, foi a necessidade de revoga\u00e7\u00e3o do decreto que criava o Comit\u00ea Gestor da Sa\u00fade, fato que se deu ap\u00f3s cr\u00edticas de parlamentares e profissionais da \u00e1rea.<\/p>\n<p>De acordo com o texto que foi revogado, o \u00f3rg\u00e3o, que seria vinculado \u00e0 Secretaria de Economia, iria se sobrepor ao Conselho de Sa\u00fade e usurpar atribui\u00e7\u00f5es da SES\/DF. \u201cOs usu\u00e1rios e trabalhadores tem que ser ouvidos. H\u00e1 um desrespeito total ao controle social\u201d, declarou Vanessa.<\/p>\n<p>Outro alvo de manifesta\u00e7\u00f5es pelos participantes foi a nomea\u00e7\u00e3o de Juracy Cavalcante como novo secret\u00e1rio de Sa\u00fade do DF, na \u00faltima quinta-feira (20). Para os participantes, a escolha dele fere o princ\u00edpio do interesse p\u00fablico, uma vez que Cavalcante era, at\u00e9 ent\u00e3o, presidente do Iges\/DF. \u201cOs poderes se confundem\u201d, comentou a presidente do CRM.<\/p>\n<p><strong>CPI<\/strong><br \/>\nTanto Dayse Amarilio quanto Gabriel Magno pediram maior cobran\u00e7a da popula\u00e7\u00e3o para que a CPI da Sa\u00fade \u2013 que tem como um de seus objetivos investigar poss\u00edveis irregularidades na gest\u00e3o do Iges\/DF \u2013 siga adiante e entre na pauta da Casa. Conforme explicaram, h\u00e1 outra Comiss\u00e3o Permanente na fila (CPI do Rio Melchior), e h\u00e1 a necessidade de se cumprir o cronograma estabelecido.<\/p>\n<p>De acordo com eles, a mobiliza\u00e7\u00e3o popular \u00e9 importante para que a CPI da Sa\u00fade siga na sequ\u00eancia e possa entrar em pauta. \u201c\u00c9 fundamental que se instale a CPI da Sa\u00fade. Precisamos fiscalizar o Iges\u201d, declarou Amarilio.<\/p>\n","protected":false},"excerpt":{"rendered":"<p>Em reuni\u00e3o que debateu os desafios e solu\u00e7\u00f5es para o futuro da sa\u00fade, a C\u00e2mara Legislativa recebeu usu\u00e1rios do SUS, conselhos de sa\u00fade, sindicatos e associa\u00e7\u00f5es representantes de classe. Os participantes criticaram o que chamaram de \u201cprocesso de precariza\u00e7\u00e3o\u201d que a sa\u00fade p\u00fablica vem enfrentando nos \u00faltimos anos e apontaram a necessidade de revis\u00e3o das [&hellip;]<\/p>\n","protected":false},"author":2,"featured_media":348940,"comment_status":"closed","ping_status":"closed","sticky":false,"template":"","format":"standard","meta":{"_acf_changed":false,"footnotes":""},"categories":[161],"tags":[],"class_list":["post-348939","post","type-post","status-publish","format-standard","has-post-thumbnail","hentry","category-quadradinho-em-foco"],"acf":[],"_links":{"self":[{"href":"https:\/\/www.notibras.com\/site\/wp-json\/wp\/v2\/posts\/348939","targetHints":{"allow":["GET"]}}],"collection":[{"href":"https:\/\/www.notibras.com\/site\/wp-json\/wp\/v2\/posts"}],"about":[{"href":"https:\/\/www.notibras.com\/site\/wp-json\/wp\/v2\/types\/post"}],"author":[{"embeddable":true,"href":"https:\/\/www.notibras.com\/site\/wp-json\/wp\/v2\/users\/2"}],"replies":[{"embeddable":true,"href":"https:\/\/www.notibras.com\/site\/wp-json\/wp\/v2\/comments?post=348939"}],"version-history":[{"count":1,"href":"https:\/\/www.notibras.com\/site\/wp-json\/wp\/v2\/posts\/348939\/revisions"}],"predecessor-version":[{"id":348941,"href":"https:\/\/www.notibras.com\/site\/wp-json\/wp\/v2\/posts\/348939\/revisions\/348941"}],"wp:featuredmedia":[{"embeddable":true,"href":"https:\/\/www.notibras.com\/site\/wp-json\/wp\/v2\/media\/348940"}],"wp:attachment":[{"href":"https:\/\/www.notibras.com\/site\/wp-json\/wp\/v2\/media?parent=348939"}],"wp:term":[{"taxonomy":"category","embeddable":true,"href":"https:\/\/www.notibras.com\/site\/wp-json\/wp\/v2\/categories?post=348939"},{"taxonomy":"post_tag","embeddable":true,"href":"https:\/\/www.notibras.com\/site\/wp-json\/wp\/v2\/tags?post=348939"}],"curies":[{"name":"wp","href":"https:\/\/api.w.org\/{rel}","templated":true}]}}