{"id":348942,"date":"2025-02-27T00:00:01","date_gmt":"2025-02-27T03:00:01","guid":{"rendered":"https:\/\/www.notibras.com\/site\/?p=348942"},"modified":"2025-02-27T06:43:17","modified_gmt":"2025-02-27T09:43:17","slug":"vale-quer-fundo-para-questoes-emergenciais-de-faculdades-publicas","status":"publish","type":"post","link":"https:\/\/www.notibras.com\/site\/vale-quer-fundo-para-questoes-emergenciais-de-faculdades-publicas\/","title":{"rendered":"Vale quer fundo para quest\u00f5es emergenciais de faculdades p\u00fablicas"},"content":{"rendered":"<p>O vice-presidente da C\u00e2mara Legislativa, deputado distrital Ricardo Vale (PT), apresentou nesta semana o projeto de lei n\u00ba 1.577\/2025, que prop\u00f5e a cria\u00e7\u00e3o do Programa de Descentraliza\u00e7\u00e3o Administrativa e Financeira em institui\u00e7\u00f5es de ensino superior, o PDAF Universit\u00e1rio. J\u00e1 aplicado em escolas do ensino b\u00e1sico, trata-se de um modelo para garantir autonomia financeira e agilidade na resolu\u00e7\u00e3o de demandas corriqueiras.<\/p>\n<p>Institui\u00e7\u00f5es como a Universidade do Distrito Federal (UnDF) e a Escola Superior de Ci\u00eancias da Sa\u00fade (ESCS) podem ser contempladas pela medida. Caso seja aprovado, o texto vai possibilitar o repasse de recursos de emendas parlamentares e de outras fontes para investimentos diretos no ensino e na infraestrutura acad\u00eamica.<\/p>\n<p>Ricardo Vale defende que a amplia\u00e7\u00e3o do modelo vai facilitar a gest\u00e3o e permitir\u00e1 que as universidades invistam conforme suas necessidades. \u201cO PDAF j\u00e1 transformou a realidade de muitas escolas da educa\u00e7\u00e3o b\u00e1sica, garantindo recursos diretamente para melhorias estruturais e pedag\u00f3gicas. Nosso objetivo agora \u00e9 estender esse benef\u00edcio para as universidades p\u00fablicas do DF, assegurando mais condi\u00e7\u00f5es para a forma\u00e7\u00e3o acad\u00eamica e profissional dos estudantes\u201d, destacou o parlamentar.<\/p>\n<p>Entre os principais objetivos do PDAF Universit\u00e1rio est\u00e3o a descentraliza\u00e7\u00e3o financeira, o fortalecimento da participa\u00e7\u00e3o social na gest\u00e3o universit\u00e1ria e o aprimoramento da qualidade do ensino superior no DF. A proposta tamb\u00e9m prev\u00ea mecanismos de transpar\u00eancia e fiscaliza\u00e7\u00e3o para garantir o uso adequado dos recursos.<\/p>\n<p>\u201cA UnDF, por exemplo, ainda \u00e9 uma institui\u00e7\u00e3o recente e precisa de mecanismos que possibilitem um crescimento estruturado e eficiente. Com o PDAF Universit\u00e1rio, damos um passo importante para garantir mais investimentos e maior capacidade de gest\u00e3o para a nossa educa\u00e7\u00e3o superior\u201d, refor\u00e7ou Vale.<\/p>\n","protected":false},"excerpt":{"rendered":"<p>O vice-presidente da C\u00e2mara Legislativa, deputado distrital Ricardo Vale (PT), apresentou nesta semana o projeto de lei n\u00ba 1.577\/2025, que prop\u00f5e a cria\u00e7\u00e3o do Programa de Descentraliza\u00e7\u00e3o Administrativa e Financeira em institui\u00e7\u00f5es de ensino superior, o PDAF Universit\u00e1rio. J\u00e1 aplicado em escolas do ensino b\u00e1sico, trata-se de um modelo para garantir autonomia financeira e agilidade [&hellip;]<\/p>\n","protected":false},"author":2,"featured_media":348944,"comment_status":"closed","ping_status":"closed","sticky":false,"template":"","format":"standard","meta":{"_acf_changed":false,"footnotes":""},"categories":[161],"tags":[],"class_list":["post-348942","post","type-post","status-publish","format-standard","has-post-thumbnail","hentry","category-quadradinho-em-foco"],"acf":[],"_links":{"self":[{"href":"https:\/\/www.notibras.com\/site\/wp-json\/wp\/v2\/posts\/348942","targetHints":{"allow":["GET"]}}],"collection":[{"href":"https:\/\/www.notibras.com\/site\/wp-json\/wp\/v2\/posts"}],"about":[{"href":"https:\/\/www.notibras.com\/site\/wp-json\/wp\/v2\/types\/post"}],"author":[{"embeddable":true,"href":"https:\/\/www.notibras.com\/site\/wp-json\/wp\/v2\/users\/2"}],"replies":[{"embeddable":true,"href":"https:\/\/www.notibras.com\/site\/wp-json\/wp\/v2\/comments?post=348942"}],"version-history":[{"count":1,"href":"https:\/\/www.notibras.com\/site\/wp-json\/wp\/v2\/posts\/348942\/revisions"}],"predecessor-version":[{"id":348945,"href":"https:\/\/www.notibras.com\/site\/wp-json\/wp\/v2\/posts\/348942\/revisions\/348945"}],"wp:featuredmedia":[{"embeddable":true,"href":"https:\/\/www.notibras.com\/site\/wp-json\/wp\/v2\/media\/348944"}],"wp:attachment":[{"href":"https:\/\/www.notibras.com\/site\/wp-json\/wp\/v2\/media?parent=348942"}],"wp:term":[{"taxonomy":"category","embeddable":true,"href":"https:\/\/www.notibras.com\/site\/wp-json\/wp\/v2\/categories?post=348942"},{"taxonomy":"post_tag","embeddable":true,"href":"https:\/\/www.notibras.com\/site\/wp-json\/wp\/v2\/tags?post=348942"}],"curies":[{"name":"wp","href":"https:\/\/api.w.org\/{rel}","templated":true}]}}