{"id":348946,"date":"2025-02-27T00:00:32","date_gmt":"2025-02-27T03:00:32","guid":{"rendered":"https:\/\/www.notibras.com\/site\/?p=348946"},"modified":"2025-02-27T06:52:56","modified_gmt":"2025-02-27T09:52:56","slug":"slu-instala-mais-de-400-novas-lixeiras-no-plano-piloto","status":"publish","type":"post","link":"https:\/\/www.notibras.com\/site\/slu-instala-mais-de-400-novas-lixeiras-no-plano-piloto\/","title":{"rendered":"SLU instala mais de 400 novas lixeiras no Plano Piloto"},"content":{"rendered":"<p>O Servi\u00e7o de Limpeza Urbana finalizou a instala\u00e7\u00e3o de novas lixeiras em \u00e1reas estrat\u00e9gicas do Plano Piloto, contemplando pontos comerciais das Asas Sul e Norte e locais tur\u00edsticos do centro de Bras\u00edlia. Os equipamentos foram posicionados em locais de grande circula\u00e7\u00e3o para facilitar o descarte adequado de pequenos res\u00edduos gerados pela popula\u00e7\u00e3o enquanto transita pelas ruas.<\/p>\n<p>As novas lixeiras instaladas s\u00e3o feitas de chapa de a\u00e7o, na cor verde escura, com capacidade de cerca de 50 litros. Ao todo, 409 unidades j\u00e1 foram distribu\u00eddas em diversas localidades, mas o trabalho continua. \u201cFinalizamos hoje a instala\u00e7\u00e3o nos pontos estrat\u00e9gicos do Plano Piloto, bem a tempo do per\u00edodo de Carnaval, para incentivar os foli\u00f5es no descarte correto. Ao todo, ser\u00e3o 900 lixeiras, portanto, continuaremos o trabalho em novas localidades\u201d, afirmou o diretor-presidente do SLU, Luiz Felipe Carvalho.<\/p>\n<p>H\u00e1 mais de quatro anos, a popula\u00e7\u00e3o aguardava esse refor\u00e7o na instala\u00e7\u00e3o de mais lixeiras. O \u00faltimo ocorreu em 2020, e muitas das lixeiras j\u00e1 est\u00e3o vandalizadas.<\/p>\n<p>Al\u00e9m das Asas Sul e Norte, os equipamentos j\u00e1 podem ser encontrados pr\u00f3ximos a locais tur\u00edsticos como Memorial JK, Memorial dos Povos Ind\u00edgenas, Pra\u00e7a do Cruzeiro, Eixo Monumental, Museu da Rep\u00fablica, Catedral, Biblioteca Nacional e Torre de TV Digital. A a\u00e7\u00e3o refor\u00e7a o compromisso do SLU em manter a cidade limpa e incentivar h\u00e1bitos sustent\u00e1veis entre os cidad\u00e3os.<\/p>\n","protected":false},"excerpt":{"rendered":"<p>O Servi\u00e7o de Limpeza Urbana finalizou a instala\u00e7\u00e3o de novas lixeiras em \u00e1reas estrat\u00e9gicas do Plano Piloto, contemplando pontos comerciais das Asas Sul e Norte e locais tur\u00edsticos do centro de Bras\u00edlia. Os equipamentos foram posicionados em locais de grande circula\u00e7\u00e3o para facilitar o descarte adequado de pequenos res\u00edduos gerados pela popula\u00e7\u00e3o enquanto transita pelas [&hellip;]<\/p>\n","protected":false},"author":2,"featured_media":348947,"comment_status":"closed","ping_status":"closed","sticky":false,"template":"","format":"standard","meta":{"_acf_changed":false,"footnotes":""},"categories":[161],"tags":[],"class_list":["post-348946","post","type-post","status-publish","format-standard","has-post-thumbnail","hentry","category-quadradinho-em-foco"],"acf":[],"_links":{"self":[{"href":"https:\/\/www.notibras.com\/site\/wp-json\/wp\/v2\/posts\/348946","targetHints":{"allow":["GET"]}}],"collection":[{"href":"https:\/\/www.notibras.com\/site\/wp-json\/wp\/v2\/posts"}],"about":[{"href":"https:\/\/www.notibras.com\/site\/wp-json\/wp\/v2\/types\/post"}],"author":[{"embeddable":true,"href":"https:\/\/www.notibras.com\/site\/wp-json\/wp\/v2\/users\/2"}],"replies":[{"embeddable":true,"href":"https:\/\/www.notibras.com\/site\/wp-json\/wp\/v2\/comments?post=348946"}],"version-history":[{"count":1,"href":"https:\/\/www.notibras.com\/site\/wp-json\/wp\/v2\/posts\/348946\/revisions"}],"predecessor-version":[{"id":348948,"href":"https:\/\/www.notibras.com\/site\/wp-json\/wp\/v2\/posts\/348946\/revisions\/348948"}],"wp:featuredmedia":[{"embeddable":true,"href":"https:\/\/www.notibras.com\/site\/wp-json\/wp\/v2\/media\/348947"}],"wp:attachment":[{"href":"https:\/\/www.notibras.com\/site\/wp-json\/wp\/v2\/media?parent=348946"}],"wp:term":[{"taxonomy":"category","embeddable":true,"href":"https:\/\/www.notibras.com\/site\/wp-json\/wp\/v2\/categories?post=348946"},{"taxonomy":"post_tag","embeddable":true,"href":"https:\/\/www.notibras.com\/site\/wp-json\/wp\/v2\/tags?post=348946"}],"curies":[{"name":"wp","href":"https:\/\/api.w.org\/{rel}","templated":true}]}}