{"id":348952,"date":"2025-02-27T00:00:07","date_gmt":"2025-02-27T03:00:07","guid":{"rendered":"https:\/\/www.notibras.com\/site\/?p=348952"},"modified":"2025-02-27T07:05:43","modified_gmt":"2025-02-27T10:05:43","slug":"serpentinas-metalicas-podem-colocar-rede-eletrica-em-risco","status":"publish","type":"post","link":"https:\/\/www.notibras.com\/site\/serpentinas-metalicas-podem-colocar-rede-eletrica-em-risco\/","title":{"rendered":"Serpentinas met\u00e1licas podem colocar rede el\u00e9trica em risco"},"content":{"rendered":"<p>Comuns nos carnavais pelo Brasil afora, as serpentinas s\u00e3o acess\u00f3rios que muitas pessoas usam durante os dias de folia. O item, que aparentemente n\u00e3o apresenta riscos, \u00e9 um dos maiores inimigos do sistema el\u00e9trico. Em alguns estados, como Bahia, Minas Gerais e Pernambuco, a comercializa\u00e7\u00e3o e uso desse artefato est\u00e1 proibida por lei. No Distrito Federal, a Neoenergia Bras\u00edlia desestimula o uso das serpentinas met\u00e1licas como alegorias por conta do perigo que representam quando utilizadas de forma inadequada.<\/p>\n<p>Em 2011, o uso de serpentina met\u00e1lica em um bloco de Carnaval provocou curto-circuito ao entrar em contato com a rede de m\u00e9dia tens\u00e3o, ocasionando a morte de 16 pessoas e ferindo outras 55 em Minas Gerais. Em 2024, na v\u00e9spera do Carnaval em Salvador, as serpentinas met\u00e1licas causaram queda do fornecimento de energia nas imedia\u00e7\u00f5es do circuito Barra-Ondina por v\u00e1rias horas. No \u00faltimo R\u00e9veillon, na cidade de Olinda (PE), uma pessoa sofreu uma descarga el\u00e9trica ap\u00f3s arremessar serpentinas na rede de distribui\u00e7\u00e3o de energia.<\/p>\n<p>\u201cA serpentina met\u00e1lica \u00e9 um condutor de energia el\u00e9trica. Se for arremessada contra fios de energia, pode causar acidentes graves. At\u00e9 mesmo aqueles lan\u00e7adores de confete e serpentina podem causar s\u00e9rios problemas, pois a press\u00e3o do bast\u00e3o faz com que os materiais sejam lan\u00e7ados a at\u00e9 oito metros, ou seja, mais alto do que a rede el\u00e9trica\u201d, explica Ant\u00f4nio Lima, gerente de Sa\u00fade e Seguran\u00e7a da Neoenergia Bras\u00edlia. \u201cSe quiser brincar em seguran\u00e7a, a melhor op\u00e7\u00e3o \u00e9 a do papel comum, n\u00e3o metalizado.\u201d<\/p>\n<p><strong>Dicas de seguran\u00e7a<\/strong><br \/>\n\u2192 Ao encontrar um fio ca\u00eddo, n\u00e3o se aproxime e avise a Neoenergia Bras\u00edlia. A distribuidora tamb\u00e9m deve ser acionada pelo telefone 116 em caso de acidentes envolvendo a rede el\u00e9trica<\/p>\n<p>\u2192 N\u00e3o jogar serpentina na dire\u00e7\u00e3o da rede el\u00e9trica<\/p>\n<p>\u2192 N\u00e3o aproximar bast\u00e3o de selfie da rede el\u00e9trica<\/p>\n<p>\u2192 N\u00e3o subir em postes, marquises e \u00e1rvores que estejam pr\u00f3ximos \u00e0 rede el\u00e9trica<\/p>\n<p>\u2192 N\u00e3o fazer liga\u00e7\u00e3o clandestina de energia. Al\u00e9m de colocar a vida em risco, \u00e9 crime<\/p>\n<p>\u2192 N\u00e3o colocar enfeites nem jogar objetos na rede el\u00e9trica, sejam eles met\u00e1licos ou n\u00e3o<\/p>\n<p>\u2192 N\u00e3o posicionar jatos d\u2019\u00e1gua em dire\u00e7\u00e3o \u00e0 rede el\u00e9trica<\/p>\n<p>\u2192 \u00c9 obrigat\u00f3ria a instala\u00e7\u00e3o do aterramento das estruturas met\u00e1licas de barracas e balc\u00f5es.<\/p>\n","protected":false},"excerpt":{"rendered":"<p>Comuns nos carnavais pelo Brasil afora, as serpentinas s\u00e3o acess\u00f3rios que muitas pessoas usam durante os dias de folia. O item, que aparentemente n\u00e3o apresenta riscos, \u00e9 um dos maiores inimigos do sistema el\u00e9trico. Em alguns estados, como Bahia, Minas Gerais e Pernambuco, a comercializa\u00e7\u00e3o e uso desse artefato est\u00e1 proibida por lei. No Distrito [&hellip;]<\/p>\n","protected":false},"author":2,"featured_media":348953,"comment_status":"closed","ping_status":"closed","sticky":false,"template":"","format":"standard","meta":{"_acf_changed":false,"footnotes":""},"categories":[161],"tags":[],"class_list":["post-348952","post","type-post","status-publish","format-standard","has-post-thumbnail","hentry","category-quadradinho-em-foco"],"acf":[],"_links":{"self":[{"href":"https:\/\/www.notibras.com\/site\/wp-json\/wp\/v2\/posts\/348952","targetHints":{"allow":["GET"]}}],"collection":[{"href":"https:\/\/www.notibras.com\/site\/wp-json\/wp\/v2\/posts"}],"about":[{"href":"https:\/\/www.notibras.com\/site\/wp-json\/wp\/v2\/types\/post"}],"author":[{"embeddable":true,"href":"https:\/\/www.notibras.com\/site\/wp-json\/wp\/v2\/users\/2"}],"replies":[{"embeddable":true,"href":"https:\/\/www.notibras.com\/site\/wp-json\/wp\/v2\/comments?post=348952"}],"version-history":[{"count":1,"href":"https:\/\/www.notibras.com\/site\/wp-json\/wp\/v2\/posts\/348952\/revisions"}],"predecessor-version":[{"id":348954,"href":"https:\/\/www.notibras.com\/site\/wp-json\/wp\/v2\/posts\/348952\/revisions\/348954"}],"wp:featuredmedia":[{"embeddable":true,"href":"https:\/\/www.notibras.com\/site\/wp-json\/wp\/v2\/media\/348953"}],"wp:attachment":[{"href":"https:\/\/www.notibras.com\/site\/wp-json\/wp\/v2\/media?parent=348952"}],"wp:term":[{"taxonomy":"category","embeddable":true,"href":"https:\/\/www.notibras.com\/site\/wp-json\/wp\/v2\/categories?post=348952"},{"taxonomy":"post_tag","embeddable":true,"href":"https:\/\/www.notibras.com\/site\/wp-json\/wp\/v2\/tags?post=348952"}],"curies":[{"name":"wp","href":"https:\/\/api.w.org\/{rel}","templated":true}]}}