{"id":348958,"date":"2025-02-27T07:01:26","date_gmt":"2025-02-27T10:01:26","guid":{"rendered":"https:\/\/www.notibras.com\/site\/?p=348958"},"modified":"2025-02-27T07:22:47","modified_gmt":"2025-02-27T10:22:47","slug":"nordeste-aposta-no-rei-momo-para-faturar-alto-com-turistas","status":"publish","type":"post","link":"https:\/\/www.notibras.com\/site\/nordeste-aposta-no-rei-momo-para-faturar-alto-com-turistas\/","title":{"rendered":"Nordeste aposta no Rei Momo para faturar alto com turistas"},"content":{"rendered":"<p>Quando fevereiro chega (ou acaba, como \u00e9 o caso de 2025), o Nordeste se veste de festa. Do Rec\u00f4ncavo Baiano \u00e0s ladeiras de Olinda, das ruas de Recife ao colorido de Fortaleza, passando por S\u00e3o Lu\u00eds e Aracaju, a folia se espalha como um vento quente e vibrante, arrastando multid\u00f5es de turistas e moradores. \u00c9 o Carnaval, a maior festa popular do Brasil, que transforma a regi\u00e3o em um grande palco de cores, ritmos e alegria sem fim.<\/p>\n<p>Se o S\u00e3o Jo\u00e3o \u00e9 o rei das tradi\u00e7\u00f5es nordestinas, o Carnaval \u00e9 seu mais fiel escudeiro. Durante uma semana inteira, blocos, trios el\u00e9tricos, maracatus e frevos tomam conta das cidades, e a economia pulsa no ritmo acelerado dos foli\u00f5es. Os hot\u00e9is se enchem de visitantes ansiosos para viver essa experi\u00eancia \u00fanica, os restaurantes fervilham com o sabor da gastronomia local, os ambulantes comemoram as vendas e a cultura popular \u00e9 valorizada em cada esquina.<\/p>\n<p>A festa n\u00e3o \u00e9 apenas um espet\u00e1culo visual e sonoro; \u00e9 um motor econ\u00f4mico. De Salvador a S\u00e3o Lu\u00eds, passando por Natal e Jo\u00e3o Pessoa, a ocupa\u00e7\u00e3o da rede hoteleira atinge n\u00edveis recordes, garantindo emprego e renda para milhares de trabalhadores. A venda de abad\u00e1s, fantasias, acess\u00f3rios e ingressos movimenta milh\u00f5es. O turismo aquece os setores de transporte, com\u00e9rcio e servi\u00e7os, trazendo um impacto positivo que se estende al\u00e9m dos dias de folia.<\/p>\n<p>E no meio de tanta agita\u00e7\u00e3o, a ess\u00eancia do Nordeste brilha. O frevo contagia, o ax\u00e9 embala, o maracatu ecoa, e o forr\u00f3, mesmo sendo soberano no S\u00e3o Jo\u00e3o, tamb\u00e9m encontra seu espa\u00e7o na festa. \u00c9 um espet\u00e1culo de identidade e pertencimento, onde cada batida carrega s\u00e9culos de hist\u00f3ria e resist\u00eancia cultural.<\/p>\n<p>Entra ano sai ano, o Carnaval do Nordeste segue como um dos pilares que sustentam a economia regional, provando que festa tamb\u00e9m \u00e9 trabalho, que alegria tamb\u00e9m \u00e9 oportunidade. E, enquanto os foli\u00f5es pulam sem descanso, a roda da economia gira sem parar, mostrando que a cultura pode, sim, ser uma das maiores for\u00e7as impulsionadoras do desenvolvimento.<\/p>\n","protected":false},"excerpt":{"rendered":"<p>Quando fevereiro chega (ou acaba, como \u00e9 o caso de 2025), o Nordeste se veste de festa. Do Rec\u00f4ncavo Baiano \u00e0s ladeiras de Olinda, das ruas de Recife ao colorido de Fortaleza, passando por S\u00e3o Lu\u00eds e Aracaju, a folia se espalha como um vento quente e vibrante, arrastando multid\u00f5es de turistas e moradores. \u00c9 [&hellip;]<\/p>\n","protected":false},"author":2,"featured_media":348959,"comment_status":"closed","ping_status":"closed","sticky":false,"template":"","format":"standard","meta":{"_acf_changed":false,"footnotes":""},"categories":[165],"tags":[],"class_list":["post-348958","post","type-post","status-publish","format-standard","has-post-thumbnail","hentry","category-nordeste"],"acf":[],"_links":{"self":[{"href":"https:\/\/www.notibras.com\/site\/wp-json\/wp\/v2\/posts\/348958","targetHints":{"allow":["GET"]}}],"collection":[{"href":"https:\/\/www.notibras.com\/site\/wp-json\/wp\/v2\/posts"}],"about":[{"href":"https:\/\/www.notibras.com\/site\/wp-json\/wp\/v2\/types\/post"}],"author":[{"embeddable":true,"href":"https:\/\/www.notibras.com\/site\/wp-json\/wp\/v2\/users\/2"}],"replies":[{"embeddable":true,"href":"https:\/\/www.notibras.com\/site\/wp-json\/wp\/v2\/comments?post=348958"}],"version-history":[{"count":1,"href":"https:\/\/www.notibras.com\/site\/wp-json\/wp\/v2\/posts\/348958\/revisions"}],"predecessor-version":[{"id":348960,"href":"https:\/\/www.notibras.com\/site\/wp-json\/wp\/v2\/posts\/348958\/revisions\/348960"}],"wp:featuredmedia":[{"embeddable":true,"href":"https:\/\/www.notibras.com\/site\/wp-json\/wp\/v2\/media\/348959"}],"wp:attachment":[{"href":"https:\/\/www.notibras.com\/site\/wp-json\/wp\/v2\/media?parent=348958"}],"wp:term":[{"taxonomy":"category","embeddable":true,"href":"https:\/\/www.notibras.com\/site\/wp-json\/wp\/v2\/categories?post=348958"},{"taxonomy":"post_tag","embeddable":true,"href":"https:\/\/www.notibras.com\/site\/wp-json\/wp\/v2\/tags?post=348958"}],"curies":[{"name":"wp","href":"https:\/\/api.w.org\/{rel}","templated":true}]}}