{"id":348961,"date":"2025-02-27T06:50:33","date_gmt":"2025-02-27T09:50:33","guid":{"rendered":"https:\/\/www.notibras.com\/site\/?p=348961"},"modified":"2025-02-27T07:34:05","modified_gmt":"2025-02-27T10:34:05","slug":"incendio-de-grandes-proporcoes-destroi-fabrica-de-colchoes","status":"publish","type":"post","link":"https:\/\/www.notibras.com\/site\/incendio-de-grandes-proporcoes-destroi-fabrica-de-colchoes\/","title":{"rendered":"Inc\u00eandio de grandes propor\u00e7\u00f5es destr\u00f3i f\u00e1brica de colch\u00f5es"},"content":{"rendered":"<p>A madrugada desta quinta-feira (27) foi tr\u00e1gica para os cearenses: um inc\u00eandio de grandes propor\u00e7\u00f5es consumiu uma f\u00e1brica de colch\u00f5es localizada na Avenida 23 de Junho, no Bairro Jabuti, na cidade do Eus\u00e9bio, Regi\u00e3o Metropolitana de Fortaleza. Felizmente, n\u00e3o houve registro de feridos.<\/p>\n<p>Moradores da regi\u00e3o relataram que o fogo teve in\u00edcio por volta de 1h. No momento do incidente, a f\u00e1brica estava fechada, contando apenas com a presen\u00e7a de um funcion\u00e1rio da seguran\u00e7a, que conseguiu evacuar o local antes que as chamas se alastrassem.<\/p>\n<p>Durante o inc\u00eandio, foram registradas pequenas explos\u00f5es, e uma espessa nuvem de fuma\u00e7a escura se espalhou pela \u00e1rea, alarmando os moradores.<\/p>\n<p>O Corpo de Bombeiros mobilizou cerca de cinco caminh\u00f5es para conter o avan\u00e7o do fogo, enquanto equipes da Guarda Municipal realizaram o bloqueio das vias no entorno da f\u00e1brica para garantir a seguran\u00e7a da popula\u00e7\u00e3o e facilitar o trabalho dos bombeiros.<\/p>\n<p>A ind\u00fastria atingida pelo inc\u00eandio \u00e9 reconhecida como uma das principais fabricantes de colch\u00f5es de espuma e camas box da regi\u00e3o, empregando mais de 100 funcion\u00e1rios. Alguns deles se dirigiram ao local ao tomarem conhecimento do inc\u00eandio, conseguindo remover caminh\u00f5es antes que as chamas se espalhassem ainda mais.<\/p>\n","protected":false},"excerpt":{"rendered":"<p>A madrugada desta quinta-feira (27) foi tr\u00e1gica para os cearenses: um inc\u00eandio de grandes propor\u00e7\u00f5es consumiu uma f\u00e1brica de colch\u00f5es localizada na Avenida 23 de Junho, no Bairro Jabuti, na cidade do Eus\u00e9bio, Regi\u00e3o Metropolitana de Fortaleza. Felizmente, n\u00e3o houve registro de feridos. Moradores da regi\u00e3o relataram que o fogo teve in\u00edcio por volta de [&hellip;]<\/p>\n","protected":false},"author":2,"featured_media":348962,"comment_status":"closed","ping_status":"closed","sticky":false,"template":"","format":"standard","meta":{"_acf_changed":false,"footnotes":""},"categories":[165],"tags":[],"class_list":["post-348961","post","type-post","status-publish","format-standard","has-post-thumbnail","hentry","category-nordeste"],"acf":[],"yoast_head":"<!-- This site is optimized with the Yoast SEO plugin v27.2 - https:\/\/yoast.com\/product\/yoast-seo-wordpress\/ -->\n<title>Inc\u00eandio de grandes propor\u00e7\u00f5es destr\u00f3i f\u00e1brica de colch\u00f5es - Notibras<\/title>\n<meta name=\"robots\" content=\"index, follow, max-snippet:-1, max-image-preview:large, max-video-preview:-1\" \/>\n<link rel=\"canonical\" href=\"https:\/\/www.notibras.com\/site\/incendio-de-grandes-proporcoes-destroi-fabrica-de-colchoes\/\" \/>\n<meta property=\"og:locale\" content=\"pt_BR\" \/>\n<meta property=\"og:type\" content=\"article\" \/>\n<meta property=\"og:title\" content=\"Inc\u00eandio de grandes propor\u00e7\u00f5es destr\u00f3i f\u00e1brica de colch\u00f5es - Notibras\" \/>\n<meta property=\"og:description\" content=\"A madrugada desta quinta-feira (27) foi tr\u00e1gica para os cearenses: um inc\u00eandio de grandes propor\u00e7\u00f5es consumiu uma f\u00e1brica de colch\u00f5es localizada na Avenida 23 de Junho, no Bairro Jabuti, na cidade do Eus\u00e9bio, Regi\u00e3o Metropolitana de Fortaleza. Felizmente, n\u00e3o houve registro de feridos. Moradores da regi\u00e3o relataram que o fogo teve in\u00edcio por volta de [&hellip;]\" \/>\n<meta property=\"og:url\" content=\"https:\/\/www.notibras.com\/site\/incendio-de-grandes-proporcoes-destroi-fabrica-de-colchoes\/\" \/>\n<meta property=\"og:site_name\" content=\"Notibras\" \/>\n<meta property=\"article:publisher\" content=\"https:\/\/www.facebook.com\/notibras\/\" \/>\n<meta property=\"article:published_time\" content=\"2025-02-27T09:50:33+00:00\" \/>\n<meta property=\"article:modified_time\" content=\"2025-02-27T10:34:05+00:00\" \/>\n<meta name=\"author\" content=\"Reda\u00e7\u00e3o\" \/>\n<meta name=\"twitter:card\" content=\"summary_large_image\" \/>\n<meta name=\"twitter:creator\" content=\"@Notibras\" \/>\n<meta name=\"twitter:site\" content=\"@Notibras\" \/>\n<meta name=\"twitter:label1\" content=\"Escrito por\" \/>\n\t<meta name=\"twitter:data1\" content=\"Reda\u00e7\u00e3o\" \/>\n\t<meta name=\"twitter:label2\" content=\"Est. tempo de leitura\" \/>\n\t<meta name=\"twitter:data2\" content=\"2 minutos\" \/>\n<script type=\"application\/ld+json\" class=\"yoast-schema-graph\">{\"@context\":\"https:\/\/schema.org\",\"@graph\":[{\"@type\":\"Article\",\"@id\":\"https:\/\/www.notibras.com\/site\/incendio-de-grandes-proporcoes-destroi-fabrica-de-colchoes\/#article\",\"isPartOf\":{\"@id\":\"https:\/\/www.notibras.com\/site\/incendio-de-grandes-proporcoes-destroi-fabrica-de-colchoes\/\"},\"author\":{\"name\":\"Reda\u00e7\u00e3o\",\"@id\":\"https:\/\/www.notibras.com\/site\/#\/schema\/person\/36ab0979449956132d3e5b517ea76ac8\"},\"headline\":\"Inc\u00eandio de grandes propor\u00e7\u00f5es destr\u00f3i f\u00e1brica de colch\u00f5es\",\"datePublished\":\"2025-02-27T09:50:33+00:00\",\"dateModified\":\"2025-02-27T10:34:05+00:00\",\"mainEntityOfPage\":{\"@id\":\"https:\/\/www.notibras.com\/site\/incendio-de-grandes-proporcoes-destroi-fabrica-de-colchoes\/\"},\"wordCount\":233,\"publisher\":{\"@id\":\"https:\/\/www.notibras.com\/site\/#organization\"},\"image\":{\"@id\":\"https:\/\/www.notibras.com\/site\/incendio-de-grandes-proporcoes-destroi-fabrica-de-colchoes\/#primaryimage\"},\"thumbnailUrl\":\"https:\/\/www.notibras.com\/site\/wp-content\/uploads\/2025\/02\/incendiocolchoes.avif\",\"articleSection\":[\"Nordeste\"],\"inLanguage\":\"pt-BR\"},{\"@type\":\"WebPage\",\"@id\":\"https:\/\/www.notibras.com\/site\/incendio-de-grandes-proporcoes-destroi-fabrica-de-colchoes\/\",\"url\":\"https:\/\/www.notibras.com\/site\/incendio-de-grandes-proporcoes-destroi-fabrica-de-colchoes\/\",\"name\":\"Inc\u00eandio de grandes propor\u00e7\u00f5es destr\u00f3i f\u00e1brica de colch\u00f5es - Notibras\",\"isPartOf\":{\"@id\":\"https:\/\/www.notibras.com\/site\/#website\"},\"primaryImageOfPage\":{\"@id\":\"https:\/\/www.notibras.com\/site\/incendio-de-grandes-proporcoes-destroi-fabrica-de-colchoes\/#primaryimage\"},\"image\":{\"@id\":\"https:\/\/www.notibras.com\/site\/incendio-de-grandes-proporcoes-destroi-fabrica-de-colchoes\/#primaryimage\"},\"thumbnailUrl\":\"https:\/\/www.notibras.com\/site\/wp-content\/uploads\/2025\/02\/incendiocolchoes.avif\",\"datePublished\":\"2025-02-27T09:50:33+00:00\",\"dateModified\":\"2025-02-27T10:34:05+00:00\",\"breadcrumb\":{\"@id\":\"https:\/\/www.notibras.com\/site\/incendio-de-grandes-proporcoes-destroi-fabrica-de-colchoes\/#breadcrumb\"},\"inLanguage\":\"pt-BR\",\"potentialAction\":[{\"@type\":\"ReadAction\",\"target\":[\"https:\/\/www.notibras.com\/site\/incendio-de-grandes-proporcoes-destroi-fabrica-de-colchoes\/\"]}]},{\"@type\":\"ImageObject\",\"inLanguage\":\"pt-BR\",\"@id\":\"https:\/\/www.notibras.com\/site\/incendio-de-grandes-proporcoes-destroi-fabrica-de-colchoes\/#primaryimage\",\"url\":\"https:\/\/www.notibras.com\/site\/wp-content\/uploads\/2025\/02\/incendiocolchoes.avif\",\"contentUrl\":\"https:\/\/www.notibras.com\/site\/wp-content\/uploads\/2025\/02\/incendiocolchoes.avif\",\"width\":984,\"height\":555},{\"@type\":\"BreadcrumbList\",\"@id\":\"https:\/\/www.notibras.com\/site\/incendio-de-grandes-proporcoes-destroi-fabrica-de-colchoes\/#breadcrumb\",\"itemListElement\":[{\"@type\":\"ListItem\",\"position\":1,\"name\":\"In\u00edcio\",\"item\":\"https:\/\/www.notibras.com\/site\/\"},{\"@type\":\"ListItem\",\"position\":2,\"name\":\"Inc\u00eandio de grandes propor\u00e7\u00f5es destr\u00f3i f\u00e1brica de colch\u00f5es\"}]},{\"@type\":\"WebSite\",\"@id\":\"https:\/\/www.notibras.com\/site\/#website\",\"url\":\"https:\/\/www.notibras.com\/site\/\",\"name\":\"Notibras\",\"description\":\"Not\u00edcias de Bras\u00edlia, do Brasil e do Mundo\",\"publisher\":{\"@id\":\"https:\/\/www.notibras.com\/site\/#organization\"},\"potentialAction\":[{\"@type\":\"SearchAction\",\"target\":{\"@type\":\"EntryPoint\",\"urlTemplate\":\"https:\/\/www.notibras.com\/site\/?s={search_term_string}\"},\"query-input\":{\"@type\":\"PropertyValueSpecification\",\"valueRequired\":true,\"valueName\":\"search_term_string\"}}],\"inLanguage\":\"pt-BR\"},{\"@type\":\"Organization\",\"@id\":\"https:\/\/www.notibras.com\/site\/#organization\",\"name\":\"Grupo Notibras de Comunica\u00e7\u00e3o\",\"url\":\"https:\/\/www.notibras.com\/site\/\",\"logo\":{\"@type\":\"ImageObject\",\"inLanguage\":\"pt-BR\",\"@id\":\"https:\/\/www.notibras.com\/site\/#\/schema\/logo\/image\/\",\"url\":\"https:\/\/www.notibras.com\/site\/wp-content\/uploads\/2023\/01\/notibras23.png\",\"contentUrl\":\"https:\/\/www.notibras.com\/site\/wp-content\/uploads\/2023\/01\/notibras23.png\",\"width\":350,\"height\":87,\"caption\":\"Grupo Notibras de Comunica\u00e7\u00e3o\"},\"image\":{\"@id\":\"https:\/\/www.notibras.com\/site\/#\/schema\/logo\/image\/\"},\"sameAs\":[\"https:\/\/www.facebook.com\/notibras\/\",\"https:\/\/x.com\/Notibras\",\"https:\/\/www.instagram.com\/notibras\/\"]},{\"@type\":\"Person\",\"@id\":\"https:\/\/www.notibras.com\/site\/#\/schema\/person\/36ab0979449956132d3e5b517ea76ac8\",\"name\":\"Reda\u00e7\u00e3o\",\"image\":{\"@type\":\"ImageObject\",\"inLanguage\":\"pt-BR\",\"@id\":\"https:\/\/secure.gravatar.com\/avatar\/e0a867bdedb85fd243eadf09663511f96fc81e0720a4a42581f334ad4303aa6b?s=96&d=mm&r=g\",\"url\":\"https:\/\/secure.gravatar.com\/avatar\/e0a867bdedb85fd243eadf09663511f96fc81e0720a4a42581f334ad4303aa6b?s=96&d=mm&r=g\",\"contentUrl\":\"https:\/\/secure.gravatar.com\/avatar\/e0a867bdedb85fd243eadf09663511f96fc81e0720a4a42581f334ad4303aa6b?s=96&d=mm&r=g\",\"caption\":\"Reda\u00e7\u00e3o\"}}]}<\/script>\n<!-- \/ Yoast SEO plugin. -->","yoast_head_json":{"title":"Inc\u00eandio de grandes propor\u00e7\u00f5es destr\u00f3i f\u00e1brica de colch\u00f5es - Notibras","robots":{"index":"index","follow":"follow","max-snippet":"max-snippet:-1","max-image-preview":"max-image-preview:large","max-video-preview":"max-video-preview:-1"},"canonical":"https:\/\/www.notibras.com\/site\/incendio-de-grandes-proporcoes-destroi-fabrica-de-colchoes\/","og_locale":"pt_BR","og_type":"article","og_title":"Inc\u00eandio de grandes propor\u00e7\u00f5es destr\u00f3i f\u00e1brica de colch\u00f5es - Notibras","og_description":"A madrugada desta quinta-feira (27) foi tr\u00e1gica para os cearenses: um inc\u00eandio de grandes propor\u00e7\u00f5es consumiu uma f\u00e1brica de colch\u00f5es localizada na Avenida 23 de Junho, no Bairro Jabuti, na cidade do Eus\u00e9bio, Regi\u00e3o Metropolitana de Fortaleza. Felizmente, n\u00e3o houve registro de feridos. Moradores da regi\u00e3o relataram que o fogo teve in\u00edcio por volta de [&hellip;]","og_url":"https:\/\/www.notibras.com\/site\/incendio-de-grandes-proporcoes-destroi-fabrica-de-colchoes\/","og_site_name":"Notibras","article_publisher":"https:\/\/www.facebook.com\/notibras\/","article_published_time":"2025-02-27T09:50:33+00:00","article_modified_time":"2025-02-27T10:34:05+00:00","author":"Reda\u00e7\u00e3o","twitter_card":"summary_large_image","twitter_creator":"@Notibras","twitter_site":"@Notibras","twitter_misc":{"Escrito por":"Reda\u00e7\u00e3o","Est. tempo de leitura":"2 minutos"},"schema":{"@context":"https:\/\/schema.org","@graph":[{"@type":"Article","@id":"https:\/\/www.notibras.com\/site\/incendio-de-grandes-proporcoes-destroi-fabrica-de-colchoes\/#article","isPartOf":{"@id":"https:\/\/www.notibras.com\/site\/incendio-de-grandes-proporcoes-destroi-fabrica-de-colchoes\/"},"author":{"name":"Reda\u00e7\u00e3o","@id":"https:\/\/www.notibras.com\/site\/#\/schema\/person\/36ab0979449956132d3e5b517ea76ac8"},"headline":"Inc\u00eandio de grandes propor\u00e7\u00f5es destr\u00f3i f\u00e1brica de colch\u00f5es","datePublished":"2025-02-27T09:50:33+00:00","dateModified":"2025-02-27T10:34:05+00:00","mainEntityOfPage":{"@id":"https:\/\/www.notibras.com\/site\/incendio-de-grandes-proporcoes-destroi-fabrica-de-colchoes\/"},"wordCount":233,"publisher":{"@id":"https:\/\/www.notibras.com\/site\/#organization"},"image":{"@id":"https:\/\/www.notibras.com\/site\/incendio-de-grandes-proporcoes-destroi-fabrica-de-colchoes\/#primaryimage"},"thumbnailUrl":"https:\/\/www.notibras.com\/site\/wp-content\/uploads\/2025\/02\/incendiocolchoes.avif","articleSection":["Nordeste"],"inLanguage":"pt-BR"},{"@type":"WebPage","@id":"https:\/\/www.notibras.com\/site\/incendio-de-grandes-proporcoes-destroi-fabrica-de-colchoes\/","url":"https:\/\/www.notibras.com\/site\/incendio-de-grandes-proporcoes-destroi-fabrica-de-colchoes\/","name":"Inc\u00eandio de grandes propor\u00e7\u00f5es destr\u00f3i f\u00e1brica de colch\u00f5es - Notibras","isPartOf":{"@id":"https:\/\/www.notibras.com\/site\/#website"},"primaryImageOfPage":{"@id":"https:\/\/www.notibras.com\/site\/incendio-de-grandes-proporcoes-destroi-fabrica-de-colchoes\/#primaryimage"},"image":{"@id":"https:\/\/www.notibras.com\/site\/incendio-de-grandes-proporcoes-destroi-fabrica-de-colchoes\/#primaryimage"},"thumbnailUrl":"https:\/\/www.notibras.com\/site\/wp-content\/uploads\/2025\/02\/incendiocolchoes.avif","datePublished":"2025-02-27T09:50:33+00:00","dateModified":"2025-02-27T10:34:05+00:00","breadcrumb":{"@id":"https:\/\/www.notibras.com\/site\/incendio-de-grandes-proporcoes-destroi-fabrica-de-colchoes\/#breadcrumb"},"inLanguage":"pt-BR","potentialAction":[{"@type":"ReadAction","target":["https:\/\/www.notibras.com\/site\/incendio-de-grandes-proporcoes-destroi-fabrica-de-colchoes\/"]}]},{"@type":"ImageObject","inLanguage":"pt-BR","@id":"https:\/\/www.notibras.com\/site\/incendio-de-grandes-proporcoes-destroi-fabrica-de-colchoes\/#primaryimage","url":"https:\/\/www.notibras.com\/site\/wp-content\/uploads\/2025\/02\/incendiocolchoes.avif","contentUrl":"https:\/\/www.notibras.com\/site\/wp-content\/uploads\/2025\/02\/incendiocolchoes.avif","width":984,"height":555},{"@type":"BreadcrumbList","@id":"https:\/\/www.notibras.com\/site\/incendio-de-grandes-proporcoes-destroi-fabrica-de-colchoes\/#breadcrumb","itemListElement":[{"@type":"ListItem","position":1,"name":"In\u00edcio","item":"https:\/\/www.notibras.com\/site\/"},{"@type":"ListItem","position":2,"name":"Inc\u00eandio de grandes propor\u00e7\u00f5es destr\u00f3i f\u00e1brica de colch\u00f5es"}]},{"@type":"WebSite","@id":"https:\/\/www.notibras.com\/site\/#website","url":"https:\/\/www.notibras.com\/site\/","name":"Notibras","description":"Not\u00edcias de Bras\u00edlia, do Brasil e do Mundo","publisher":{"@id":"https:\/\/www.notibras.com\/site\/#organization"},"potentialAction":[{"@type":"SearchAction","target":{"@type":"EntryPoint","urlTemplate":"https:\/\/www.notibras.com\/site\/?s={search_term_string}"},"query-input":{"@type":"PropertyValueSpecification","valueRequired":true,"valueName":"search_term_string"}}],"inLanguage":"pt-BR"},{"@type":"Organization","@id":"https:\/\/www.notibras.com\/site\/#organization","name":"Grupo Notibras de Comunica\u00e7\u00e3o","url":"https:\/\/www.notibras.com\/site\/","logo":{"@type":"ImageObject","inLanguage":"pt-BR","@id":"https:\/\/www.notibras.com\/site\/#\/schema\/logo\/image\/","url":"https:\/\/www.notibras.com\/site\/wp-content\/uploads\/2023\/01\/notibras23.png","contentUrl":"https:\/\/www.notibras.com\/site\/wp-content\/uploads\/2023\/01\/notibras23.png","width":350,"height":87,"caption":"Grupo Notibras de Comunica\u00e7\u00e3o"},"image":{"@id":"https:\/\/www.notibras.com\/site\/#\/schema\/logo\/image\/"},"sameAs":["https:\/\/www.facebook.com\/notibras\/","https:\/\/x.com\/Notibras","https:\/\/www.instagram.com\/notibras\/"]},{"@type":"Person","@id":"https:\/\/www.notibras.com\/site\/#\/schema\/person\/36ab0979449956132d3e5b517ea76ac8","name":"Reda\u00e7\u00e3o","image":{"@type":"ImageObject","inLanguage":"pt-BR","@id":"https:\/\/secure.gravatar.com\/avatar\/e0a867bdedb85fd243eadf09663511f96fc81e0720a4a42581f334ad4303aa6b?s=96&d=mm&r=g","url":"https:\/\/secure.gravatar.com\/avatar\/e0a867bdedb85fd243eadf09663511f96fc81e0720a4a42581f334ad4303aa6b?s=96&d=mm&r=g","contentUrl":"https:\/\/secure.gravatar.com\/avatar\/e0a867bdedb85fd243eadf09663511f96fc81e0720a4a42581f334ad4303aa6b?s=96&d=mm&r=g","caption":"Reda\u00e7\u00e3o"}}]}},"amp_enabled":true,"_links":{"self":[{"href":"https:\/\/www.notibras.com\/site\/wp-json\/wp\/v2\/posts\/348961","targetHints":{"allow":["GET"]}}],"collection":[{"href":"https:\/\/www.notibras.com\/site\/wp-json\/wp\/v2\/posts"}],"about":[{"href":"https:\/\/www.notibras.com\/site\/wp-json\/wp\/v2\/types\/post"}],"author":[{"embeddable":true,"href":"https:\/\/www.notibras.com\/site\/wp-json\/wp\/v2\/users\/2"}],"replies":[{"embeddable":true,"href":"https:\/\/www.notibras.com\/site\/wp-json\/wp\/v2\/comments?post=348961"}],"version-history":[{"count":1,"href":"https:\/\/www.notibras.com\/site\/wp-json\/wp\/v2\/posts\/348961\/revisions"}],"predecessor-version":[{"id":348963,"href":"https:\/\/www.notibras.com\/site\/wp-json\/wp\/v2\/posts\/348961\/revisions\/348963"}],"wp:featuredmedia":[{"embeddable":true,"href":"https:\/\/www.notibras.com\/site\/wp-json\/wp\/v2\/media\/348962"}],"wp:attachment":[{"href":"https:\/\/www.notibras.com\/site\/wp-json\/wp\/v2\/media?parent=348961"}],"wp:term":[{"taxonomy":"category","embeddable":true,"href":"https:\/\/www.notibras.com\/site\/wp-json\/wp\/v2\/categories?post=348961"},{"taxonomy":"post_tag","embeddable":true,"href":"https:\/\/www.notibras.com\/site\/wp-json\/wp\/v2\/tags?post=348961"}],"curies":[{"name":"wp","href":"https:\/\/api.w.org\/{rel}","templated":true}]}}