{"id":34897,"date":"2015-01-24T23:48:46","date_gmt":"2015-01-25T02:48:46","guid":{"rendered":"http:\/\/www.notibras.com\/site\/?p=34897"},"modified":"2015-01-25T18:01:35","modified_gmt":"2015-01-25T21:01:35","slug":"sem-acao-planejada-policia-do-rio-mata-mais-40-em-um-ano","status":"publish","type":"post","link":"https:\/\/www.notibras.com\/site\/sem-acao-planejada-policia-do-rio-mata-mais-40-em-um-ano\/","title":{"rendered":"Sem a\u00e7\u00e3o planejada, pol\u00edcia mata mais 40% em um ano"},"content":{"rendered":"<p>As mortes provocadas pela pol\u00edcia do Rio de Janeiro cresceram 40% entre 2013 e 2014, segundo dados divulgados pelo Instituto de Seguran\u00e7a P\u00fablica (ISP), \u00f3rg\u00e3o vinculado \u00e0 Secretaria Estadual de Seguran\u00e7a. Em 2013, os policiais mataram 416 pessoas. J\u00e1 no ano passado, esse n\u00famero subiu para 582.<\/p>\n<p>Segundo a coordenadora do Centro de Estudos de Seguran\u00e7a e Cidadania (Cesec) da Universidade Candido Mendes, Silvia Ramos, as mortes s\u00e3o resultado de uma pol\u00edcia que atira mais. Ela disse que a pol\u00edcia fluminense deveria planejar melhor suas a\u00e7\u00f5es, para diminuir os confrontos com criminosos.<\/p>\n<blockquote><p>\u201cPolicial atirando nunca \u00e9 bom. Policial s\u00f3 tem que atirar em \u00faltimo caso, para proteger sua pr\u00f3pria vida. Muitas vezes o policial tem que atirar porque entrou no meio dos bandidos. Vale a pena entrar no meio de bandidos, no hor\u00e1rio de escola, num s\u00e1bado \u00e0 noite, quando a rua est\u00e1 cheia? N\u00e3o. Seria melhor planejar a opera\u00e7\u00e3o, de forma que n\u00e3o resultasse nos bandidos tendo que atirar na pol\u00edcia e a pol\u00edcia tendo que atirar nos bandidos para se defender? De que adiantam essas opera\u00e7\u00f5es? S\u00e3o milhares de opera\u00e7\u00f5es. Na Vila Alian\u00e7a [em Bangu] tem opera\u00e7\u00e3o todo dia. E adianta de qu\u00ea?\u201d, questiona.<\/p><\/blockquote>\n<p>Silvia Ramos disse que quando a pol\u00edcia atira mais, h\u00e1 n\u00e3o s\u00f3 um aumento das mortes provocadas pelos pr\u00f3prios policiais como, tamb\u00e9m, uma intensifica\u00e7\u00e3o da viol\u00eancia no estado e efeitos colaterais, como as balas perdidas.<\/p>\n<p>\u201cQuando a pol\u00edcia aperta mais o gatilho, voc\u00ea tem mais tiroteio, mais gente morrendo, mais arma circulando, mais confronto. S\u00f3 nos \u00faltimos dias, tivemos seis ou sete casos de pessoas totalmente desligadas do mundo do crime sendo atingidas por balas perdidas\u201d, disse a professora.<\/p>\n<p>Segundo os dados do ISP, a taxa de letalidade violenta no Rio de Janeiro (dado que inclui assassinatos, latroc\u00ednios e as mortes cometidas por policiais) cresceu 6,8% entre 2013 e 2014.<\/p>\n<p><strong>Vitor Abdala, ABr<br \/>\n<\/strong><\/p>\n","protected":false},"excerpt":{"rendered":"<p>As mortes provocadas pela pol\u00edcia do Rio de Janeiro cresceram 40% entre 2013 e 2014, segundo dados divulgados pelo Instituto de Seguran\u00e7a P\u00fablica (ISP), \u00f3rg\u00e3o vinculado \u00e0 Secretaria Estadual de Seguran\u00e7a. Em 2013, os policiais mataram 416 pessoas. J\u00e1 no ano passado, esse n\u00famero subiu para 582. Segundo a coordenadora do Centro de Estudos de [&hellip;]<\/p>\n","protected":false},"author":2,"featured_media":34898,"comment_status":"open","ping_status":"closed","sticky":false,"template":"","format":"standard","meta":{"_acf_changed":false,"footnotes":""},"categories":[16],"tags":[],"class_list":["post-34897","post","type-post","status-publish","format-standard","has-post-thumbnail","hentry","category-brasil"],"acf":[],"yoast_head":"<!-- This site is optimized with the Yoast SEO plugin v27.2 - https:\/\/yoast.com\/product\/yoast-seo-wordpress\/ -->\n<title>Sem a\u00e7\u00e3o planejada, pol\u00edcia mata mais 40% em um ano - Notibras<\/title>\n<meta name=\"robots\" content=\"index, follow, max-snippet:-1, max-image-preview:large, max-video-preview:-1\" \/>\n<link rel=\"canonical\" href=\"https:\/\/www.notibras.com\/site\/sem-acao-planejada-policia-do-rio-mata-mais-40-em-um-ano\/\" \/>\n<meta property=\"og:locale\" content=\"pt_BR\" \/>\n<meta property=\"og:type\" content=\"article\" \/>\n<meta property=\"og:title\" content=\"Sem a\u00e7\u00e3o planejada, pol\u00edcia mata mais 40% em um ano - Notibras\" \/>\n<meta property=\"og:description\" content=\"As mortes provocadas pela pol\u00edcia do Rio de Janeiro cresceram 40% entre 2013 e 2014, segundo dados divulgados pelo Instituto de Seguran\u00e7a P\u00fablica (ISP), \u00f3rg\u00e3o vinculado \u00e0 Secretaria Estadual de Seguran\u00e7a. Em 2013, os policiais mataram 416 pessoas. J\u00e1 no ano passado, esse n\u00famero subiu para 582. Segundo a coordenadora do Centro de Estudos de [&hellip;]\" \/>\n<meta property=\"og:url\" content=\"https:\/\/www.notibras.com\/site\/sem-acao-planejada-policia-do-rio-mata-mais-40-em-um-ano\/\" \/>\n<meta property=\"og:site_name\" content=\"Notibras\" \/>\n<meta property=\"article:publisher\" content=\"https:\/\/www.facebook.com\/notibras\/\" \/>\n<meta property=\"article:published_time\" content=\"2015-01-25T02:48:46+00:00\" \/>\n<meta property=\"article:modified_time\" content=\"2015-01-25T21:01:35+00:00\" \/>\n<meta property=\"og:image\" content=\"https:\/\/www.notibras.com\/site\/wp-content\/uploads\/2015\/01\/908537-rj_exercito_seguranca-publica_complexo-da-mare-8710.jpg\" \/>\n\t<meta property=\"og:image:width\" content=\"580\" \/>\n\t<meta property=\"og:image:height\" content=\"388\" \/>\n\t<meta property=\"og:image:type\" content=\"image\/jpeg\" \/>\n<meta name=\"author\" content=\"Reda\u00e7\u00e3o\" \/>\n<meta name=\"twitter:card\" content=\"summary_large_image\" \/>\n<meta name=\"twitter:creator\" content=\"@Notibras\" \/>\n<meta name=\"twitter:site\" content=\"@Notibras\" \/>\n<meta name=\"twitter:label1\" content=\"Escrito por\" \/>\n\t<meta name=\"twitter:data1\" content=\"Reda\u00e7\u00e3o\" \/>\n\t<meta name=\"twitter:label2\" content=\"Est. tempo de leitura\" \/>\n\t<meta name=\"twitter:data2\" content=\"2 minutos\" \/>\n<script type=\"application\/ld+json\" class=\"yoast-schema-graph\">{\"@context\":\"https:\/\/schema.org\",\"@graph\":[{\"@type\":\"Article\",\"@id\":\"https:\/\/www.notibras.com\/site\/sem-acao-planejada-policia-do-rio-mata-mais-40-em-um-ano\/#article\",\"isPartOf\":{\"@id\":\"https:\/\/www.notibras.com\/site\/sem-acao-planejada-policia-do-rio-mata-mais-40-em-um-ano\/\"},\"author\":{\"name\":\"Reda\u00e7\u00e3o\",\"@id\":\"https:\/\/www.notibras.com\/site\/#\/schema\/person\/36ab0979449956132d3e5b517ea76ac8\"},\"headline\":\"Sem a\u00e7\u00e3o planejada, pol\u00edcia mata mais 40% em um ano\",\"datePublished\":\"2015-01-25T02:48:46+00:00\",\"dateModified\":\"2015-01-25T21:01:35+00:00\",\"mainEntityOfPage\":{\"@id\":\"https:\/\/www.notibras.com\/site\/sem-acao-planejada-policia-do-rio-mata-mais-40-em-um-ano\/\"},\"wordCount\":340,\"commentCount\":0,\"publisher\":{\"@id\":\"https:\/\/www.notibras.com\/site\/#organization\"},\"image\":{\"@id\":\"https:\/\/www.notibras.com\/site\/sem-acao-planejada-policia-do-rio-mata-mais-40-em-um-ano\/#primaryimage\"},\"thumbnailUrl\":\"https:\/\/www.notibras.com\/site\/wp-content\/uploads\/2015\/01\/908537-rj_exercito_seguranca-publica_complexo-da-mare-8710.jpg\",\"articleSection\":[\"Brasil\"],\"inLanguage\":\"pt-BR\",\"potentialAction\":[{\"@type\":\"CommentAction\",\"name\":\"Comment\",\"target\":[\"https:\/\/www.notibras.com\/site\/sem-acao-planejada-policia-do-rio-mata-mais-40-em-um-ano\/#respond\"]}]},{\"@type\":\"WebPage\",\"@id\":\"https:\/\/www.notibras.com\/site\/sem-acao-planejada-policia-do-rio-mata-mais-40-em-um-ano\/\",\"url\":\"https:\/\/www.notibras.com\/site\/sem-acao-planejada-policia-do-rio-mata-mais-40-em-um-ano\/\",\"name\":\"Sem a\u00e7\u00e3o planejada, pol\u00edcia mata mais 40% em um ano - Notibras\",\"isPartOf\":{\"@id\":\"https:\/\/www.notibras.com\/site\/#website\"},\"primaryImageOfPage\":{\"@id\":\"https:\/\/www.notibras.com\/site\/sem-acao-planejada-policia-do-rio-mata-mais-40-em-um-ano\/#primaryimage\"},\"image\":{\"@id\":\"https:\/\/www.notibras.com\/site\/sem-acao-planejada-policia-do-rio-mata-mais-40-em-um-ano\/#primaryimage\"},\"thumbnailUrl\":\"https:\/\/www.notibras.com\/site\/wp-content\/uploads\/2015\/01\/908537-rj_exercito_seguranca-publica_complexo-da-mare-8710.jpg\",\"datePublished\":\"2015-01-25T02:48:46+00:00\",\"dateModified\":\"2015-01-25T21:01:35+00:00\",\"breadcrumb\":{\"@id\":\"https:\/\/www.notibras.com\/site\/sem-acao-planejada-policia-do-rio-mata-mais-40-em-um-ano\/#breadcrumb\"},\"inLanguage\":\"pt-BR\",\"potentialAction\":[{\"@type\":\"ReadAction\",\"target\":[\"https:\/\/www.notibras.com\/site\/sem-acao-planejada-policia-do-rio-mata-mais-40-em-um-ano\/\"]}]},{\"@type\":\"ImageObject\",\"inLanguage\":\"pt-BR\",\"@id\":\"https:\/\/www.notibras.com\/site\/sem-acao-planejada-policia-do-rio-mata-mais-40-em-um-ano\/#primaryimage\",\"url\":\"https:\/\/www.notibras.com\/site\/wp-content\/uploads\/2015\/01\/908537-rj_exercito_seguranca-publica_complexo-da-mare-8710.jpg\",\"contentUrl\":\"https:\/\/www.notibras.com\/site\/wp-content\/uploads\/2015\/01\/908537-rj_exercito_seguranca-publica_complexo-da-mare-8710.jpg\",\"width\":580,\"height\":388},{\"@type\":\"BreadcrumbList\",\"@id\":\"https:\/\/www.notibras.com\/site\/sem-acao-planejada-policia-do-rio-mata-mais-40-em-um-ano\/#breadcrumb\",\"itemListElement\":[{\"@type\":\"ListItem\",\"position\":1,\"name\":\"In\u00edcio\",\"item\":\"https:\/\/www.notibras.com\/site\/\"},{\"@type\":\"ListItem\",\"position\":2,\"name\":\"Sem a\u00e7\u00e3o planejada, pol\u00edcia mata mais 40% em um ano\"}]},{\"@type\":\"WebSite\",\"@id\":\"https:\/\/www.notibras.com\/site\/#website\",\"url\":\"https:\/\/www.notibras.com\/site\/\",\"name\":\"Notibras\",\"description\":\"Not\u00edcias de Bras\u00edlia, do Brasil e do Mundo\",\"publisher\":{\"@id\":\"https:\/\/www.notibras.com\/site\/#organization\"},\"potentialAction\":[{\"@type\":\"SearchAction\",\"target\":{\"@type\":\"EntryPoint\",\"urlTemplate\":\"https:\/\/www.notibras.com\/site\/?s={search_term_string}\"},\"query-input\":{\"@type\":\"PropertyValueSpecification\",\"valueRequired\":true,\"valueName\":\"search_term_string\"}}],\"inLanguage\":\"pt-BR\"},{\"@type\":\"Organization\",\"@id\":\"https:\/\/www.notibras.com\/site\/#organization\",\"name\":\"Grupo Notibras de Comunica\u00e7\u00e3o\",\"url\":\"https:\/\/www.notibras.com\/site\/\",\"logo\":{\"@type\":\"ImageObject\",\"inLanguage\":\"pt-BR\",\"@id\":\"https:\/\/www.notibras.com\/site\/#\/schema\/logo\/image\/\",\"url\":\"https:\/\/www.notibras.com\/site\/wp-content\/uploads\/2023\/01\/notibras23.png\",\"contentUrl\":\"https:\/\/www.notibras.com\/site\/wp-content\/uploads\/2023\/01\/notibras23.png\",\"width\":350,\"height\":87,\"caption\":\"Grupo Notibras de Comunica\u00e7\u00e3o\"},\"image\":{\"@id\":\"https:\/\/www.notibras.com\/site\/#\/schema\/logo\/image\/\"},\"sameAs\":[\"https:\/\/www.facebook.com\/notibras\/\",\"https:\/\/x.com\/Notibras\",\"https:\/\/www.instagram.com\/notibras\/\"]},{\"@type\":\"Person\",\"@id\":\"https:\/\/www.notibras.com\/site\/#\/schema\/person\/36ab0979449956132d3e5b517ea76ac8\",\"name\":\"Reda\u00e7\u00e3o\",\"image\":{\"@type\":\"ImageObject\",\"inLanguage\":\"pt-BR\",\"@id\":\"https:\/\/secure.gravatar.com\/avatar\/e0a867bdedb85fd243eadf09663511f96fc81e0720a4a42581f334ad4303aa6b?s=96&d=mm&r=g\",\"url\":\"https:\/\/secure.gravatar.com\/avatar\/e0a867bdedb85fd243eadf09663511f96fc81e0720a4a42581f334ad4303aa6b?s=96&d=mm&r=g\",\"contentUrl\":\"https:\/\/secure.gravatar.com\/avatar\/e0a867bdedb85fd243eadf09663511f96fc81e0720a4a42581f334ad4303aa6b?s=96&d=mm&r=g\",\"caption\":\"Reda\u00e7\u00e3o\"}}]}<\/script>\n<!-- \/ Yoast SEO plugin. -->","yoast_head_json":{"title":"Sem a\u00e7\u00e3o planejada, pol\u00edcia mata mais 40% em um ano - Notibras","robots":{"index":"index","follow":"follow","max-snippet":"max-snippet:-1","max-image-preview":"max-image-preview:large","max-video-preview":"max-video-preview:-1"},"canonical":"https:\/\/www.notibras.com\/site\/sem-acao-planejada-policia-do-rio-mata-mais-40-em-um-ano\/","og_locale":"pt_BR","og_type":"article","og_title":"Sem a\u00e7\u00e3o planejada, pol\u00edcia mata mais 40% em um ano - Notibras","og_description":"As mortes provocadas pela pol\u00edcia do Rio de Janeiro cresceram 40% entre 2013 e 2014, segundo dados divulgados pelo Instituto de Seguran\u00e7a P\u00fablica (ISP), \u00f3rg\u00e3o vinculado \u00e0 Secretaria Estadual de Seguran\u00e7a. Em 2013, os policiais mataram 416 pessoas. J\u00e1 no ano passado, esse n\u00famero subiu para 582. Segundo a coordenadora do Centro de Estudos de [&hellip;]","og_url":"https:\/\/www.notibras.com\/site\/sem-acao-planejada-policia-do-rio-mata-mais-40-em-um-ano\/","og_site_name":"Notibras","article_publisher":"https:\/\/www.facebook.com\/notibras\/","article_published_time":"2015-01-25T02:48:46+00:00","article_modified_time":"2015-01-25T21:01:35+00:00","og_image":[{"width":580,"height":388,"url":"https:\/\/www.notibras.com\/site\/wp-content\/uploads\/2015\/01\/908537-rj_exercito_seguranca-publica_complexo-da-mare-8710.jpg","type":"image\/jpeg"}],"author":"Reda\u00e7\u00e3o","twitter_card":"summary_large_image","twitter_creator":"@Notibras","twitter_site":"@Notibras","twitter_misc":{"Escrito por":"Reda\u00e7\u00e3o","Est. tempo de leitura":"2 minutos"},"schema":{"@context":"https:\/\/schema.org","@graph":[{"@type":"Article","@id":"https:\/\/www.notibras.com\/site\/sem-acao-planejada-policia-do-rio-mata-mais-40-em-um-ano\/#article","isPartOf":{"@id":"https:\/\/www.notibras.com\/site\/sem-acao-planejada-policia-do-rio-mata-mais-40-em-um-ano\/"},"author":{"name":"Reda\u00e7\u00e3o","@id":"https:\/\/www.notibras.com\/site\/#\/schema\/person\/36ab0979449956132d3e5b517ea76ac8"},"headline":"Sem a\u00e7\u00e3o planejada, pol\u00edcia mata mais 40% em um ano","datePublished":"2015-01-25T02:48:46+00:00","dateModified":"2015-01-25T21:01:35+00:00","mainEntityOfPage":{"@id":"https:\/\/www.notibras.com\/site\/sem-acao-planejada-policia-do-rio-mata-mais-40-em-um-ano\/"},"wordCount":340,"commentCount":0,"publisher":{"@id":"https:\/\/www.notibras.com\/site\/#organization"},"image":{"@id":"https:\/\/www.notibras.com\/site\/sem-acao-planejada-policia-do-rio-mata-mais-40-em-um-ano\/#primaryimage"},"thumbnailUrl":"https:\/\/www.notibras.com\/site\/wp-content\/uploads\/2015\/01\/908537-rj_exercito_seguranca-publica_complexo-da-mare-8710.jpg","articleSection":["Brasil"],"inLanguage":"pt-BR","potentialAction":[{"@type":"CommentAction","name":"Comment","target":["https:\/\/www.notibras.com\/site\/sem-acao-planejada-policia-do-rio-mata-mais-40-em-um-ano\/#respond"]}]},{"@type":"WebPage","@id":"https:\/\/www.notibras.com\/site\/sem-acao-planejada-policia-do-rio-mata-mais-40-em-um-ano\/","url":"https:\/\/www.notibras.com\/site\/sem-acao-planejada-policia-do-rio-mata-mais-40-em-um-ano\/","name":"Sem a\u00e7\u00e3o planejada, pol\u00edcia mata mais 40% em um ano - Notibras","isPartOf":{"@id":"https:\/\/www.notibras.com\/site\/#website"},"primaryImageOfPage":{"@id":"https:\/\/www.notibras.com\/site\/sem-acao-planejada-policia-do-rio-mata-mais-40-em-um-ano\/#primaryimage"},"image":{"@id":"https:\/\/www.notibras.com\/site\/sem-acao-planejada-policia-do-rio-mata-mais-40-em-um-ano\/#primaryimage"},"thumbnailUrl":"https:\/\/www.notibras.com\/site\/wp-content\/uploads\/2015\/01\/908537-rj_exercito_seguranca-publica_complexo-da-mare-8710.jpg","datePublished":"2015-01-25T02:48:46+00:00","dateModified":"2015-01-25T21:01:35+00:00","breadcrumb":{"@id":"https:\/\/www.notibras.com\/site\/sem-acao-planejada-policia-do-rio-mata-mais-40-em-um-ano\/#breadcrumb"},"inLanguage":"pt-BR","potentialAction":[{"@type":"ReadAction","target":["https:\/\/www.notibras.com\/site\/sem-acao-planejada-policia-do-rio-mata-mais-40-em-um-ano\/"]}]},{"@type":"ImageObject","inLanguage":"pt-BR","@id":"https:\/\/www.notibras.com\/site\/sem-acao-planejada-policia-do-rio-mata-mais-40-em-um-ano\/#primaryimage","url":"https:\/\/www.notibras.com\/site\/wp-content\/uploads\/2015\/01\/908537-rj_exercito_seguranca-publica_complexo-da-mare-8710.jpg","contentUrl":"https:\/\/www.notibras.com\/site\/wp-content\/uploads\/2015\/01\/908537-rj_exercito_seguranca-publica_complexo-da-mare-8710.jpg","width":580,"height":388},{"@type":"BreadcrumbList","@id":"https:\/\/www.notibras.com\/site\/sem-acao-planejada-policia-do-rio-mata-mais-40-em-um-ano\/#breadcrumb","itemListElement":[{"@type":"ListItem","position":1,"name":"In\u00edcio","item":"https:\/\/www.notibras.com\/site\/"},{"@type":"ListItem","position":2,"name":"Sem a\u00e7\u00e3o planejada, pol\u00edcia mata mais 40% em um ano"}]},{"@type":"WebSite","@id":"https:\/\/www.notibras.com\/site\/#website","url":"https:\/\/www.notibras.com\/site\/","name":"Notibras","description":"Not\u00edcias de Bras\u00edlia, do Brasil e do Mundo","publisher":{"@id":"https:\/\/www.notibras.com\/site\/#organization"},"potentialAction":[{"@type":"SearchAction","target":{"@type":"EntryPoint","urlTemplate":"https:\/\/www.notibras.com\/site\/?s={search_term_string}"},"query-input":{"@type":"PropertyValueSpecification","valueRequired":true,"valueName":"search_term_string"}}],"inLanguage":"pt-BR"},{"@type":"Organization","@id":"https:\/\/www.notibras.com\/site\/#organization","name":"Grupo Notibras de Comunica\u00e7\u00e3o","url":"https:\/\/www.notibras.com\/site\/","logo":{"@type":"ImageObject","inLanguage":"pt-BR","@id":"https:\/\/www.notibras.com\/site\/#\/schema\/logo\/image\/","url":"https:\/\/www.notibras.com\/site\/wp-content\/uploads\/2023\/01\/notibras23.png","contentUrl":"https:\/\/www.notibras.com\/site\/wp-content\/uploads\/2023\/01\/notibras23.png","width":350,"height":87,"caption":"Grupo Notibras de Comunica\u00e7\u00e3o"},"image":{"@id":"https:\/\/www.notibras.com\/site\/#\/schema\/logo\/image\/"},"sameAs":["https:\/\/www.facebook.com\/notibras\/","https:\/\/x.com\/Notibras","https:\/\/www.instagram.com\/notibras\/"]},{"@type":"Person","@id":"https:\/\/www.notibras.com\/site\/#\/schema\/person\/36ab0979449956132d3e5b517ea76ac8","name":"Reda\u00e7\u00e3o","image":{"@type":"ImageObject","inLanguage":"pt-BR","@id":"https:\/\/secure.gravatar.com\/avatar\/e0a867bdedb85fd243eadf09663511f96fc81e0720a4a42581f334ad4303aa6b?s=96&d=mm&r=g","url":"https:\/\/secure.gravatar.com\/avatar\/e0a867bdedb85fd243eadf09663511f96fc81e0720a4a42581f334ad4303aa6b?s=96&d=mm&r=g","contentUrl":"https:\/\/secure.gravatar.com\/avatar\/e0a867bdedb85fd243eadf09663511f96fc81e0720a4a42581f334ad4303aa6b?s=96&d=mm&r=g","caption":"Reda\u00e7\u00e3o"}}]}},"amp_enabled":true,"_links":{"self":[{"href":"https:\/\/www.notibras.com\/site\/wp-json\/wp\/v2\/posts\/34897","targetHints":{"allow":["GET"]}}],"collection":[{"href":"https:\/\/www.notibras.com\/site\/wp-json\/wp\/v2\/posts"}],"about":[{"href":"https:\/\/www.notibras.com\/site\/wp-json\/wp\/v2\/types\/post"}],"author":[{"embeddable":true,"href":"https:\/\/www.notibras.com\/site\/wp-json\/wp\/v2\/users\/2"}],"replies":[{"embeddable":true,"href":"https:\/\/www.notibras.com\/site\/wp-json\/wp\/v2\/comments?post=34897"}],"version-history":[{"count":0,"href":"https:\/\/www.notibras.com\/site\/wp-json\/wp\/v2\/posts\/34897\/revisions"}],"wp:featuredmedia":[{"embeddable":true,"href":"https:\/\/www.notibras.com\/site\/wp-json\/wp\/v2\/media\/34898"}],"wp:attachment":[{"href":"https:\/\/www.notibras.com\/site\/wp-json\/wp\/v2\/media?parent=34897"}],"wp:term":[{"taxonomy":"category","embeddable":true,"href":"https:\/\/www.notibras.com\/site\/wp-json\/wp\/v2\/categories?post=34897"},{"taxonomy":"post_tag","embeddable":true,"href":"https:\/\/www.notibras.com\/site\/wp-json\/wp\/v2\/tags?post=34897"}],"curies":[{"name":"wp","href":"https:\/\/api.w.org\/{rel}","templated":true}]}}