{"id":349044,"date":"2025-02-28T04:54:46","date_gmt":"2025-02-28T07:54:46","guid":{"rendered":"https:\/\/www.notibras.com\/site\/?p=349044"},"modified":"2025-02-28T04:57:15","modified_gmt":"2025-02-28T07:57:15","slug":"tia-augusta-e-a-historia-da-familia-regada-a-gole-de-cachaca-no-leito-da-morte","status":"publish","type":"post","link":"https:\/\/www.notibras.com\/site\/tia-augusta-e-a-historia-da-familia-regada-a-gole-de-cachaca-no-leito-da-morte\/","title":{"rendered":"Tia Augusta e a hist\u00f3ria da fam\u00edlia regada a gole de cacha\u00e7a no leito da morte"},"content":{"rendered":"<p>Tia Augusta era porreta. N\u00e3o que enfrentasse tudo de modo destemido, at\u00e9 porque sabia que as pancadas, quando pegavam em cheio, chegavam carregadas de dor. No entanto, n\u00e3o era de sublocar pendengas, mesmo as que lhe chegavam por conta de amizades duvidosas ou mal escolhidas.<\/p>\n<p>Ela foi a primeira a chegar aqui, quando a nova capital do pa\u00eds n\u00e3o passava de um amontado de obras neste barro vermelho, que, h\u00e1 alguns dias, descobri ser por causa de tanta hematita. Ap\u00f3s quase dois anos de muita luta, titia trouxe a m\u00e3e e a \u00fanica irm\u00e3, que, naquela \u00e9poca, n\u00e3o passava de uma menina de oito anos.<\/p>\n<p>Mesmo diante das dificuldades, aquele reencontro trouxe alento para aquelas tr\u00eas mulheres. Como aprendi com tia Augusta, quando a dor \u00e9 dividida, o calv\u00e1rio \u00e9 menor. E foi assim que elas sobreviveram, apesar dos despejos, apesar das agruras que se multiplicavam que nem bact\u00e9rias, das promessas n\u00e3o cumpridas, das mentiras escancaradas, das mazelas agravadas a partir de 1964.<\/p>\n<p>Olhando para tr\u00e1s, parece que tia Augusta n\u00e3o teve tempo de viver a pr\u00f3pria vida. Preocupada com a manuten\u00e7\u00e3o da fam\u00edlia, n\u00e3o me lembro de t\u00ea-la visto passar um batom ou um perfume. Se teve amores, nunca descobri. O certo \u00e9 que fez o que foi poss\u00edvel para dar o conforto que vov\u00f3 nunca tivera, assim como lutou que nem leoa para que minha m\u00e3e tivesse uma carreira.<\/p>\n<p>\u2014 C\u00edcera, voc\u00ea vai estudar. N\u00e3o te quero ver buchuda com a barriga no tanque nem no fog\u00e3o.<\/p>\n<p>Mam\u00e3e, que sempre teve a irm\u00e3 como segunda m\u00e3e, parece que seguiu os conselhos \u00e0 risca. Estudou e foi a primeira da fam\u00edlia a passar em um concurso p\u00fablico. Funcion\u00e1ria do Banco do Brasil, abriu um mundo de possibilidades diante de tantas precariedades at\u00e9 ent\u00e3o. Chegou ao posto de gerente, mas jamais se esqueceu das suas origens, e fazia quest\u00e3o de que eu soubesse.<\/p>\n<p>\u2014 Alice, lembre-se sempre de onde voc\u00ea veio.<\/p>\n<p>Apesar de nunca ter passado por tamanha carestia, \u00e9 como se aquilo tudo fizesse parte tamb\u00e9m da minha jornada. Mam\u00e3e tem raz\u00e3o, pois n\u00e3o podemos fugir da nossa hist\u00f3ria.<\/p>\n<p>H\u00e1 tr\u00eas meses, perdemos tia Augusta. Ela foi consumida pelo c\u00e2ncer de mama, que se espalhou. Mam\u00e3e e eu cuidamos da nossa parenta, que sempre olhou por todos n\u00f3s. Mulher s\u00e1bia, quando a morfina j\u00e1 n\u00e3o era suficiente para controlar a dor, n\u00e3o raro, me pedia uma dose de cacha\u00e7a.<\/p>\n<p>\u2014 Titia, mas a senhora tem certeza? O que o m\u00e9dico disse?<\/p>\n<p>\u2014 Alice, Napole\u00e3o tinha uma frase \u00f3tima.<\/p>\n<p>\u2014 Napole\u00e3o Bonaparte?<\/p>\n<p>\u2014 Sim. Sabe o que ele falava?<\/p>\n<p>\u2014 N\u00e3o.<\/p>\n<p>\u2014 Na vit\u00f3ria, voc\u00ea merece champanhe. Na derrota, voc\u00ea precisa dele.<\/p>\n<p>&#8230;&#8230;&#8230;&#8230;&#8230;&#8230;&#8230;&#8230;&#8230;&#8230;..<\/p>\n<p><strong>Eduardo Mart\u00ednez \u00e9 autor do livro 57 Contos e Cr\u00f4nicas por um Autor Muito Velho\u2019<\/strong><\/p>\n<p>Compre aqui\u00a0<span class=\"x19la9d6 x1fc57z9 x6ikm8r x10wlt62 x19co3pv x1g5zs5t xfibh0p xiy17q3 x1xsqp64 x1lkfr7t xexx8yu x4uap5 x18d9i69 xkhd6sd\"><span class=\"xrtxmta x1bhl96m\"><img decoding=\"async\" class=\"emoji\" role=\"img\" draggable=\"false\" src=\"https:\/\/s.w.org\/images\/core\/emoji\/15.0.3\/svg\/1f447-1f3ff.svg\" alt=\"&#x1f447;&#x1f3ff;\" \/><\/span><\/span><\/p>\n<p><a href=\"https:\/\/www.joanineditora.com.br\/57-contos-e-cronicas-por-um-autor-muito-velho\">https:\/\/www.joanineditora.com.br\/57-contos-e-cronicas-por-um-autor-muito-velho<\/a><\/p>\n","protected":false},"excerpt":{"rendered":"<p>Tia Augusta era porreta. N\u00e3o que enfrentasse tudo de modo destemido, at\u00e9 porque sabia que as pancadas, quando pegavam em cheio, chegavam carregadas de dor. No entanto, n\u00e3o era de sublocar pendengas, mesmo as que lhe chegavam por conta de amizades duvidosas ou mal escolhidas. Ela foi a primeira a chegar aqui, quando a nova [&hellip;]<\/p>\n","protected":false},"author":2,"featured_media":349045,"comment_status":"closed","ping_status":"closed","sticky":false,"template":"","format":"standard","meta":{"_acf_changed":false,"footnotes":""},"categories":[161],"tags":[],"class_list":["post-349044","post","type-post","status-publish","format-standard","has-post-thumbnail","hentry","category-quadradinho-em-foco"],"acf":[],"_links":{"self":[{"href":"https:\/\/www.notibras.com\/site\/wp-json\/wp\/v2\/posts\/349044","targetHints":{"allow":["GET"]}}],"collection":[{"href":"https:\/\/www.notibras.com\/site\/wp-json\/wp\/v2\/posts"}],"about":[{"href":"https:\/\/www.notibras.com\/site\/wp-json\/wp\/v2\/types\/post"}],"author":[{"embeddable":true,"href":"https:\/\/www.notibras.com\/site\/wp-json\/wp\/v2\/users\/2"}],"replies":[{"embeddable":true,"href":"https:\/\/www.notibras.com\/site\/wp-json\/wp\/v2\/comments?post=349044"}],"version-history":[{"count":3,"href":"https:\/\/www.notibras.com\/site\/wp-json\/wp\/v2\/posts\/349044\/revisions"}],"predecessor-version":[{"id":349048,"href":"https:\/\/www.notibras.com\/site\/wp-json\/wp\/v2\/posts\/349044\/revisions\/349048"}],"wp:featuredmedia":[{"embeddable":true,"href":"https:\/\/www.notibras.com\/site\/wp-json\/wp\/v2\/media\/349045"}],"wp:attachment":[{"href":"https:\/\/www.notibras.com\/site\/wp-json\/wp\/v2\/media?parent=349044"}],"wp:term":[{"taxonomy":"category","embeddable":true,"href":"https:\/\/www.notibras.com\/site\/wp-json\/wp\/v2\/categories?post=349044"},{"taxonomy":"post_tag","embeddable":true,"href":"https:\/\/www.notibras.com\/site\/wp-json\/wp\/v2\/tags?post=349044"}],"curies":[{"name":"wp","href":"https:\/\/api.w.org\/{rel}","templated":true}]}}