{"id":349049,"date":"2025-02-28T04:40:52","date_gmt":"2025-02-28T07:40:52","guid":{"rendered":"https:\/\/www.notibras.com\/site\/?p=349049"},"modified":"2025-02-28T05:14:54","modified_gmt":"2025-02-28T08:14:54","slug":"demagogia-e-hipocrisia-viram-marca-da-farsa-de-eduardo-pedrosa","status":"publish","type":"post","link":"https:\/\/www.notibras.com\/site\/demagogia-e-hipocrisia-viram-marca-da-farsa-de-eduardo-pedrosa\/","title":{"rendered":"Demagogia e hipocrisia viram marca da farsa de Eduardo Pedrosa"},"content":{"rendered":"<p>A demagogia e a hipocrisia viraram marca do mandato o deputado distrital Eduardo Pedrosa (Uni\u00e3o). Por iniciativa dele, a C\u00e2mara Legislativa do Distrito Federal vestiu-se de arco-\u00edris, numa teatralidade de ocasi\u00e3o, em homenagem ao Dia Mundial das Doen\u00e7as Raras, celebrado na sexta-feira, 28. Um espet\u00e1culo de cores circenses, enquanto os pacientes dessas enfermidades continuam \u00e0 merc\u00ea do descaso, das filas intermin\u00e1veis e da burocracia kafkiana.<\/p>\n<p>O deputado, sempre atento \u00e0s oportunidades de marketing pessoal, fez quest\u00e3o de estampar nas redes sociais o gesto magn\u00e2nimo da ilumina\u00e7\u00e3o especial. Entre um sorriso for\u00e7ado e uma legenda recheada de clich\u00eas sobre \u201csensibiliza\u00e7\u00e3o\u201d e \u201cempatia\u201d, omitiu o detalhe inc\u00f4modo: no mundo real, pacientes de doen\u00e7as raras sofrem com a falta de medicamentos de alto custo, a escassez de especialistas e o eterno jogo de empurra entre Uni\u00e3o (sem trocadilho com o partido dele), estados e munic\u00edpios.<\/p>\n<p><img loading=\"lazy\" decoding=\"async\" class=\"wp-image-349050 aligncenter\" src=\"https:\/\/www.notibras.com\/site\/wp-content\/uploads\/2025\/02\/WhatsApp-Image-2025-02-27-at-10.50.39-300x200.jpeg\" alt=\"\" width=\"498\" height=\"332\" srcset=\"https:\/\/www.notibras.com\/site\/wp-content\/uploads\/2025\/02\/WhatsApp-Image-2025-02-27-at-10.50.39-300x200.jpeg 300w, https:\/\/www.notibras.com\/site\/wp-content\/uploads\/2025\/02\/WhatsApp-Image-2025-02-27-at-10.50.39-1024x683.jpeg 1024w, https:\/\/www.notibras.com\/site\/wp-content\/uploads\/2025\/02\/WhatsApp-Image-2025-02-27-at-10.50.39-768x512.jpeg 768w, https:\/\/www.notibras.com\/site\/wp-content\/uploads\/2025\/02\/WhatsApp-Image-2025-02-27-at-10.50.39.jpeg 1200w\" sizes=\"auto, (max-width: 498px) 100vw, 498px\" \/><\/p>\n<p>N\u00e3o h\u00e1 pol\u00edtica p\u00fablica eficiente, mas h\u00e1 luzes coloridas. N\u00e3o h\u00e1 atendimento digno, mas h\u00e1 um deputado pronto para tirar foto e faturar uns likes. A farsa \u00e9 repetida ano ap\u00f3s ano, e a plateia \u2013 formada por cidad\u00e3os exaustos \u2013 assiste, sem esperan\u00e7a, \u00e0 mesma encena\u00e7\u00e3o barata. A ilumina\u00e7\u00e3o simb\u00f3lica apaga, mas o sofrimento dos pacientes permanece aceso, queimando como um lembrete cruel da hipocrisia institucionalizada por Eduardo Pedrosa.<\/p>\n<p>&#8230;&#8230;&#8230;&#8230;&#8230;&#8230;&#8230;&#8230;&#8230;&#8230;&#8230;&#8230;&#8230;&#8230;<\/p>\n<p><strong>Carolina Paiva \u00e9 Editora do Quadradinho em Foco<\/strong><\/p>\n","protected":false},"excerpt":{"rendered":"<p>A demagogia e a hipocrisia viraram marca do mandato o deputado distrital Eduardo Pedrosa (Uni\u00e3o). Por iniciativa dele, a C\u00e2mara Legislativa do Distrito Federal vestiu-se de arco-\u00edris, numa teatralidade de ocasi\u00e3o, em homenagem ao Dia Mundial das Doen\u00e7as Raras, celebrado na sexta-feira, 28. Um espet\u00e1culo de cores circenses, enquanto os pacientes dessas enfermidades continuam \u00e0 [&hellip;]<\/p>\n","protected":false},"author":2,"featured_media":349051,"comment_status":"closed","ping_status":"closed","sticky":false,"template":"","format":"standard","meta":{"_acf_changed":false,"footnotes":""},"categories":[161],"tags":[],"class_list":["post-349049","post","type-post","status-publish","format-standard","has-post-thumbnail","hentry","category-quadradinho-em-foco"],"acf":[],"_links":{"self":[{"href":"https:\/\/www.notibras.com\/site\/wp-json\/wp\/v2\/posts\/349049","targetHints":{"allow":["GET"]}}],"collection":[{"href":"https:\/\/www.notibras.com\/site\/wp-json\/wp\/v2\/posts"}],"about":[{"href":"https:\/\/www.notibras.com\/site\/wp-json\/wp\/v2\/types\/post"}],"author":[{"embeddable":true,"href":"https:\/\/www.notibras.com\/site\/wp-json\/wp\/v2\/users\/2"}],"replies":[{"embeddable":true,"href":"https:\/\/www.notibras.com\/site\/wp-json\/wp\/v2\/comments?post=349049"}],"version-history":[{"count":1,"href":"https:\/\/www.notibras.com\/site\/wp-json\/wp\/v2\/posts\/349049\/revisions"}],"predecessor-version":[{"id":349052,"href":"https:\/\/www.notibras.com\/site\/wp-json\/wp\/v2\/posts\/349049\/revisions\/349052"}],"wp:featuredmedia":[{"embeddable":true,"href":"https:\/\/www.notibras.com\/site\/wp-json\/wp\/v2\/media\/349051"}],"wp:attachment":[{"href":"https:\/\/www.notibras.com\/site\/wp-json\/wp\/v2\/media?parent=349049"}],"wp:term":[{"taxonomy":"category","embeddable":true,"href":"https:\/\/www.notibras.com\/site\/wp-json\/wp\/v2\/categories?post=349049"},{"taxonomy":"post_tag","embeddable":true,"href":"https:\/\/www.notibras.com\/site\/wp-json\/wp\/v2\/tags?post=349049"}],"curies":[{"name":"wp","href":"https:\/\/api.w.org\/{rel}","templated":true}]}}