{"id":349053,"date":"2025-02-28T00:20:58","date_gmt":"2025-02-28T03:20:58","guid":{"rendered":"https:\/\/www.notibras.com\/site\/?p=349053"},"modified":"2025-02-28T05:22:42","modified_gmt":"2025-02-28T08:22:42","slug":"camara-abraca-campanha-para-proteger-criancas-no-carnaval","status":"publish","type":"post","link":"https:\/\/www.notibras.com\/site\/camara-abraca-campanha-para-proteger-criancas-no-carnaval\/","title":{"rendered":"C\u00e2mara abra\u00e7a campanha para proteger crian\u00e7as no Carnaval"},"content":{"rendered":"<p>\u201cPule, brinque e cuide\u201d, entoaram as crian\u00e7as ao ocupar o foyer da C\u00e2mara Legislativa nesta quinta-feira (27), \u00e0s v\u00e9speras da folia. O grito \u00e9 o lema da Campanha Nacional de Prote\u00e7\u00e3o a Crian\u00e7as e Adolescentes no Carnaval 2025, cujo lan\u00e7amento ocorreu na sede do legislativo distrital. Promovida pela Rede ECPAT Brasil e pelo Comit\u00ea Nacional de Enfrentamento \u00e0 Viol\u00eancia Sexual contra Crian\u00e7as e Adolescentes, a iniciativa conta com o endosso da Comiss\u00e3o de Defesa dos Direitos Humanos da Casa.<\/p>\n<p>A campanha dedica-se a enfrentar a viol\u00eancia sexual contra crian\u00e7as e adolescentes, bem como a combater o trabalho infantil. Al\u00e9m disso, apresenta orienta\u00e7\u00f5es e alertas sobre a preven\u00e7\u00e3o e fiscaliza\u00e7\u00e3o da venda e do uso de \u00e1lcool por crian\u00e7as e adolescentes; estimula a identifica\u00e7\u00e3o e notifica\u00e7\u00e3o do desaparecimento de crian\u00e7as; e ainda convoca a vacina\u00e7\u00e3o para que as crian\u00e7as aproveitem a folia de forma segura e protegida.<\/p>\n<p>Ao longo do lan\u00e7amento, o Coletivo da Cidade realizou uma s\u00e9rie de atividades com o p\u00fablico mirim. Presidente da Comiss\u00e3o de Direitos Humanos da C\u00e2mara, F\u00e1bio Felix (Psol) defendeu que crian\u00e7as e adolescentes precisam ter acesso a todas as pol\u00edticas p\u00fablicas. \u201cCombatemos o ano inteiro a ideologia do menor, que diz que crian\u00e7a e adolescente n\u00e3o t\u00eam direitos. Mas \u00e9 muito maior, porque eles t\u00eam potencial e fazem a diferen\u00e7a\u201d, explicou.<\/p>\n<p>A conselheira tutelar Natty Vieira assegurou que o Conselho vai trabalhar para proteger os jovens no Carnaval. J\u00e1 a ex-subsecret\u00e1ria de Pol\u00edticas para Crian\u00e7as e Adolescentes, Perla Ribeiro, fez um alerta: \u201cCaso presenciem qualquer coisa que incomode voc\u00eas [crian\u00e7as], avisem um adulto em quem confiem e disquem 100 para denunciar&#8221;.<\/p>\n<p>Sociedade, governos, prefeituras, conselhos estaduais e municipais, organiza\u00e7\u00f5es n\u00e3o governamentais e o setor privado s\u00e3o convidados a aderir \u00e0 campanha.<\/p>\n","protected":false},"excerpt":{"rendered":"<p>\u201cPule, brinque e cuide\u201d, entoaram as crian\u00e7as ao ocupar o foyer da C\u00e2mara Legislativa nesta quinta-feira (27), \u00e0s v\u00e9speras da folia. O grito \u00e9 o lema da Campanha Nacional de Prote\u00e7\u00e3o a Crian\u00e7as e Adolescentes no Carnaval 2025, cujo lan\u00e7amento ocorreu na sede do legislativo distrital. Promovida pela Rede ECPAT Brasil e pelo Comit\u00ea Nacional [&hellip;]<\/p>\n","protected":false},"author":2,"featured_media":349054,"comment_status":"closed","ping_status":"closed","sticky":false,"template":"","format":"standard","meta":{"_acf_changed":false,"footnotes":""},"categories":[161],"tags":[],"class_list":["post-349053","post","type-post","status-publish","format-standard","has-post-thumbnail","hentry","category-quadradinho-em-foco"],"acf":[],"_links":{"self":[{"href":"https:\/\/www.notibras.com\/site\/wp-json\/wp\/v2\/posts\/349053","targetHints":{"allow":["GET"]}}],"collection":[{"href":"https:\/\/www.notibras.com\/site\/wp-json\/wp\/v2\/posts"}],"about":[{"href":"https:\/\/www.notibras.com\/site\/wp-json\/wp\/v2\/types\/post"}],"author":[{"embeddable":true,"href":"https:\/\/www.notibras.com\/site\/wp-json\/wp\/v2\/users\/2"}],"replies":[{"embeddable":true,"href":"https:\/\/www.notibras.com\/site\/wp-json\/wp\/v2\/comments?post=349053"}],"version-history":[{"count":1,"href":"https:\/\/www.notibras.com\/site\/wp-json\/wp\/v2\/posts\/349053\/revisions"}],"predecessor-version":[{"id":349055,"href":"https:\/\/www.notibras.com\/site\/wp-json\/wp\/v2\/posts\/349053\/revisions\/349055"}],"wp:featuredmedia":[{"embeddable":true,"href":"https:\/\/www.notibras.com\/site\/wp-json\/wp\/v2\/media\/349054"}],"wp:attachment":[{"href":"https:\/\/www.notibras.com\/site\/wp-json\/wp\/v2\/media?parent=349053"}],"wp:term":[{"taxonomy":"category","embeddable":true,"href":"https:\/\/www.notibras.com\/site\/wp-json\/wp\/v2\/categories?post=349053"},{"taxonomy":"post_tag","embeddable":true,"href":"https:\/\/www.notibras.com\/site\/wp-json\/wp\/v2\/tags?post=349053"}],"curies":[{"name":"wp","href":"https:\/\/api.w.org\/{rel}","templated":true}]}}