{"id":349056,"date":"2025-02-28T04:29:29","date_gmt":"2025-02-28T07:29:29","guid":{"rendered":"https:\/\/www.notibras.com\/site\/?p=349056"},"modified":"2025-02-28T05:32:52","modified_gmt":"2025-02-28T08:32:52","slug":"transito-de-veiculos-tera-alteracoes-durante-reinado-de-momo","status":"publish","type":"post","link":"https:\/\/www.notibras.com\/site\/transito-de-veiculos-tera-alteracoes-durante-reinado-de-momo\/","title":{"rendered":"Tr\u00e2nsito de ve\u00edculos ter\u00e1 altera\u00e7\u00f5es durante Reinado de Momo"},"content":{"rendered":"<p>O Carnaval 2025 trar\u00e1 mudan\u00e7as significativas no tr\u00e2nsito do Distrito Federal, especialmente na regi\u00e3o central de Bras\u00edlia. A Pol\u00edcia Militar, por meio do Comando de Policiamento de Tr\u00e2nsito, atuar\u00e1 dando orienta\u00e7\u00f5es ao Detran para garantir a seguran\u00e7a vi\u00e1ria e a mobilidade dos foli\u00f5es. As interven\u00e7\u00f5es ocorrer\u00e3o entre os dias 1\u00ba e 4 de mar\u00e7o.<\/p>\n<p>Duas \u00e1reas principais ser\u00e3o interditadas: a Avenida S2 e a Esplanada dos Minist\u00e9rios. As interdi\u00e7\u00f5es ter\u00e3o in\u00edcio \u00e0s 10h da manh\u00e3, com hor\u00e1rios distintos de libera\u00e7\u00e3o. Na Esplanada, o bloqueio permanecer\u00e1 at\u00e9 as 2h da manh\u00e3 do dia seguinte, sendo reaberto durante a madrugada. J\u00e1 na Avenida S2, o trecho compreendido entre o Tribunal Regional do Trabalho (TRT) e os Correios permanecer\u00e1 fechado durante todo o per\u00edodo de Carnaval.<\/p>\n<p>Al\u00e9m dessas interdi\u00e7\u00f5es, outras restri\u00e7\u00f5es ser\u00e3o implementadas:<\/p>\n<p>\u2022 Esplanada dos Minist\u00e9rios: entre os dias 1\u00ba e 4 de mar\u00e7o, as vias S1 e N1 e a Esplanada dos Minist\u00e9rios estar\u00e3o fechadas das 11h \u00e0s 2h. A circula\u00e7\u00e3o ser\u00e1 retomada diariamente das 2h \u00e0s 11h.<br \/>\n\u2022 Via S2: o trecho entre o Museu Nacional da Rep\u00fablica e o cruzamento da Quadra 5 do Setor Comercial Sul permanecer\u00e1 interditado durante todo o Carnaval.<br \/>\n\u2022 O acesso a estacionamentos e vias adjacentes ser\u00e1 controlado, incluindo a Quadra 4 do Setor Comercial Sul, que foi fechada a partir das 19h desta quinta-feira (27).<br \/>\n\u2022 Os \u00f4nibus ter\u00e3o passagem livre pela al\u00e7a leste da Rodovi\u00e1ria, garantindo o deslocamento dos foli\u00f5es.<br \/>\n\u2022 A PMDF utilizar\u00e1 barreiras New Jersey e bloqueios f\u00edsicos r\u00edgidos para impedir invas\u00f5es de ve\u00edculos n\u00e3o autorizados e garantir a prote\u00e7\u00e3o dos pedestres.<\/p>\n<p><strong>Fiscaliza\u00e7\u00e3o e transporte p\u00fablico<\/strong><br \/>\nA corpora\u00e7\u00e3o refor\u00e7ar\u00e1 o policiamento nas \u00e1reas de maior circula\u00e7\u00e3o de foli\u00f5es, com foco na revista pessoal, a fim de impedir a entrada de objetos proibidos, como garrafas de vidro e armas brancas. A seguran\u00e7a tamb\u00e9m ser\u00e1 intensificada nas esta\u00e7\u00f5es do metr\u00f4, especialmente nas esta\u00e7\u00f5es Central, Galeria, Arniqueiras, \u00c1guas Claras e Concession\u00e1rias.<\/p>\n<p>Para facilitar o deslocamento da popula\u00e7\u00e3o e reduzir o n\u00famero de ve\u00edculos particulares nas ruas, o transporte p\u00fablico ter\u00e1 tarifa gratuita durante o per\u00edodo festivo.<\/p>\n<p><strong>Recomenda\u00e7\u00f5es para os foli\u00f5es<\/strong><br \/>\nA PMDF orienta os foli\u00f5es a estarem atentos \u00e0s altera\u00e7\u00f5es no tr\u00e2nsito e a utilizarem, sempre que poss\u00edvel, o transporte p\u00fablico. Para aqueles que optarem por t\u00e1xis ou transporte por aplicativo, pontos espec\u00edficos estar\u00e3o dispon\u00edveis na Feira da Torre, Esta\u00e7\u00e3o Rodovi\u00e1ria e Clube do Choro.<\/p>\n<p>A corpora\u00e7\u00e3o tamb\u00e9m refor\u00e7a a import\u00e2ncia da responsabilidade no tr\u00e2nsito, alertando para os riscos da combina\u00e7\u00e3o de \u00e1lcool e dire\u00e7\u00e3o. Como parte das medidas preventivas, ser\u00e3o realizadas blitzes da Lei Seca ao longo do per\u00edodo carnavalesco para coibir infra\u00e7\u00f5es e aumentar a seguran\u00e7a vi\u00e1ria.<\/p>\n<p>A opera\u00e7\u00e3o contar\u00e1 ainda com um Posto de Comando na Cidade da Seguran\u00e7a P\u00fablica, localizado no estacionamento superior norte da Torre de TV, que servir\u00e1 como base para as for\u00e7as de seguran\u00e7a e ponto de apoio aos foli\u00f5es.<\/p>\n<p>Para mais detalhes sobre as interdi\u00e7\u00f5es e o esquema de seguran\u00e7a do Carnaval 2025, a popula\u00e7\u00e3o pode acompanhar as redes sociais da PMDF e do Detran-DF, al\u00e9m dos informes oficiais divulgados pela Secretaria de Seguran\u00e7a P\u00fablica.<\/p>\n","protected":false},"excerpt":{"rendered":"<p>O Carnaval 2025 trar\u00e1 mudan\u00e7as significativas no tr\u00e2nsito do Distrito Federal, especialmente na regi\u00e3o central de Bras\u00edlia. A Pol\u00edcia Militar, por meio do Comando de Policiamento de Tr\u00e2nsito, atuar\u00e1 dando orienta\u00e7\u00f5es ao Detran para garantir a seguran\u00e7a vi\u00e1ria e a mobilidade dos foli\u00f5es. As interven\u00e7\u00f5es ocorrer\u00e3o entre os dias 1\u00ba e 4 de mar\u00e7o. Duas [&hellip;]<\/p>\n","protected":false},"author":2,"featured_media":349057,"comment_status":"closed","ping_status":"closed","sticky":false,"template":"","format":"standard","meta":{"_acf_changed":false,"footnotes":""},"categories":[161],"tags":[],"class_list":["post-349056","post","type-post","status-publish","format-standard","has-post-thumbnail","hentry","category-quadradinho-em-foco"],"acf":[],"_links":{"self":[{"href":"https:\/\/www.notibras.com\/site\/wp-json\/wp\/v2\/posts\/349056","targetHints":{"allow":["GET"]}}],"collection":[{"href":"https:\/\/www.notibras.com\/site\/wp-json\/wp\/v2\/posts"}],"about":[{"href":"https:\/\/www.notibras.com\/site\/wp-json\/wp\/v2\/types\/post"}],"author":[{"embeddable":true,"href":"https:\/\/www.notibras.com\/site\/wp-json\/wp\/v2\/users\/2"}],"replies":[{"embeddable":true,"href":"https:\/\/www.notibras.com\/site\/wp-json\/wp\/v2\/comments?post=349056"}],"version-history":[{"count":2,"href":"https:\/\/www.notibras.com\/site\/wp-json\/wp\/v2\/posts\/349056\/revisions"}],"predecessor-version":[{"id":349059,"href":"https:\/\/www.notibras.com\/site\/wp-json\/wp\/v2\/posts\/349056\/revisions\/349059"}],"wp:featuredmedia":[{"embeddable":true,"href":"https:\/\/www.notibras.com\/site\/wp-json\/wp\/v2\/media\/349057"}],"wp:attachment":[{"href":"https:\/\/www.notibras.com\/site\/wp-json\/wp\/v2\/media?parent=349056"}],"wp:term":[{"taxonomy":"category","embeddable":true,"href":"https:\/\/www.notibras.com\/site\/wp-json\/wp\/v2\/categories?post=349056"},{"taxonomy":"post_tag","embeddable":true,"href":"https:\/\/www.notibras.com\/site\/wp-json\/wp\/v2\/tags?post=349056"}],"curies":[{"name":"wp","href":"https:\/\/api.w.org\/{rel}","templated":true}]}}