{"id":349060,"date":"2025-02-28T04:30:56","date_gmt":"2025-02-28T07:30:56","guid":{"rendered":"https:\/\/www.notibras.com\/site\/?p=349060"},"modified":"2025-02-28T05:44:17","modified_gmt":"2025-02-28T08:44:17","slug":"confira-o-que-abre-e-o-que-fecha-durante-o-feriado-de-carnaval","status":"publish","type":"post","link":"https:\/\/www.notibras.com\/site\/confira-o-que-abre-e-o-que-fecha-durante-o-feriado-de-carnaval\/","title":{"rendered":"Confira o que abre e o que fecha durante o feriado de Carnaval"},"content":{"rendered":"<p>O Carnaval oficial do Distrito Federal est\u00e1 prestes a come\u00e7ar. Este ano a folia ser\u00e1 celebrada entre os dias 1\u00ba (s\u00e1bado) e 4 (ter\u00e7a-feira) de mar\u00e7o. Com isso, diversos servi\u00e7os p\u00fablicos ter\u00e3o os hor\u00e1rios de atendimento alterados.<\/p>\n<p>Pela primeira vez, o transporte p\u00fablico vai operar o sistema especial do programa Vai de Gra\u00e7a, que permitir\u00e1 a gratuidade nos \u00f4nibus e no Metr\u00f4-DF nos quatro dias de festa.<\/p>\n<p>Outra novidade ser\u00e1 o funcionamento do Eix\u00e3o do Lazer por tr\u00eas dias seguidos. Confira o que abre e o que fecha na capital durante os dias do feriad\u00e3o!<\/p>\n<p><strong>Transporte p\u00fablico<\/strong><br \/>\nA Secretaria de Transporte e Mobilidade (Semob) informa que a frota vai circular em esquema especial. Ser\u00e3o pelo menos 90 \u00f4nibus a mais por dia com viagens extras para atender \u00e0 demanda de passageiros.<\/p>\n<p>A Companhia do Metropolitano do Distrito Federal (Metr\u00f4-DF) vai estender o per\u00edodo de funcionamento de s\u00e1bado at\u00e9 ter\u00e7a-feira. S\u00e1bado, segunda e ter\u00e7a-feira, das 5h30 \u00e0 1h; e no domingo, das 7h \u00e0 1h.<\/p>\n<p>Todas as esta\u00e7\u00f5es estar\u00e3o abertas para embarque e desembarque at\u00e9 as 23h30. Ap\u00f3s este hor\u00e1rio, entre 23h30 e 1h, apenas a esta\u00e7\u00e3o Central estar\u00e1 aberta para embarque e desembarque. As demais s\u00f3 ficar\u00e3o abertas para desembarque.<\/p>\n<p>O programa Vai de Gra\u00e7a come\u00e7a a funcionar neste feriado liberando a gratuidade para \u00f4nibus e metr\u00f4. A iniciativa come\u00e7a a valer a partir da meia-noite do s\u00e1bado de Carnaval (1\u00ba), se estendendo at\u00e9 as 23h59 de ter\u00e7a-feira (4). Os ve\u00edculos estar\u00e3o com as portas abertas para os passageiros durante todo o feriado.<\/p>\n<p><strong>Tr\u00e2nsito<\/strong><br \/>\nO Departamento de Estradas de Rodagem do Distrito Federal (DER-DF) informa que o Eixa\u0303o do Lazer funcionara\u0301 normalmente, das 6h a\u0300s 18h, no domingo, na segunda e na ter\u00e7a-feira, em func\u0327a\u0303o do feriado de Carnaval. Nesses dias e hor\u00e1rios, o Eixo Rodovia\u0301rio de Brasi\u0301lia (DF-002) ficara\u0301 fechado para os vei\u0301culos e aberto para os pedestres.<\/p>\n<p>As opera\u00e7\u00f5es de fluidez nas rodovias distritais, Estrada Parque Ceil\u00e2ndia (DF-095), DF-001 (entre o viaduto de Samambaia e o viaduto do Pist\u00e3o Sul), BR-070 e Barragem do Parano\u00e1 (per\u00edodo vespertino) n\u00e3o ser\u00e3o realizadas na ter\u00e7a-feira. J\u00e1 na segunda e na quarta-feira ser\u00e3o feitas as opera\u00e7\u00f5es de fluidez.<\/p>\n<p>O Departamento de Tr\u00e2nsito\u00a0 informa que n\u00e3o haver\u00e1 atendimento nos postos nos dias 3 e 4, que foram definidos como ponto facultativo segundo o Decreto n\u00ba 46.716\/2025. O atendimento ao p\u00fablico ser\u00e1 retomado na quarta-feira (5), \u00e0s 14h. Os servi\u00e7os online, dispon\u00edveis por meio do aplicativo Detran Digital e do Portal de Servi\u00e7os do Detran, funcionar\u00e3o normalmente, todos os dias da semana.<\/p>\n<p><strong>Seguran\u00e7a<\/strong><br \/>\nA Pol\u00edcia Militar do Distrito Federal (PMDF) e o Corpo de Bombeiros Militar do Distrito Federal (CBMDF) funcionam 24 horas por dia, todos os dias da semana, de forma ininterrupta, incluindo finais de semana e feriados. As corpora\u00e7\u00f5es podem ser acionadas a qualquer momento pelos n\u00fameros 190 e 193, respectivamente.<\/p>\n<p>Todas as unidades da Pol\u00edcia Civil do Distrito Federal (PCDF) estar\u00e3o operando normalmente durante o feriado de Carnaval, garantindo atendimento 24 horas \u00e0 popula\u00e7\u00e3o. As 31 delegacias circunscricionais funcionar\u00e3o ininterruptamente em regime de plant\u00e3o. As Delegacias de Atendimento \u00e0 Mulher (Deam I e II) e da Crian\u00e7a e do Adolescente (DCA I e II) tamb\u00e9m permanecer\u00e3o abertas 24 horas, oferecendo suporte especializado.<\/p>\n<p>Durante o feriado, os registros de ocorr\u00eancias em flagrante delito ser\u00e3o realizados nas seguintes unidades: 1\u00aa DP, 5\u00aa DP, 6\u00aa DP, 12\u00aa DP, 13\u00aa DP, 15\u00aa DP, 16\u00aa DP, 18\u00aa DP, 20\u00aa DP, 21\u00aa DP, 24\u00aa DP, 26\u00aa DP, 27\u00aa DP, 30\u00aa DP e 33\u00aa DP.<\/p>\n<p>A Defesa Civil vai atuar em regime de plant\u00e3o, com equipes de t\u00e9cnicos plantonistas todos os dias durante 24 horas. Em caso de qualquer intercorr\u00eancia, o cidad\u00e3o pode acionar pelos telefones 193 ou 199.<\/p>\n<p><strong>Sa\u00fade<\/strong><br \/>\nA Secretaria de Sa\u00fade (SES-DF) organizou um esquema especial para o Carnaval.<\/p>\n<p>Samu: O Servi\u00e7o de Atendimento M\u00f3vel ter\u00e1 ambul\u00e2ncias e motol\u00e2ncias posicionadas em pontos estrat\u00e9gicos da Esplanada dos Minist\u00e9rios, para prestar suporte direto aos blocos carnavalescos. O teleatendimento pelo 192 ser\u00e1 mantido com m\u00e9dicos reguladores fazendo a triagem dos casos, fornecendo orienta\u00e7\u00f5es ou acionando equipes m\u00f3veis para assist\u00eancia no local.<\/p>\n<p>Atendimento emergencial: O Hospital Regional da Asa Norte (Hran) ser\u00e1 o local indicado para a assist\u00eancia em casos de cl\u00ednica m\u00e9dica, cirurgia geral, queimados e emerg\u00eancia em odontologia. O Hospital de Base (HBDF) atender\u00e1 ocorr\u00eancias de politraumas e traumas cranioencef\u00e1licos. Apesar dos pontos centrais, todos os outros hospitais ir\u00e3o funcionar 24h, com portas abertas para urg\u00eancias e emerg\u00eancias. Al\u00e9m disso, o Distrito Federal conta com a atua\u00e7\u00e3o de 13 Unidades de Pronto Atendimento (UPAs), tamb\u00e9m com funcionamento 24h.<\/p>\n<p>Centros de Aten\u00e7\u00e3o Psicossocial: As unidades Caps III Samambaia, Caps AD Ceil\u00e2ndia, Caps AD Samambaia e Caps AD Bras\u00edlia estar\u00e3o abertas 24 horas. Para atendimentos emergenciais em psiquiatria, as refer\u00eancias s\u00e3o o Hospital S\u00e3o Vicente de Paulo (HSVP) e o HBDF.<\/p>\n<p>Vacina\u00e7\u00e3o: Quem quiser atualizar o cart\u00e3o de vacina\u00e7\u00e3o durante o Carnaval, pode procurar as salas de vacina de UBSs que funcionam aos s\u00e1bados, que estar\u00e3o abertas com imunizantes do calend\u00e1rio de rotina, dengue e covid-19. A lista dos pontos que realizam a vacina\u00e7\u00e3o nesse dia est\u00e1 dispon\u00edvel no site da SES-DF. As demais salas voltam a funcionar normalmente na quarta (5), a partir das 14h.<\/p>\n<p>Odontologia: A emerg\u00eancia odontol\u00f3gica do Hran mant\u00e9m atendimento normal ao longo de todo o feriado, com assist\u00eancia 24h. Haver\u00e1 atendimento tamb\u00e9m no Hospital Regional de Taguatinga (HRT) no s\u00e1bado (1\u00ba) e no domingo (2), das 7h \u00e0s 19h. J\u00e1 no Hospital Regional do Gama (HRG), os hor\u00e1rios de Carnaval ser\u00e3o os seguintes: no s\u00e1bado (1\u00ba), das 13h \u00e0s 19h; no domingo (2), das 7h \u00e0s 19h; e na ter\u00e7a-feira (4), das 19h \u00e0 1h.<\/p>\n<p>Farm\u00e1cias de Alto Custo: As unidades do Componente Especializado da Assist\u00eancia Farmac\u00eautica funcionam no s\u00e1bado, das 7h \u00e0s 12h, fechando no domingo, na segunda e ter\u00e7a. O atendimento retorna na quarta \u00e0s 14h.<\/p>\n<p>Ambulat\u00f3rios e Policl\u00ednicas: N\u00e3o haver\u00e1 atendimento de s\u00e1bado a ter\u00e7a. As unidades reabrem na quarta, a partir das 14h.<\/p>\n<p>Unidades B\u00e1sicas de Sa\u00fade: As UBSs seguir\u00e3o o calend\u00e1rio oficial de feriados do Governo do Distrito Federal (GDF) e ficar\u00e3o fechadas. J\u00e1 as 63 UBSs tipo II, que atendem aos s\u00e1bados, ir\u00e3o funcionar no dia 1\u00ba de mar\u00e7o, at\u00e9 \u00e0s 12h.<\/p>\n<p>Hemocentro: A Funda\u00e7\u00e3o Hemocentro de Bras\u00edlia ter\u00e1 o funcionamento modificado no Carnaval. S\u00e1bado, das 7h15 \u00e0s 18h; segunda-feira, das 7h15 \u00e0s 12h; e quarta-feira, das 14h15 \u00e0s 18h. Domingo e ter\u00e7a-feira, fechado.<\/p>\n<p><strong>Assist\u00eancia social<\/strong><br \/>\nOs restaurantes comunit\u00e1rios funcionar\u00e3o normalmente durante o Carnaval. Apenas as unidades da Estrutural, Ceil\u00e2ndia e Sol Nascente estar\u00e3o fechadas no domingo.<\/p>\n<p>Segundo a Secretaria de Desenvolvimento Social (Sedes-DF), durante o feriado, abrem normalmente a Central de Vagas, a UPS 24h e a Unidade de Acolhimento. J\u00e1 os Centros Pop, Centro de Refer\u00eancia de Assist\u00eancia Social (Cras), Centro de Refer\u00eancia Especializado de Assist\u00eancia Social (Creas) e Centro de Conviv\u00eancia (Cecon) estar\u00e3o fechados nos pontos facultativos e reabrem na quarta-feira, \u00e0s 14h.<\/p>\n<p>A Secretaria da Mulher (SMDF) informa que a Casa da Mulher Brasileira ter\u00e1 o funcionamento normal de 24 horas para o Alojamento de Passagem. O mesmo vale para a Casa Abrigo. Os demais Centros Especializados de Atendimento \u00e0s Mulheres (Ceams) e Espa\u00e7o Acolher funcionar\u00e3o a partir de quarta-feira (5), \u00e0s 13h.<\/p>\n<p>A Defensoria P\u00fablica do Distrito Federal (DPDF) ter\u00e1 o funcionamento alterado no feriado prolongado. N\u00e3o haver\u00e1 expediente nos N\u00facleos de Assist\u00eancia Jur\u00eddica: n\u00e3o haver\u00e1 expediente de segunda a quarta-feira. Na sede administrativa, as atividades ser\u00e3o retomadas na quarta-feira (5), a partir das 14h. O N\u00facleo de Assist\u00eancia Jur\u00eddica do Plant\u00e3o funciona 24 horas durante o per\u00edodo.<\/p>\n<p><strong>Justi\u00e7a e Cidadania<\/strong><br \/>\nN\u00e3o haver\u00e1 atendimento presencial nos servi\u00e7os da Secretaria de Justi\u00e7a e Cidadania do Distrito Federal (Sejus-DF) no ponto facultativo e feriado do Carnaval.<\/p>\n<p>As unidades do Conselho Tutelar e Centro Integrado 18 de Maio estar\u00e3o fechadas no per\u00edodo. No entanto, as demandas urgentes dos conselhos podem ser registradas pelo telefone 125, contato do Cisdeca. J\u00e1 as demandas urgentes do centro ser\u00e3o atendidas pelo telefone (61) 98314-0636, das 8h \u00e0s 20h. Os N\u00facleos do Programa Direito Delas estar\u00e3o fechados. Contudo, haver\u00e1 atendimento em regime de plant\u00e3o por meio do telefone (61) 9838-20130.<\/p>\n<p>As unidades de atendimento do Na Hora e do Procon estar\u00e3o fechadas nos dias 1\u00ba, 3 e 4 de mar\u00e7o. O atendimento retorna na quarta-feira (5), a partir das 14h.<\/p>\n<p><strong>\u00c1gua e energia<\/strong><br \/>\nA Companhia de Saneamento Ambiental do Distrito Federal (Caesb) informa que nos dias de ponto facultativo: 3, 4 e 5 at\u00e9 as 14h, n\u00e3o haver\u00e1 atendimento presencial na Sede e nos Escrit\u00f3rios de Atendimento. As equipes de Opera\u00e7\u00e3o e Manuten\u00e7\u00e3o da Caesb trabalhar\u00e3o normalmente.<\/p>\n<p>Os consumidores que precisarem da companhia podem ligar para a Central de Atendimento, telefone 115. Tamb\u00e9m podem solicitar servi\u00e7os pelo WhatsApp (61) 3029-8115. Outra op\u00e7\u00e3o \u00e9 usar o aplicativo da Caesb para celular ou entrar no site da companhia.<\/p>\n<p>A Neoenergia Bras\u00edlia informa que, na segunda-feira e na ter\u00e7a-feira, as Lojas de Atendimento Presencial estar\u00e3o fechadas. Elas reabrem na quarta-feira a partir de 12h. J\u00e1 os sete postos do Na Hora voltam, no mesmo dia, a partir das 14h.<\/p>\n<p>Ao longo de todo o feriado, os clientes podem ainda acessar o atendimento da Neoenergia Bras\u00edlia para servi\u00e7os comerciais e para o plant\u00e3o emergencial, dispon\u00edvel 24h no WhatsApp (61) 3465-9318 e pelo telefone 116.<\/p>\n<p><strong>Trabalho<\/strong><br \/>\nAs ag\u00eancias do trabalhador ficar\u00e3o fechadas durante o feriado, com retorno a partir das 14h na quarta-feira.<\/p>\n<p><strong>Limpeza Urbana<\/strong><br \/>\nAs coletas convencional e seletiva seguem cronograma normal, conforme disponibilizado no site do SLU. As unidades operacionais do Servi\u00e7o de Limpeza Urbana (SLU) com servi\u00e7os de empresas contratadas e cooperativas de triagem funcionar\u00e3o normalmente no s\u00e1bado, na segunda, na ter\u00e7a e na quarta-feira, com fechamento apenas no domingo.<\/p>\n<p>Estar\u00e3o em opera\u00e7\u00e3o a Unidade de Recebimento de Entulho (URE), o Aterro Sanit\u00e1rio de Bras\u00edlia (ASB), os lotes de coleta e limpeza urbana, as usinas da Ceil\u00e2ndia e da Sul, as instala\u00e7\u00f5es de recupera\u00e7\u00e3o de recicl\u00e1veis (IRRs) e os papa-entulhos (PEVs). Apenas os lotes de coleta e limpeza urbana ter\u00e3o regime de plant\u00e3o no domingo.<\/p>\n<p>J\u00e1 as unidades da Diretoria de Limpeza Urbana funcionar\u00e3o s\u00e1bado, segunda e ter\u00e7a-feira em regime de plant\u00e3o; domingo sem funcionamento, exceto as subcoordena\u00e7\u00f5es regionais e ger\u00eancias de limpeza que atuar\u00e3o em regime de plant\u00e3o; e quarta-feira segue o funcionamento normal.<\/p>\n<p><strong>Lazer<\/strong><br \/>\nO Zool\u00f3gico estar\u00e1 aberto todos os dias do Carnaval, das 8h30 \u00e0s 17h | Foto: L\u00facio Bernardo Jr.\/Ag\u00eancia Bras\u00edlia<\/p>\n<p>O Zool\u00f3gico estar\u00e1 aberto todos os dias do Carnaval, das 8h30 \u00e0s 17h. A bilheteria encerra a venda dos bilhetes \u00e0s 16h. Os ingressos custam R$ 10 (inteira) e R$ 5 (meia-entrada).<\/p>\n<p>O Mirante da Torre de TV funcionar\u00e1 normalmente todos os dias, das 9h \u00e0s 18h45. O Planet\u00e1rio de Bras\u00edlia estar\u00e1 funcionando de ter\u00e7a a domingo, das 7h30 \u00e0s 19h, com sess\u00f5es de ter\u00e7a a sexta \u00e0s 18h e aos finais de semana e feriados, \u00e0s 11h, 14h30, 16h, 17h e 18h.<\/p>\n<p><strong>Cultura<\/strong><br \/>\n\u2013 Biblioteca Nacional de Bras\u00edlia: fechado de s\u00e1bado a ter\u00e7a-feira. Reabre na quarta-feira, a partir das 14h.<br \/>\n\u2013 Centro Cultural 3 Poderes: fechado de s\u00e1bado a ter\u00e7a-feira. Reabre na quarta-feira, a partir das 14h.<br \/>\n\u2013 Centro de Dan\u00e7a: fechado segunda e ter\u00e7a-feira. Reabre na quarta-feira, das 14h at\u00e9 22h.<br \/>\n\u2013 Cine Bras\u00edlia: fechado na segunda e na ter\u00e7a. Reabre na quarta, com a Mostra do Oscar.<br \/>\n\u2013 Complexo Cultural Samambaia: funcionamento normal.<br \/>\n\u2013 Complexo Cultural de Planaltina: Abre apenas no domingo, com uma palestra para mulheres e uma oficina de dan\u00e7a.<br \/>\n\u2013 Espa\u00e7o Renato Russo: fechado de s\u00e1bado a ter\u00e7a-feira. Reabre na quarta-feira, a partir das 14h.<br \/>\n\u2013 Eixo Cultural Ibero-americano: programa\u00e7\u00e3o de Carnaval com o Territ\u00f3rio Carnavalesco no s\u00e1bado, de 9h \u00e0s 22h, e de domingo a ter\u00e7a-feira, de 15h \u00e0s 22h.<br \/>\n\u2013 Museu Nacional da Rep\u00fablica: fechado de s\u00e1bado a ter\u00e7a-feira. Reabre na quarta-feira, a partir das 14h.<br \/>\n\u2013 Memorial dos Povos Ind\u00edgenas: fechado de s\u00e1bado a ter\u00e7a-feira. Reabre na quarta-feira, das 14h \u00e0s 17h.<br \/>\n\u2013 Museu da Mem\u00f3ria Candanga: fechado de s\u00e1bado a ter\u00e7a-feira. Reabre na quarta-feira, das 14h \u00e0s 17h.<br \/>\n\u2013 Museu do Catetinho: fechado de s\u00e1bado a ter\u00e7a-feira. Reabre na quarta-feira, das 14h \u00e0s 17h.<br \/>\n\u2013 Teatro Nacional: fechado durante todo o Carnaval. Reabre na quinta-feira.<\/p>\n<p><strong>Parques<\/strong><br \/>\nTodas as unidades de conserva\u00e7\u00e3o (UCs) administradas pelo Instituto Bras\u00edlia Ambiental funcionar\u00e3o normalmente entre os dias 1\u00ba a 5 de mar\u00e7o.<\/p>\n<p>Veja os hor\u00e1rios de funcionamento:<\/p>\n<p>\u2013 Parque Ecol\u00f3gico do Anfiteatro Natural do Lago Sul: Aberto todos os dias, das 6h \u00e0s 18h.<br \/>\n\u2013 Parque Ecol\u00f3gico de \u00c1guas Claras: Aberto todos os dias, das 6h \u00e0s 22h.<br \/>\n\u2013 Parque Ecol\u00f3gico Areal: Aberto todos os dias, das 6h \u00e0s 22h.<br \/>\n\u2013 Parque Ecol\u00f3gico da Asa Sul: Aberto todos os dias, das 6h \u00e0s 20h.<br \/>\n\u2013 Parque Distrital das Copa\u00edbas: Aberto todos os dias, das 6h \u00e0s 18h.<br \/>\n\u2013 Parque Ecol\u00f3gico Cortado: Aberto todos os dias, das 6h \u00e0s 20h.<br \/>\n\u2013 Monumento Natural Dom Bosco: Aberto todos os dias, das 6h \u00e0s 20h.<br \/>\n\u2013 Parque Ecol\u00f3gico Ezechias Heringer: Aberto todos os dias, das 6h \u00e0s 22h.<br \/>\n\u2013 Parque Ecol\u00f3gico do Gama: Aberto todos os dias, das 6h \u00e0s 22h.<br \/>\n\u2013 Parque Ecol\u00f3gico do Lago Norte: Aberto todos os dias, das 6h \u00e0s 20h.<br \/>\n\u2013 Parque Ecol\u00f3gico Olhos d\u2019\u00e1gua: Aberto todos os dias, das 5h30 \u00e0s 20h (port\u00e3o principal), e das 6h \u00e0s 18h (port\u00f5es laterais).<br \/>\n\u2013 Parque Ecol\u00f3gico do Parano\u00e1: Aberto todos os dias, das 6h \u00e0s 20h.<br \/>\n\u2013 Parque Ecol\u00f3gico Pen\u00ednsula Sul: Aberto todos os dias, das 6h \u00e0s 18h.<br \/>\n\u2013 Parque Ecol\u00f3gico do Riacho Fundo: Aberto todos os dias, das 6h \u00e0s 18h.<br \/>\n\u2013 Parque Ecol\u00f3gico Saburo Onoyama: Aberto todos os dias, das 6h \u00e0s 18h.<br \/>\n\u2013 Parque Ecol\u00f3gico Sucupira: Aberto todos os dias, das 6h \u00e0s 18h.<br \/>\n\u2013 Parque Ecol\u00f3gico Tr\u00eas Meninas: Aberto todos os dias, das 7h \u00e0s 19h.<br \/>\n\u2013 Parque Ecol\u00f3gico Veredinha: Aberto todos os dias, das 6h \u00e0s 18h.<\/p>\n<p><strong>BRB<\/strong><br \/>\nO Banco de Bras\u00edlia (BRB) informa que as ag\u00eancias e correspondentes banc\u00e1rios n\u00e3o ter\u00e3o expediente durante o feriado de Carnaval. Na quarta-feira de Cinzas, o funcionamento ser\u00e1 das 12h \u00e0s 17h.<\/p>\n<p><strong>Ceasa<\/strong><br \/>\nO mercado da Ceasa funciona normalmente, com feira e comercializa\u00e7\u00e3o na sexta-feira e na quarta-feira. No s\u00e1bado, o varej\u00e3o estar\u00e1 aberto normalmente. No domingo, o Mercado Livre do Produtor funciona at\u00e9 as 12h. O espa\u00e7o ficar\u00e1 fechado segunda e ter\u00e7a-feira.<\/p>\n","protected":false},"excerpt":{"rendered":"<p>O Carnaval oficial do Distrito Federal est\u00e1 prestes a come\u00e7ar. Este ano a folia ser\u00e1 celebrada entre os dias 1\u00ba (s\u00e1bado) e 4 (ter\u00e7a-feira) de mar\u00e7o. Com isso, diversos servi\u00e7os p\u00fablicos ter\u00e3o os hor\u00e1rios de atendimento alterados. Pela primeira vez, o transporte p\u00fablico vai operar o sistema especial do programa Vai de Gra\u00e7a, que permitir\u00e1 [&hellip;]<\/p>\n","protected":false},"author":2,"featured_media":349061,"comment_status":"closed","ping_status":"closed","sticky":false,"template":"","format":"standard","meta":{"_acf_changed":false,"footnotes":""},"categories":[161],"tags":[],"class_list":["post-349060","post","type-post","status-publish","format-standard","has-post-thumbnail","hentry","category-quadradinho-em-foco"],"acf":[],"_links":{"self":[{"href":"https:\/\/www.notibras.com\/site\/wp-json\/wp\/v2\/posts\/349060","targetHints":{"allow":["GET"]}}],"collection":[{"href":"https:\/\/www.notibras.com\/site\/wp-json\/wp\/v2\/posts"}],"about":[{"href":"https:\/\/www.notibras.com\/site\/wp-json\/wp\/v2\/types\/post"}],"author":[{"embeddable":true,"href":"https:\/\/www.notibras.com\/site\/wp-json\/wp\/v2\/users\/2"}],"replies":[{"embeddable":true,"href":"https:\/\/www.notibras.com\/site\/wp-json\/wp\/v2\/comments?post=349060"}],"version-history":[{"count":1,"href":"https:\/\/www.notibras.com\/site\/wp-json\/wp\/v2\/posts\/349060\/revisions"}],"predecessor-version":[{"id":349062,"href":"https:\/\/www.notibras.com\/site\/wp-json\/wp\/v2\/posts\/349060\/revisions\/349062"}],"wp:featuredmedia":[{"embeddable":true,"href":"https:\/\/www.notibras.com\/site\/wp-json\/wp\/v2\/media\/349061"}],"wp:attachment":[{"href":"https:\/\/www.notibras.com\/site\/wp-json\/wp\/v2\/media?parent=349060"}],"wp:term":[{"taxonomy":"category","embeddable":true,"href":"https:\/\/www.notibras.com\/site\/wp-json\/wp\/v2\/categories?post=349060"},{"taxonomy":"post_tag","embeddable":true,"href":"https:\/\/www.notibras.com\/site\/wp-json\/wp\/v2\/tags?post=349060"}],"curies":[{"name":"wp","href":"https:\/\/api.w.org\/{rel}","templated":true}]}}