{"id":349069,"date":"2025-02-28T00:24:24","date_gmt":"2025-02-28T03:24:24","guid":{"rendered":"https:\/\/www.notibras.com\/site\/?p=349069"},"modified":"2025-02-28T06:26:47","modified_gmt":"2025-02-28T09:26:47","slug":"pe-de-meia-paga-r-1-mil-a-alunos-dos-anos-iniciais-do-ensino-medio","status":"publish","type":"post","link":"https:\/\/www.notibras.com\/site\/pe-de-meia-paga-r-1-mil-a-alunos-dos-anos-iniciais-do-ensino-medio\/","title":{"rendered":"P\u00e9-de-Meia paga R$ 1 mil a alunos dos anos iniciais do ensino m\u00e9dio"},"content":{"rendered":"<p>Os participantes do P\u00e9-de-Meia que foram aprovados em 2024 no primeiro e no segundo ano do ensino m\u00e9dio receberam nesta quinta-feira (27) a parcela de R$ 1 mil. O dep\u00f3sito est\u00e1 confirmado a todos que conclu\u00edram uma das tr\u00eas etapas do ensino m\u00e9dio, independentemente do m\u00eas de anivers\u00e1rio.<\/p>\n<p>O dinheiro entra na conta na modalidade poupan\u00e7a e, por isso, o valor somente poder\u00e1 ser sacado ap\u00f3s os estudantes se formarem no ensino m\u00e9dio.<\/p>\n<p>Para ter direito ao b\u00f4nus, o estudante precisa:<\/p>\n<p><strong>estar matriculado no ensino m\u00e9dio regular ou EJA de escolas p\u00fablicas;<\/strong><br \/>\n<strong>fazer parte de uma fam\u00edlia com inscri\u00e7\u00e3o ativa no Cad\u00danico;<\/strong><br \/>\n<strong>ter renda familiar per capita que n\u00e3o ultrapasse meio sal\u00e1rio m\u00ednimo;<\/strong><br \/>\n<strong>ter entre 14 e 24 anos (no caso da EJA, a idade m\u00ednima \u00e9 de 19 anos).<\/strong><\/p>\n<p>Gustavo Henry Alves da Silva, de 17 anos, cumpre todos os requisitos. Depois de concluir, em 2024, o segundo ano, ele admite que estava aguardando o dep\u00f3sito do incentivo-conclus\u00e3o neste terceiro dia de dep\u00f3sitos feitos pelo Minist\u00e9rio da Educa\u00e7\u00e3o.<\/p>\n<p>Com o dinheiro que j\u00e1 recebeu da Poupan\u00e7a do Ensino M\u00e9dio pela frequ\u00eancia escolar no ano passado, o jovem consegue se dedicar ao estudo regular e, tamb\u00e9m, a cursos que v\u00e3o contribuir para sua forma\u00e7\u00e3o. Atualmente, Gustavo n\u00e3o consegue conciliar a vida de estudante do terceiro ano com est\u00e1gios remunerados. \u201cO P\u00e9-de-Meia sempre foi muito importante para mim porque ele d\u00e1 um aux\u00edlio que muitas vezes eu n\u00e3o conseguiria ter.\u201d<\/p>\n<p>Para ele, o dinheiro extra refor\u00e7a o entendimento de que n\u00e3o se pode parar com os estudos.<\/p>\n<p>\u201cEu sempre tive muito apoio e sempre busquei ser a minha melhor vers\u00e3o e nunca deixei de estudar. At\u00e9 porque eu via a hist\u00f3ria de outras pessoas que pararam de estudar: os desafios que enfrentavam, o que ocorreu na vida delas. E decidi que eu n\u00e3o queria aquilo para mim&#8221;, optou o aluno Gustavo Henry Alves da Silva.<\/p>\n<p><strong>Outras situa\u00e7\u00f5es<\/strong><br \/>\nO MEC explica que os alunos\u202fde\u202fescolas que ainda n\u00e3o\u202fterminaram o ano letivo de 2024 tamb\u00e9m v\u00e3o receber o incentivo quando\u202ftiverem\u202fas aprova\u00e7\u00f5es informadas pelas suas redes de ensino.<\/p>\n<p>Aqueles que tiveram uma ou mais\u202fparcelas\u202fbloqueadas\u202fno ano passado ainda\u202fpoder\u00e3o receber\u202fos\u202fvalores\u202fnos\u202fpr\u00f3ximos meses, desde que cumpram os requisitos pedidos. Em caso de d\u00favidas, o estudante deve procurar a secretaria escolar.<\/p>\n<p>O prazo para o envio correto dos dados pelas secretarias de educa\u00e7\u00e3o \u00e9 de dois meses.<\/p>\n","protected":false},"excerpt":{"rendered":"<p>Os participantes do P\u00e9-de-Meia que foram aprovados em 2024 no primeiro e no segundo ano do ensino m\u00e9dio receberam nesta quinta-feira (27) a parcela de R$ 1 mil. O dep\u00f3sito est\u00e1 confirmado a todos que conclu\u00edram uma das tr\u00eas etapas do ensino m\u00e9dio, independentemente do m\u00eas de anivers\u00e1rio. O dinheiro entra na conta na modalidade [&hellip;]<\/p>\n","protected":false},"author":2,"featured_media":349071,"comment_status":"closed","ping_status":"closed","sticky":false,"template":"","format":"standard","meta":{"_acf_changed":false,"footnotes":""},"categories":[165],"tags":[],"class_list":["post-349069","post","type-post","status-publish","format-standard","has-post-thumbnail","hentry","category-nordeste"],"acf":[],"yoast_head":"<!-- This site is optimized with the Yoast SEO plugin v27.2 - https:\/\/yoast.com\/product\/yoast-seo-wordpress\/ -->\n<title>P\u00e9-de-Meia paga R$ 1 mil a alunos dos anos iniciais do ensino m\u00e9dio - Notibras<\/title>\n<meta name=\"robots\" content=\"index, follow, max-snippet:-1, max-image-preview:large, max-video-preview:-1\" \/>\n<link rel=\"canonical\" href=\"https:\/\/www.notibras.com\/site\/pe-de-meia-paga-r-1-mil-a-alunos-dos-anos-iniciais-do-ensino-medio\/\" \/>\n<meta property=\"og:locale\" content=\"pt_BR\" \/>\n<meta property=\"og:type\" content=\"article\" \/>\n<meta property=\"og:title\" content=\"P\u00e9-de-Meia paga R$ 1 mil a alunos dos anos iniciais do ensino m\u00e9dio - Notibras\" \/>\n<meta property=\"og:description\" content=\"Os participantes do P\u00e9-de-Meia que foram aprovados em 2024 no primeiro e no segundo ano do ensino m\u00e9dio receberam nesta quinta-feira (27) a parcela de R$ 1 mil. O dep\u00f3sito est\u00e1 confirmado a todos que conclu\u00edram uma das tr\u00eas etapas do ensino m\u00e9dio, independentemente do m\u00eas de anivers\u00e1rio. O dinheiro entra na conta na modalidade [&hellip;]\" \/>\n<meta property=\"og:url\" content=\"https:\/\/www.notibras.com\/site\/pe-de-meia-paga-r-1-mil-a-alunos-dos-anos-iniciais-do-ensino-medio\/\" \/>\n<meta property=\"og:site_name\" content=\"Notibras\" \/>\n<meta property=\"article:publisher\" content=\"https:\/\/www.facebook.com\/notibras\/\" \/>\n<meta property=\"article:published_time\" content=\"2025-02-28T03:24:24+00:00\" \/>\n<meta property=\"article:modified_time\" content=\"2025-02-28T09:26:47+00:00\" \/>\n<meta property=\"og:image\" content=\"https:\/\/www.notibras.com\/site\/wp-content\/uploads\/2025\/02\/0d4a4702_0.webp\" \/>\n\t<meta property=\"og:image:width\" content=\"1170\" \/>\n\t<meta property=\"og:image:height\" content=\"700\" \/>\n\t<meta property=\"og:image:type\" content=\"image\/webp\" \/>\n<meta name=\"author\" content=\"Reda\u00e7\u00e3o\" \/>\n<meta name=\"twitter:card\" content=\"summary_large_image\" \/>\n<meta name=\"twitter:creator\" content=\"@Notibras\" \/>\n<meta name=\"twitter:site\" content=\"@Notibras\" \/>\n<meta name=\"twitter:label1\" content=\"Escrito por\" \/>\n\t<meta name=\"twitter:data1\" content=\"Reda\u00e7\u00e3o\" \/>\n\t<meta name=\"twitter:label2\" content=\"Est. tempo de leitura\" \/>\n\t<meta name=\"twitter:data2\" content=\"3 minutos\" \/>\n<script type=\"application\/ld+json\" class=\"yoast-schema-graph\">{\"@context\":\"https:\/\/schema.org\",\"@graph\":[{\"@type\":\"Article\",\"@id\":\"https:\/\/www.notibras.com\/site\/pe-de-meia-paga-r-1-mil-a-alunos-dos-anos-iniciais-do-ensino-medio\/#article\",\"isPartOf\":{\"@id\":\"https:\/\/www.notibras.com\/site\/pe-de-meia-paga-r-1-mil-a-alunos-dos-anos-iniciais-do-ensino-medio\/\"},\"author\":{\"name\":\"Reda\u00e7\u00e3o\",\"@id\":\"https:\/\/www.notibras.com\/site\/#\/schema\/person\/36ab0979449956132d3e5b517ea76ac8\"},\"headline\":\"P\u00e9-de-Meia paga R$ 1 mil a alunos dos anos iniciais do ensino m\u00e9dio\",\"datePublished\":\"2025-02-28T03:24:24+00:00\",\"dateModified\":\"2025-02-28T09:26:47+00:00\",\"mainEntityOfPage\":{\"@id\":\"https:\/\/www.notibras.com\/site\/pe-de-meia-paga-r-1-mil-a-alunos-dos-anos-iniciais-do-ensino-medio\/\"},\"wordCount\":454,\"publisher\":{\"@id\":\"https:\/\/www.notibras.com\/site\/#organization\"},\"image\":{\"@id\":\"https:\/\/www.notibras.com\/site\/pe-de-meia-paga-r-1-mil-a-alunos-dos-anos-iniciais-do-ensino-medio\/#primaryimage\"},\"thumbnailUrl\":\"https:\/\/www.notibras.com\/site\/wp-content\/uploads\/2025\/02\/0d4a4702_0.webp\",\"articleSection\":[\"Nordeste\"],\"inLanguage\":\"pt-BR\"},{\"@type\":\"WebPage\",\"@id\":\"https:\/\/www.notibras.com\/site\/pe-de-meia-paga-r-1-mil-a-alunos-dos-anos-iniciais-do-ensino-medio\/\",\"url\":\"https:\/\/www.notibras.com\/site\/pe-de-meia-paga-r-1-mil-a-alunos-dos-anos-iniciais-do-ensino-medio\/\",\"name\":\"P\u00e9-de-Meia paga R$ 1 mil a alunos dos anos iniciais do ensino m\u00e9dio - Notibras\",\"isPartOf\":{\"@id\":\"https:\/\/www.notibras.com\/site\/#website\"},\"primaryImageOfPage\":{\"@id\":\"https:\/\/www.notibras.com\/site\/pe-de-meia-paga-r-1-mil-a-alunos-dos-anos-iniciais-do-ensino-medio\/#primaryimage\"},\"image\":{\"@id\":\"https:\/\/www.notibras.com\/site\/pe-de-meia-paga-r-1-mil-a-alunos-dos-anos-iniciais-do-ensino-medio\/#primaryimage\"},\"thumbnailUrl\":\"https:\/\/www.notibras.com\/site\/wp-content\/uploads\/2025\/02\/0d4a4702_0.webp\",\"datePublished\":\"2025-02-28T03:24:24+00:00\",\"dateModified\":\"2025-02-28T09:26:47+00:00\",\"breadcrumb\":{\"@id\":\"https:\/\/www.notibras.com\/site\/pe-de-meia-paga-r-1-mil-a-alunos-dos-anos-iniciais-do-ensino-medio\/#breadcrumb\"},\"inLanguage\":\"pt-BR\",\"potentialAction\":[{\"@type\":\"ReadAction\",\"target\":[\"https:\/\/www.notibras.com\/site\/pe-de-meia-paga-r-1-mil-a-alunos-dos-anos-iniciais-do-ensino-medio\/\"]}]},{\"@type\":\"ImageObject\",\"inLanguage\":\"pt-BR\",\"@id\":\"https:\/\/www.notibras.com\/site\/pe-de-meia-paga-r-1-mil-a-alunos-dos-anos-iniciais-do-ensino-medio\/#primaryimage\",\"url\":\"https:\/\/www.notibras.com\/site\/wp-content\/uploads\/2025\/02\/0d4a4702_0.webp\",\"contentUrl\":\"https:\/\/www.notibras.com\/site\/wp-content\/uploads\/2025\/02\/0d4a4702_0.webp\",\"width\":1170,\"height\":700},{\"@type\":\"BreadcrumbList\",\"@id\":\"https:\/\/www.notibras.com\/site\/pe-de-meia-paga-r-1-mil-a-alunos-dos-anos-iniciais-do-ensino-medio\/#breadcrumb\",\"itemListElement\":[{\"@type\":\"ListItem\",\"position\":1,\"name\":\"In\u00edcio\",\"item\":\"https:\/\/www.notibras.com\/site\/\"},{\"@type\":\"ListItem\",\"position\":2,\"name\":\"P\u00e9-de-Meia paga R$ 1 mil a alunos dos anos iniciais do ensino m\u00e9dio\"}]},{\"@type\":\"WebSite\",\"@id\":\"https:\/\/www.notibras.com\/site\/#website\",\"url\":\"https:\/\/www.notibras.com\/site\/\",\"name\":\"Notibras\",\"description\":\"Not\u00edcias de Bras\u00edlia, do Brasil e do Mundo\",\"publisher\":{\"@id\":\"https:\/\/www.notibras.com\/site\/#organization\"},\"potentialAction\":[{\"@type\":\"SearchAction\",\"target\":{\"@type\":\"EntryPoint\",\"urlTemplate\":\"https:\/\/www.notibras.com\/site\/?s={search_term_string}\"},\"query-input\":{\"@type\":\"PropertyValueSpecification\",\"valueRequired\":true,\"valueName\":\"search_term_string\"}}],\"inLanguage\":\"pt-BR\"},{\"@type\":\"Organization\",\"@id\":\"https:\/\/www.notibras.com\/site\/#organization\",\"name\":\"Grupo Notibras de Comunica\u00e7\u00e3o\",\"url\":\"https:\/\/www.notibras.com\/site\/\",\"logo\":{\"@type\":\"ImageObject\",\"inLanguage\":\"pt-BR\",\"@id\":\"https:\/\/www.notibras.com\/site\/#\/schema\/logo\/image\/\",\"url\":\"https:\/\/www.notibras.com\/site\/wp-content\/uploads\/2023\/01\/notibras23.png\",\"contentUrl\":\"https:\/\/www.notibras.com\/site\/wp-content\/uploads\/2023\/01\/notibras23.png\",\"width\":350,\"height\":87,\"caption\":\"Grupo Notibras de Comunica\u00e7\u00e3o\"},\"image\":{\"@id\":\"https:\/\/www.notibras.com\/site\/#\/schema\/logo\/image\/\"},\"sameAs\":[\"https:\/\/www.facebook.com\/notibras\/\",\"https:\/\/x.com\/Notibras\",\"https:\/\/www.instagram.com\/notibras\/\"]},{\"@type\":\"Person\",\"@id\":\"https:\/\/www.notibras.com\/site\/#\/schema\/person\/36ab0979449956132d3e5b517ea76ac8\",\"name\":\"Reda\u00e7\u00e3o\",\"image\":{\"@type\":\"ImageObject\",\"inLanguage\":\"pt-BR\",\"@id\":\"https:\/\/secure.gravatar.com\/avatar\/e0a867bdedb85fd243eadf09663511f96fc81e0720a4a42581f334ad4303aa6b?s=96&d=mm&r=g\",\"url\":\"https:\/\/secure.gravatar.com\/avatar\/e0a867bdedb85fd243eadf09663511f96fc81e0720a4a42581f334ad4303aa6b?s=96&d=mm&r=g\",\"contentUrl\":\"https:\/\/secure.gravatar.com\/avatar\/e0a867bdedb85fd243eadf09663511f96fc81e0720a4a42581f334ad4303aa6b?s=96&d=mm&r=g\",\"caption\":\"Reda\u00e7\u00e3o\"}}]}<\/script>\n<!-- \/ Yoast SEO plugin. -->","yoast_head_json":{"title":"P\u00e9-de-Meia paga R$ 1 mil a alunos dos anos iniciais do ensino m\u00e9dio - Notibras","robots":{"index":"index","follow":"follow","max-snippet":"max-snippet:-1","max-image-preview":"max-image-preview:large","max-video-preview":"max-video-preview:-1"},"canonical":"https:\/\/www.notibras.com\/site\/pe-de-meia-paga-r-1-mil-a-alunos-dos-anos-iniciais-do-ensino-medio\/","og_locale":"pt_BR","og_type":"article","og_title":"P\u00e9-de-Meia paga R$ 1 mil a alunos dos anos iniciais do ensino m\u00e9dio - Notibras","og_description":"Os participantes do P\u00e9-de-Meia que foram aprovados em 2024 no primeiro e no segundo ano do ensino m\u00e9dio receberam nesta quinta-feira (27) a parcela de R$ 1 mil. O dep\u00f3sito est\u00e1 confirmado a todos que conclu\u00edram uma das tr\u00eas etapas do ensino m\u00e9dio, independentemente do m\u00eas de anivers\u00e1rio. O dinheiro entra na conta na modalidade [&hellip;]","og_url":"https:\/\/www.notibras.com\/site\/pe-de-meia-paga-r-1-mil-a-alunos-dos-anos-iniciais-do-ensino-medio\/","og_site_name":"Notibras","article_publisher":"https:\/\/www.facebook.com\/notibras\/","article_published_time":"2025-02-28T03:24:24+00:00","article_modified_time":"2025-02-28T09:26:47+00:00","og_image":[{"width":1170,"height":700,"url":"https:\/\/www.notibras.com\/site\/wp-content\/uploads\/2025\/02\/0d4a4702_0.webp","type":"image\/webp"}],"author":"Reda\u00e7\u00e3o","twitter_card":"summary_large_image","twitter_creator":"@Notibras","twitter_site":"@Notibras","twitter_misc":{"Escrito por":"Reda\u00e7\u00e3o","Est. tempo de leitura":"3 minutos"},"schema":{"@context":"https:\/\/schema.org","@graph":[{"@type":"Article","@id":"https:\/\/www.notibras.com\/site\/pe-de-meia-paga-r-1-mil-a-alunos-dos-anos-iniciais-do-ensino-medio\/#article","isPartOf":{"@id":"https:\/\/www.notibras.com\/site\/pe-de-meia-paga-r-1-mil-a-alunos-dos-anos-iniciais-do-ensino-medio\/"},"author":{"name":"Reda\u00e7\u00e3o","@id":"https:\/\/www.notibras.com\/site\/#\/schema\/person\/36ab0979449956132d3e5b517ea76ac8"},"headline":"P\u00e9-de-Meia paga R$ 1 mil a alunos dos anos iniciais do ensino m\u00e9dio","datePublished":"2025-02-28T03:24:24+00:00","dateModified":"2025-02-28T09:26:47+00:00","mainEntityOfPage":{"@id":"https:\/\/www.notibras.com\/site\/pe-de-meia-paga-r-1-mil-a-alunos-dos-anos-iniciais-do-ensino-medio\/"},"wordCount":454,"publisher":{"@id":"https:\/\/www.notibras.com\/site\/#organization"},"image":{"@id":"https:\/\/www.notibras.com\/site\/pe-de-meia-paga-r-1-mil-a-alunos-dos-anos-iniciais-do-ensino-medio\/#primaryimage"},"thumbnailUrl":"https:\/\/www.notibras.com\/site\/wp-content\/uploads\/2025\/02\/0d4a4702_0.webp","articleSection":["Nordeste"],"inLanguage":"pt-BR"},{"@type":"WebPage","@id":"https:\/\/www.notibras.com\/site\/pe-de-meia-paga-r-1-mil-a-alunos-dos-anos-iniciais-do-ensino-medio\/","url":"https:\/\/www.notibras.com\/site\/pe-de-meia-paga-r-1-mil-a-alunos-dos-anos-iniciais-do-ensino-medio\/","name":"P\u00e9-de-Meia paga R$ 1 mil a alunos dos anos iniciais do ensino m\u00e9dio - Notibras","isPartOf":{"@id":"https:\/\/www.notibras.com\/site\/#website"},"primaryImageOfPage":{"@id":"https:\/\/www.notibras.com\/site\/pe-de-meia-paga-r-1-mil-a-alunos-dos-anos-iniciais-do-ensino-medio\/#primaryimage"},"image":{"@id":"https:\/\/www.notibras.com\/site\/pe-de-meia-paga-r-1-mil-a-alunos-dos-anos-iniciais-do-ensino-medio\/#primaryimage"},"thumbnailUrl":"https:\/\/www.notibras.com\/site\/wp-content\/uploads\/2025\/02\/0d4a4702_0.webp","datePublished":"2025-02-28T03:24:24+00:00","dateModified":"2025-02-28T09:26:47+00:00","breadcrumb":{"@id":"https:\/\/www.notibras.com\/site\/pe-de-meia-paga-r-1-mil-a-alunos-dos-anos-iniciais-do-ensino-medio\/#breadcrumb"},"inLanguage":"pt-BR","potentialAction":[{"@type":"ReadAction","target":["https:\/\/www.notibras.com\/site\/pe-de-meia-paga-r-1-mil-a-alunos-dos-anos-iniciais-do-ensino-medio\/"]}]},{"@type":"ImageObject","inLanguage":"pt-BR","@id":"https:\/\/www.notibras.com\/site\/pe-de-meia-paga-r-1-mil-a-alunos-dos-anos-iniciais-do-ensino-medio\/#primaryimage","url":"https:\/\/www.notibras.com\/site\/wp-content\/uploads\/2025\/02\/0d4a4702_0.webp","contentUrl":"https:\/\/www.notibras.com\/site\/wp-content\/uploads\/2025\/02\/0d4a4702_0.webp","width":1170,"height":700},{"@type":"BreadcrumbList","@id":"https:\/\/www.notibras.com\/site\/pe-de-meia-paga-r-1-mil-a-alunos-dos-anos-iniciais-do-ensino-medio\/#breadcrumb","itemListElement":[{"@type":"ListItem","position":1,"name":"In\u00edcio","item":"https:\/\/www.notibras.com\/site\/"},{"@type":"ListItem","position":2,"name":"P\u00e9-de-Meia paga R$ 1 mil a alunos dos anos iniciais do ensino m\u00e9dio"}]},{"@type":"WebSite","@id":"https:\/\/www.notibras.com\/site\/#website","url":"https:\/\/www.notibras.com\/site\/","name":"Notibras","description":"Not\u00edcias de Bras\u00edlia, do Brasil e do Mundo","publisher":{"@id":"https:\/\/www.notibras.com\/site\/#organization"},"potentialAction":[{"@type":"SearchAction","target":{"@type":"EntryPoint","urlTemplate":"https:\/\/www.notibras.com\/site\/?s={search_term_string}"},"query-input":{"@type":"PropertyValueSpecification","valueRequired":true,"valueName":"search_term_string"}}],"inLanguage":"pt-BR"},{"@type":"Organization","@id":"https:\/\/www.notibras.com\/site\/#organization","name":"Grupo Notibras de Comunica\u00e7\u00e3o","url":"https:\/\/www.notibras.com\/site\/","logo":{"@type":"ImageObject","inLanguage":"pt-BR","@id":"https:\/\/www.notibras.com\/site\/#\/schema\/logo\/image\/","url":"https:\/\/www.notibras.com\/site\/wp-content\/uploads\/2023\/01\/notibras23.png","contentUrl":"https:\/\/www.notibras.com\/site\/wp-content\/uploads\/2023\/01\/notibras23.png","width":350,"height":87,"caption":"Grupo Notibras de Comunica\u00e7\u00e3o"},"image":{"@id":"https:\/\/www.notibras.com\/site\/#\/schema\/logo\/image\/"},"sameAs":["https:\/\/www.facebook.com\/notibras\/","https:\/\/x.com\/Notibras","https:\/\/www.instagram.com\/notibras\/"]},{"@type":"Person","@id":"https:\/\/www.notibras.com\/site\/#\/schema\/person\/36ab0979449956132d3e5b517ea76ac8","name":"Reda\u00e7\u00e3o","image":{"@type":"ImageObject","inLanguage":"pt-BR","@id":"https:\/\/secure.gravatar.com\/avatar\/e0a867bdedb85fd243eadf09663511f96fc81e0720a4a42581f334ad4303aa6b?s=96&d=mm&r=g","url":"https:\/\/secure.gravatar.com\/avatar\/e0a867bdedb85fd243eadf09663511f96fc81e0720a4a42581f334ad4303aa6b?s=96&d=mm&r=g","contentUrl":"https:\/\/secure.gravatar.com\/avatar\/e0a867bdedb85fd243eadf09663511f96fc81e0720a4a42581f334ad4303aa6b?s=96&d=mm&r=g","caption":"Reda\u00e7\u00e3o"}}]}},"amp_enabled":true,"_links":{"self":[{"href":"https:\/\/www.notibras.com\/site\/wp-json\/wp\/v2\/posts\/349069","targetHints":{"allow":["GET"]}}],"collection":[{"href":"https:\/\/www.notibras.com\/site\/wp-json\/wp\/v2\/posts"}],"about":[{"href":"https:\/\/www.notibras.com\/site\/wp-json\/wp\/v2\/types\/post"}],"author":[{"embeddable":true,"href":"https:\/\/www.notibras.com\/site\/wp-json\/wp\/v2\/users\/2"}],"replies":[{"embeddable":true,"href":"https:\/\/www.notibras.com\/site\/wp-json\/wp\/v2\/comments?post=349069"}],"version-history":[{"count":1,"href":"https:\/\/www.notibras.com\/site\/wp-json\/wp\/v2\/posts\/349069\/revisions"}],"predecessor-version":[{"id":349072,"href":"https:\/\/www.notibras.com\/site\/wp-json\/wp\/v2\/posts\/349069\/revisions\/349072"}],"wp:featuredmedia":[{"embeddable":true,"href":"https:\/\/www.notibras.com\/site\/wp-json\/wp\/v2\/media\/349071"}],"wp:attachment":[{"href":"https:\/\/www.notibras.com\/site\/wp-json\/wp\/v2\/media?parent=349069"}],"wp:term":[{"taxonomy":"category","embeddable":true,"href":"https:\/\/www.notibras.com\/site\/wp-json\/wp\/v2\/categories?post=349069"},{"taxonomy":"post_tag","embeddable":true,"href":"https:\/\/www.notibras.com\/site\/wp-json\/wp\/v2\/tags?post=349069"}],"curies":[{"name":"wp","href":"https:\/\/api.w.org\/{rel}","templated":true}]}}