{"id":349083,"date":"2025-02-28T00:00:02","date_gmt":"2025-02-28T03:00:02","guid":{"rendered":"https:\/\/www.notibras.com\/site\/?p=349083"},"modified":"2025-02-28T07:00:29","modified_gmt":"2025-02-28T10:00:29","slug":"carnaval-de-salvador-comeca-celebrando-40-anos-do-axe","status":"publish","type":"post","link":"https:\/\/www.notibras.com\/site\/carnaval-de-salvador-comeca-celebrando-40-anos-do-axe\/","title":{"rendered":"Carnaval de Salvador come\u00e7a celebrando 40 anos do Ax\u00e9"},"content":{"rendered":"<p>A abertura oficial do carnaval em Salvador foi uma festa de suor e cerveja nesta quinta-feira (27) com Carlinhos Brown e convidados, no Circuito Osmar (Campo Grande), celebrando 40 anos do Ax\u00e9, g\u00eanero que irrompeu em Salvador (BA) em 1985, tendo como marco a m\u00fasica Fricote, m\u00fasica de Luiz Caldas e Paulinho Camafeu. A expectativa da prefeitura de Salvador \u00e9 que a cidade receba quase um milh\u00e3o de turistas durante todo o per\u00edodo momesco.<\/p>\n<p>\u201cJ\u00e1 \u00e9 carnaval cidade, acorda pra ver!\u201d, a m\u00fasica Lambada de Del\u00edcia do compositor Ger\u00f4nimo j\u00e1 virou sin\u00f4nimo do carnaval baiano. Shows de Daniela Mercury, Ludmilla, Baiana System, Carlinhos Brown e Bell Marques iniciaram a programa\u00e7\u00e3o oficial do carnaval na capital baiana. O circuito tamb\u00e9m receber\u00e1 as apresenta\u00e7\u00f5es de Xande de Pilares, Davi do Samba, Swing de Fora, Xanddy Harmonia, \u00c9 o Tchan, Luiz Caldas, entre outros.<\/p>\n<p>Festejado principalmente nos circuitos Barra Ondina (Dod\u00f4) e Campo Grande (Osmar), o carnaval de Salvador \u00e9 marcado pelos blocos com grandes trios el\u00e9tricos. Entre as atra\u00e7\u00f5es est\u00e3o Muzenza, Olodum, Il\u00ea Aiy\u00ea, Commanche, Margareth Menezes, Sarajane, Ricardo Chaves, Felipe Pezzoni, Serginho, Gandhy, entre outros.<\/p>\n<p>Mas n\u00e3o pense que a festa momesca em Salvador se limita apenas aos famosos circuitos, ela tamb\u00e9m se espalha por toda a cidade, a exemplo do circuito Batatinha, que no Pelourinho e o Contrafluxo, que vai da Rua Chile at\u00e9 a Carlos Gomes, no Centro Hist\u00f3rico.<\/p>\n<p><strong>Batatinha<\/strong><br \/>\nO Batatinha \u00e9 uma alternativa para quem prefere brincar o carnaval distante dos trios el\u00e9tricos e ao som de fanfarras, marchinhas e a tradi\u00e7\u00e3o dos blocos afro e afox\u00e9s. Nas ruas, ladeiras e largos do Pelourinho, grupos e blocos costumam percorrer as estreitas ruas da parte hist\u00f3rico da cidade.<\/p>\n<p>No Pelourinho, tamb\u00e9m teve o Carnaval do Pel\u00f4, um carnaval de rua que conta com pequenos trios e shows em palcos.<\/p>\n<p>O Batatinha recebeu diversos afox\u00e9s e blocos. Est\u00e3o na programa\u00e7\u00e3o o Afox\u00e9 Baiana Do Reino De Oya Com As Baianas, Afox\u00e9 Daraju De Ode, Bloco Quest\u00e3o De Gosto, Express\u00e3o Negra, Filhos Da Feira, Korin Efan, Malcom X, Nova Flor, Reggae A Paz, Reggae Axum, Samba Neguinho e Tomalira.<\/p>\n<p>J\u00e1 o Circuito Contrafluxo foi marcado pelas apresenta\u00e7\u00f5es de Namoral, Corrente do Samba, Rodopi\u00f4, Bloco Cultural, Arca do Ax\u00e9 Reggae o Bloco, Reggae o Bloco e Afox\u00e9 Dan\u00e7a Bahia<\/p>\n<p>Al\u00e9m disso, o foli\u00e3o pode brincar no chamado Carnaval Pipoca, com blocos sem cordas e grandes atra\u00e7\u00f5es nacionais. Este ano est\u00e3o confirmadas: Ivete Sangalo, BaianaSystem, Claudia Leitte, Saulo, Ludmilla, Anitta, entre outros.<\/p>\n<p>Os foli\u00f5es tamb\u00e9m podem aproveitar a energia do carnaval baiano, curtindo a programa\u00e7\u00e3o descentralizada nos bairros: Cajazeiras, Periperi, Itapu\u00e3, Liberdade, Boca do Rio, Plataforma e Pau de Lima.<\/p>\n<p><strong>Habeas Copos<\/strong><br \/>\nApesar do carnaval em Salvador come\u00e7ar oficialmente agora, a folia de momo j\u00e1 vem ocorrendo ao longo do m\u00eas. Nessa quarta (26), foi o fim do chamado pr\u00e9-carnaval, conhecido tamb\u00e9m como o Habeas Copos, tradicional desfile na Avenida Oce\u00e2nica.<\/p>\n<p>Dezenas de bloquinhos, embalados pelos instrumentos de sopro das irreverentes fanfarras fizeram a festa acontecer. As primeiras bandas de sopro sa\u00edram da concentra\u00e7\u00e3o, no Farol da Barra, j\u00e1 no in\u00edcio da noite. Milhares de foli\u00f5es ocuparam a avenida para curtir uma festa mais tranquila, realizada sem a agita\u00e7\u00e3o causada pelos grandiosos trios el\u00e9tricos.<\/p>\n","protected":false},"excerpt":{"rendered":"<p>A abertura oficial do carnaval em Salvador foi uma festa de suor e cerveja nesta quinta-feira (27) com Carlinhos Brown e convidados, no Circuito Osmar (Campo Grande), celebrando 40 anos do Ax\u00e9, g\u00eanero que irrompeu em Salvador (BA) em 1985, tendo como marco a m\u00fasica Fricote, m\u00fasica de Luiz Caldas e Paulinho Camafeu. A expectativa [&hellip;]<\/p>\n","protected":false},"author":2,"featured_media":349084,"comment_status":"closed","ping_status":"closed","sticky":false,"template":"","format":"standard","meta":{"_acf_changed":false,"footnotes":""},"categories":[165],"tags":[],"class_list":["post-349083","post","type-post","status-publish","format-standard","has-post-thumbnail","hentry","category-nordeste"],"acf":[],"_links":{"self":[{"href":"https:\/\/www.notibras.com\/site\/wp-json\/wp\/v2\/posts\/349083","targetHints":{"allow":["GET"]}}],"collection":[{"href":"https:\/\/www.notibras.com\/site\/wp-json\/wp\/v2\/posts"}],"about":[{"href":"https:\/\/www.notibras.com\/site\/wp-json\/wp\/v2\/types\/post"}],"author":[{"embeddable":true,"href":"https:\/\/www.notibras.com\/site\/wp-json\/wp\/v2\/users\/2"}],"replies":[{"embeddable":true,"href":"https:\/\/www.notibras.com\/site\/wp-json\/wp\/v2\/comments?post=349083"}],"version-history":[{"count":1,"href":"https:\/\/www.notibras.com\/site\/wp-json\/wp\/v2\/posts\/349083\/revisions"}],"predecessor-version":[{"id":349085,"href":"https:\/\/www.notibras.com\/site\/wp-json\/wp\/v2\/posts\/349083\/revisions\/349085"}],"wp:featuredmedia":[{"embeddable":true,"href":"https:\/\/www.notibras.com\/site\/wp-json\/wp\/v2\/media\/349084"}],"wp:attachment":[{"href":"https:\/\/www.notibras.com\/site\/wp-json\/wp\/v2\/media?parent=349083"}],"wp:term":[{"taxonomy":"category","embeddable":true,"href":"https:\/\/www.notibras.com\/site\/wp-json\/wp\/v2\/categories?post=349083"},{"taxonomy":"post_tag","embeddable":true,"href":"https:\/\/www.notibras.com\/site\/wp-json\/wp\/v2\/tags?post=349083"}],"curies":[{"name":"wp","href":"https:\/\/api.w.org\/{rel}","templated":true}]}}