{"id":349098,"date":"2025-02-28T16:11:47","date_gmt":"2025-02-28T19:11:47","guid":{"rendered":"https:\/\/www.notibras.com\/site\/?p=349098"},"modified":"2025-02-28T17:13:46","modified_gmt":"2025-02-28T20:13:46","slug":"medalha-de-ouro-para-eduardo-martinez-repercute-entre-leitores-e-escritores","status":"publish","type":"post","link":"https:\/\/www.notibras.com\/site\/medalha-de-ouro-para-eduardo-martinez-repercute-entre-leitores-e-escritores\/","title":{"rendered":"Medalha de Ouro para Eduardo Mart\u00ednez repercute entre leitores e escritores"},"content":{"rendered":"<p>\u2014 Ceci, que tal trabalhar com o Dan e o Edu?<\/p>\n<p>Foi assim que recebi a proposta para fazer parte da equipe da ent\u00e3o nova editoria Caf\u00e9 Liter\u00e1rio, de Notibras. Eu mal havia acordado, estava sentada na varanda, fumando meu primeiro cigarro do dia e tomando um caf\u00e9 ar\u00e1bica. Dei uma longa tragada, prendi por um instante a respira\u00e7\u00e3o, at\u00e9 que sorri, momento em que a fuma\u00e7a aproveitou para ganhar o mundo.<\/p>\n<p>\u2014 Chefe, voc\u00ea t\u00e1 falando do Daniel Marchi e do Eduardo Mart\u00ednez?<\/p>\n<p>\u2014 Sim.<\/p>\n<p>Era \u00f3bvio que o Jos\u00e9 Seabra estava falando dos dois, mas a inseguran\u00e7a sempre me fez companhia. Passei o resto do dia como se estivesse caminhando nas nuvens, fui \u00e0 padaria aqui embaixo do meu pr\u00e9dio, em S\u00e3o Paulo. Era como se Osmar, o balconista, j\u00e1 soubesse da novidade.<\/p>\n<p>Trabalhar com o Dan e o Edu \u00e9 muito f\u00e1cil. Sabe aqueles caras de boa? Eles n\u00e3o torram o saco pra nada. O conv\u00edvio com os colegas aqui no <strong>Notibras<\/strong> \u00e9 tranquilo, o Chefe (Jos\u00e9 Seabra), a Marta Nobre, o Armando Cardoso, o Wenceslau Ara\u00fajo, o Mathuzal\u00e9m J\u00fanior, o Cassiano Cond\u00e9. Tem o Foca, que \u00e9 o nosso faz tudo. Ele prepara at\u00e9 caf\u00e9 sol\u00favel, ao qual abro uma concess\u00e3o de vez em quando&#8230;<\/p>\n<p>Na quinta, 27, saiu uma mat\u00e9ria assinada pelo Dan sobre mais um pr\u00eamio que o Edu ganhou. Tudo parecia normal, at\u00e9 que as mensagens come\u00e7aram a chegar. Muitos elogios. Tantos, que o Chefe me telefonou e disse: &#8220;Ceci, tem como escrever alguma coisa sobre isso?&#8221;<\/p>\n<p>Selecionei algumas mensagens que nos chegaram sobre a mat\u00e9ria escrita pelo Daniel Marchi:<\/p>\n<p>&#8220;Bel\u00edssimo reconhecimento! Merecido. Muito merecido!&#8221;<\/p>\n<p>&#8220;Edu n\u00e3o escreve para ganhar pr\u00eamios, \u00e9 por isso que os ganha, porque escreve por amor \u00e0 arte de escrever e isso o faz diferenciado. Tenho muita sorte de ser sua leitora di\u00e1ria tamb\u00e9m.&#8221;<\/p>\n<p>&#8220;O Eduardo Mart\u00ednez sabe mexer com a emo\u00e7\u00e3o das pessoas nos seus escritos. Ora sentimos alegria, ora tristeza, mas com certeza, muito mais alegrias. At\u00e9 raiva antecipada senti do personagem que n\u00e3o gostava de cachorros. Antecipada que digo, que, depois, me veio uma culpa, um d\u00f3, pelo motivo pelo qual ele falou que a cachorrinha parecia um desastre de trem. Ficou curioso(a)? Leia \u2018M\u00e1goas de seu Olavo passam com o tempo\u2019, pois no fundo ele era um gentleman. Senti muito nojo com a lavagem da caixa de gordura, por pai e filho no Guar\u00e1. Enfim, se for falar de todos os sentimentos e emo\u00e7\u00f5es que sinto ao ler Eduardo Mart\u00ednez, vou ficar at\u00e9 amanh\u00e3 falando. S\u00f3 pra justificar o reconhecimento do pr\u00eamio. Em tempo, sem deixar de falar da colabora\u00e7\u00e3o da Dona Irene no incentivo e nas produ\u00e7\u00f5es visuais magn\u00edficas.&#8221;<\/p>\n<p>&#8220;Grande Eduardo! Parab\u00e9ns pela premia\u00e7\u00e3o. Muito merecida. Que outras mais venham.&#8221;<\/p>\n<p>&#8220;Maravilhoso escritor. Minha m\u00e3e e eu lemos todos os dias os contos do Eduardo Mart\u00ednez. Beijo. Mam\u00e3e tamb\u00e9m t\u00e1 mandando beijo.&#8221;<\/p>\n<p>&#8220;Conheci o Edu porque ele foi na minha escola. Ele \u00e9 muito legal. Parab\u00e9ns pelo pr\u00eamio.&#8221;<\/p>\n<p>&#8220;Li esse conto premiado. Uma beleza o conto! De muita sensibilidade. Parab\u00e9ns!&#8221;<\/p>\n<p>&#8220;O Daniel Marchi est\u00e1 certo quando diz que, se a gente n\u00e3o \u00e9 lido, n\u00e3o existe como escritor. Ent\u00e3o, o Eduardo \u00e9 muito escritor.&#8221;<\/p>\n<p>Todos aqui em <strong>Notibras<\/strong> amamos cada mensagem que recebemos, por mais exageradas que possam parecer. Isso eu entendo. \u00c9 at\u00e9 dif\u00edcil falar do Edu sem parecer algo exagerado. E cito uma frase do Dan: &#8220;Quando o elogio \u00e9 rasgado, ningu\u00e9m duvida.&#8221;<\/p>\n<p>&#8230;&#8230;&#8230;&#8230;&#8230;&#8230;&#8230;&#8230;&#8230;&#8230;&#8230;&#8230;&#8230;&#8230;..<\/p>\n<p><strong>Cec\u00edlia Baumann \u00e9 Editora-Assistente do <em>Caf\u00e9 Liter\u00e1rio<\/em> de Notibras<\/strong><\/p>\n","protected":false},"excerpt":{"rendered":"<p>\u2014 Ceci, que tal trabalhar com o Dan e o Edu? Foi assim que recebi a proposta para fazer parte da equipe da ent\u00e3o nova editoria Caf\u00e9 Liter\u00e1rio, de Notibras. Eu mal havia acordado, estava sentada na varanda, fumando meu primeiro cigarro do dia e tomando um caf\u00e9 ar\u00e1bica. Dei uma longa tragada, prendi por [&hellip;]<\/p>\n","protected":false},"author":2,"featured_media":349099,"comment_status":"closed","ping_status":"closed","sticky":false,"template":"","format":"standard","meta":{"_acf_changed":false,"footnotes":""},"categories":[161],"tags":[],"class_list":["post-349098","post","type-post","status-publish","format-standard","has-post-thumbnail","hentry","category-quadradinho-em-foco"],"acf":[],"_links":{"self":[{"href":"https:\/\/www.notibras.com\/site\/wp-json\/wp\/v2\/posts\/349098","targetHints":{"allow":["GET"]}}],"collection":[{"href":"https:\/\/www.notibras.com\/site\/wp-json\/wp\/v2\/posts"}],"about":[{"href":"https:\/\/www.notibras.com\/site\/wp-json\/wp\/v2\/types\/post"}],"author":[{"embeddable":true,"href":"https:\/\/www.notibras.com\/site\/wp-json\/wp\/v2\/users\/2"}],"replies":[{"embeddable":true,"href":"https:\/\/www.notibras.com\/site\/wp-json\/wp\/v2\/comments?post=349098"}],"version-history":[{"count":3,"href":"https:\/\/www.notibras.com\/site\/wp-json\/wp\/v2\/posts\/349098\/revisions"}],"predecessor-version":[{"id":349102,"href":"https:\/\/www.notibras.com\/site\/wp-json\/wp\/v2\/posts\/349098\/revisions\/349102"}],"wp:featuredmedia":[{"embeddable":true,"href":"https:\/\/www.notibras.com\/site\/wp-json\/wp\/v2\/media\/349099"}],"wp:attachment":[{"href":"https:\/\/www.notibras.com\/site\/wp-json\/wp\/v2\/media?parent=349098"}],"wp:term":[{"taxonomy":"category","embeddable":true,"href":"https:\/\/www.notibras.com\/site\/wp-json\/wp\/v2\/categories?post=349098"},{"taxonomy":"post_tag","embeddable":true,"href":"https:\/\/www.notibras.com\/site\/wp-json\/wp\/v2\/tags?post=349098"}],"curies":[{"name":"wp","href":"https:\/\/api.w.org\/{rel}","templated":true}]}}