{"id":349132,"date":"2025-03-01T09:27:06","date_gmt":"2025-03-01T12:27:06","guid":{"rendered":"https:\/\/www.notibras.com\/site\/?p=349132"},"modified":"2025-03-01T09:27:06","modified_gmt":"2025-03-01T12:27:06","slug":"nordeste-encabeca-a-fila-da-pobreza-brasileira","status":"publish","type":"post","link":"https:\/\/www.notibras.com\/site\/nordeste-encabeca-a-fila-da-pobreza-brasileira\/","title":{"rendered":"Nordeste encabe\u00e7a a fila da pobreza brasileira"},"content":{"rendered":"<p>O Distrito Federal e nove estados apresentaram em 2024 rendimento m\u00e9dio domiciliar por pessoa acima da m\u00e9dia do Brasil, que ficou em R$ 2.069. O DF lidera o ranking, com R$ 3.444, 66% acima do rendimento m\u00e9dio nacional.<\/p>\n<p>Os dados foram divulgados nesta sexta-feira (28), no Rio de Janeiro, pelo Instituto Brasileiro de Geografia e Estat\u00edstica (IBGE). O estado com menor rendimento domiciliar por pessoa \u00e9 o Maranh\u00e3o (R$ 1.077). A diferen\u00e7a entre o Distrito Federal e o Maranh\u00e3o supera tr\u00eas vezes (3,19).<\/p>\n<p>A lideran\u00e7a do DF \u00e9 explicada pelo grande contingente de funcion\u00e1rios p\u00fablicos na capital federal. Eles conseguem uma remunera\u00e7\u00e3o acima da m\u00e9dia da iniciativa privada.<\/p>\n<p>O estado mais populoso do Brasil, S\u00e3o Paulo, figura na segunda posi\u00e7\u00e3o, com rendimento domiciliar por pessoa de R$ 2.662.<\/p>\n<p><strong>Renda x moradores<\/strong><br \/>\nO rendimento domiciliar per capita (por pessoa) \u00e9 a rela\u00e7\u00e3o entre o total dos rendimentos domiciliares e o total dos moradores. Nesse c\u00e1lculo s\u00e3o considerados os rendimentos de trabalho e de outras fontes, como aposentadorias e benef\u00edcios do governo. Todos os moradores s\u00e3o considerados no c\u00e1lculo.<\/p>\n<p>As dez unidades da federa\u00e7\u00e3o (UF) que ficaram acima da m\u00e9dia em 2024 s\u00e3o localizadas nas regi\u00f5es Centro-Oeste, Sudeste e Sul. Na compara\u00e7\u00e3o com 2023, Minas Gerais deixou de ficar acima da m\u00e9dia.<\/p>\n<p>A divulga\u00e7\u00e3o do rendimento per capita atende \u00e0 Lei Complementar 143\/2013, que estabelece os crit\u00e9rios de rateio do Fundo de Participa\u00e7\u00e3o dos Estados e do Distrito Federal (FPE). Os dados s\u00e3o repassados ao Tribunal de Contas da Uni\u00e3o (TCU).<\/p>\n<p>As informa\u00e7\u00f5es s\u00e3o coletadas ao longo do ano pela Pesquisa Nacional por Amostra de Domic\u00edlios Cont\u00ednua (PNAD Cont\u00ednua).<\/p>\n<p><strong>Sem compara\u00e7\u00e3o<\/strong><br \/>\nO IBGE enfatiza que a divulga\u00e7\u00e3o desta sexta-feira \u00e9 \u201cuma fotografia do ano de 2024\u201d apenas para subsidiar o c\u00e1lculo do FPE \u2013 transfer\u00eancia de recursos federais para os estados e o DF.<\/p>\n<p>As divulga\u00e7\u00f5es anuais s\u00e3o sempre com valores nominais, ou seja, sem o efeito da infla\u00e7\u00e3o. Dessa forma, segundo o instituto, n\u00e3o \u00e9 feita compara\u00e7\u00e3o entre os anos.<\/p>\n<p>\u201cA publica\u00e7\u00e3o n\u00e3o tem por objetivo analisar a evolu\u00e7\u00e3o hist\u00f3rica do rendimento per capita no pa\u00eds\u201d, afirma o t\u00e9cnico do IBGE Gustavo Geaquinto Fontes.<\/p>\n<p>\u201cComo os dados est\u00e3o a pre\u00e7os do respectivo ano, n\u00e3o \u00e9 adequado o c\u00e1lculo de taxas de crescimento anual do rendimento, assim como fazer compara\u00e7\u00f5es sobre m\u00ednimo ou m\u00e1ximo da s\u00e9rie hist\u00f3rica\u201d, complementa.<\/p>\n<p>A s\u00e9rie hist\u00f3rica completa de rendimento da PNAD Cont\u00ednua \u2013 com valores corrigidos que permitem compara\u00e7\u00f5es anuais \u2013 ser\u00e1 divulgada em maio.<\/p>\n<p><strong>Ranking<\/strong><br \/>\nVeja o ranking de rendimento domiciliar mensal per capita:<\/p>\n<p>1) Distrito Federal: R$ 3.444<\/p>\n<p>2) S\u00e3o Paulo: R$ 2.662<\/p>\n<p>3) Rio Grande do Sul: R$ 2.608<\/p>\n<p>4) Santa Catarina: R$ 2.601<\/p>\n<p>5) Rio de Janeiro: R$ 2.490<\/p>\n<p>6) Paran\u00e1: R$ 2.482<\/p>\n<p>7) Mato Grosso: R$ 2.276<\/p>\n<p>8) Mato Grosso do Sul: R$ 2.169<\/p>\n<p>9) Esp\u00edrito Santo: R$ 2.111<\/p>\n<p>10) Goi\u00e1s: R$ 2.098<\/p>\n<p><strong>M\u00e9dia Brasil: R$ 2.069<\/strong><\/p>\n<p>11) Minas Gerais: R$ 2.001<\/p>\n<p>12) Tocantins: R$ 1.737<\/p>\n<p>13) Rond\u00f4nia: R$ 1.717<\/p>\n<p>14) Rio Grande do Norte: R$ 1.616<\/p>\n<p>15) Roraima: R$ 1.538<\/p>\n<p>16) Amap\u00e1: R$ 1.514<\/p>\n<p>17) Sergipe: R$ 1.473<\/p>\n<p>18) Pernambuco: R$ 1.453<\/p>\n<p>19) Para\u00edba: R$ 1.401<\/p>\n<p>20) Bahia: R$ 1.366<\/p>\n<p>21) Piau\u00ed: R$ 1.350<\/p>\n<p>22) Par\u00e1: R$ 1.344<\/p>\n<p>23) Alagoas: R$ 1.331<\/p>\n<p>24) Acre: R$ 1.271<\/p>\n<p>25) Amazonas: R$ 1.238<\/p>\n<p>26) Cear\u00e1: R$ 1.225<\/p>\n<p>27) Maranh\u00e3o: R$ 1.077<\/p>\n","protected":false},"excerpt":{"rendered":"<p>O Distrito Federal e nove estados apresentaram em 2024 rendimento m\u00e9dio domiciliar por pessoa acima da m\u00e9dia do Brasil, que ficou em R$ 2.069. O DF lidera o ranking, com R$ 3.444, 66% acima do rendimento m\u00e9dio nacional. Os dados foram divulgados nesta sexta-feira (28), no Rio de Janeiro, pelo Instituto Brasileiro de Geografia e [&hellip;]<\/p>\n","protected":false},"author":2,"featured_media":257933,"comment_status":"closed","ping_status":"closed","sticky":false,"template":"","format":"standard","meta":{"_acf_changed":false,"footnotes":""},"categories":[165],"tags":[],"class_list":["post-349132","post","type-post","status-publish","format-standard","has-post-thumbnail","hentry","category-nordeste"],"acf":[],"yoast_head":"<!-- This site is optimized with the Yoast SEO plugin v27.2 - https:\/\/yoast.com\/product\/yoast-seo-wordpress\/ -->\n<title>Nordeste encabe\u00e7a a fila da pobreza brasileira - Notibras<\/title>\n<meta name=\"robots\" content=\"index, follow, max-snippet:-1, max-image-preview:large, max-video-preview:-1\" \/>\n<link rel=\"canonical\" href=\"https:\/\/www.notibras.com\/site\/nordeste-encabeca-a-fila-da-pobreza-brasileira\/\" \/>\n<meta property=\"og:locale\" content=\"pt_BR\" \/>\n<meta property=\"og:type\" content=\"article\" \/>\n<meta property=\"og:title\" content=\"Nordeste encabe\u00e7a a fila da pobreza brasileira - Notibras\" \/>\n<meta property=\"og:description\" content=\"O Distrito Federal e nove estados apresentaram em 2024 rendimento m\u00e9dio domiciliar por pessoa acima da m\u00e9dia do Brasil, que ficou em R$ 2.069. O DF lidera o ranking, com R$ 3.444, 66% acima do rendimento m\u00e9dio nacional. Os dados foram divulgados nesta sexta-feira (28), no Rio de Janeiro, pelo Instituto Brasileiro de Geografia e [&hellip;]\" \/>\n<meta property=\"og:url\" content=\"https:\/\/www.notibras.com\/site\/nordeste-encabeca-a-fila-da-pobreza-brasileira\/\" \/>\n<meta property=\"og:site_name\" content=\"Notibras\" \/>\n<meta property=\"article:publisher\" content=\"https:\/\/www.facebook.com\/notibras\/\" \/>\n<meta property=\"article:published_time\" content=\"2025-03-01T12:27:06+00:00\" \/>\n<meta property=\"og:image\" content=\"https:\/\/www.notibras.com\/site\/wp-content\/uploads\/2021\/05\/seca-no-nordeste.jpg\" \/>\n\t<meta property=\"og:image:width\" content=\"1008\" \/>\n\t<meta property=\"og:image:height\" content=\"631\" \/>\n\t<meta property=\"og:image:type\" content=\"image\/jpeg\" \/>\n<meta name=\"author\" content=\"Reda\u00e7\u00e3o\" \/>\n<meta name=\"twitter:card\" content=\"summary_large_image\" \/>\n<meta name=\"twitter:creator\" content=\"@Notibras\" \/>\n<meta name=\"twitter:site\" content=\"@Notibras\" \/>\n<meta name=\"twitter:label1\" content=\"Escrito por\" \/>\n\t<meta name=\"twitter:data1\" content=\"Reda\u00e7\u00e3o\" \/>\n\t<meta name=\"twitter:label2\" content=\"Est. tempo de leitura\" \/>\n\t<meta name=\"twitter:data2\" content=\"4 minutos\" \/>\n<script type=\"application\/ld+json\" class=\"yoast-schema-graph\">{\"@context\":\"https:\/\/schema.org\",\"@graph\":[{\"@type\":\"Article\",\"@id\":\"https:\/\/www.notibras.com\/site\/nordeste-encabeca-a-fila-da-pobreza-brasileira\/#article\",\"isPartOf\":{\"@id\":\"https:\/\/www.notibras.com\/site\/nordeste-encabeca-a-fila-da-pobreza-brasileira\/\"},\"author\":{\"name\":\"Reda\u00e7\u00e3o\",\"@id\":\"https:\/\/www.notibras.com\/site\/#\/schema\/person\/36ab0979449956132d3e5b517ea76ac8\"},\"headline\":\"Nordeste encabe\u00e7a a fila da pobreza brasileira\",\"datePublished\":\"2025-03-01T12:27:06+00:00\",\"mainEntityOfPage\":{\"@id\":\"https:\/\/www.notibras.com\/site\/nordeste-encabeca-a-fila-da-pobreza-brasileira\/\"},\"wordCount\":550,\"publisher\":{\"@id\":\"https:\/\/www.notibras.com\/site\/#organization\"},\"image\":{\"@id\":\"https:\/\/www.notibras.com\/site\/nordeste-encabeca-a-fila-da-pobreza-brasileira\/#primaryimage\"},\"thumbnailUrl\":\"https:\/\/www.notibras.com\/site\/wp-content\/uploads\/2021\/05\/seca-no-nordeste.jpg\",\"articleSection\":[\"Nordeste\"],\"inLanguage\":\"pt-BR\"},{\"@type\":\"WebPage\",\"@id\":\"https:\/\/www.notibras.com\/site\/nordeste-encabeca-a-fila-da-pobreza-brasileira\/\",\"url\":\"https:\/\/www.notibras.com\/site\/nordeste-encabeca-a-fila-da-pobreza-brasileira\/\",\"name\":\"Nordeste encabe\u00e7a a fila da pobreza brasileira - Notibras\",\"isPartOf\":{\"@id\":\"https:\/\/www.notibras.com\/site\/#website\"},\"primaryImageOfPage\":{\"@id\":\"https:\/\/www.notibras.com\/site\/nordeste-encabeca-a-fila-da-pobreza-brasileira\/#primaryimage\"},\"image\":{\"@id\":\"https:\/\/www.notibras.com\/site\/nordeste-encabeca-a-fila-da-pobreza-brasileira\/#primaryimage\"},\"thumbnailUrl\":\"https:\/\/www.notibras.com\/site\/wp-content\/uploads\/2021\/05\/seca-no-nordeste.jpg\",\"datePublished\":\"2025-03-01T12:27:06+00:00\",\"breadcrumb\":{\"@id\":\"https:\/\/www.notibras.com\/site\/nordeste-encabeca-a-fila-da-pobreza-brasileira\/#breadcrumb\"},\"inLanguage\":\"pt-BR\",\"potentialAction\":[{\"@type\":\"ReadAction\",\"target\":[\"https:\/\/www.notibras.com\/site\/nordeste-encabeca-a-fila-da-pobreza-brasileira\/\"]}]},{\"@type\":\"ImageObject\",\"inLanguage\":\"pt-BR\",\"@id\":\"https:\/\/www.notibras.com\/site\/nordeste-encabeca-a-fila-da-pobreza-brasileira\/#primaryimage\",\"url\":\"https:\/\/www.notibras.com\/site\/wp-content\/uploads\/2021\/05\/seca-no-nordeste.jpg\",\"contentUrl\":\"https:\/\/www.notibras.com\/site\/wp-content\/uploads\/2021\/05\/seca-no-nordeste.jpg\",\"width\":1008,\"height\":631},{\"@type\":\"BreadcrumbList\",\"@id\":\"https:\/\/www.notibras.com\/site\/nordeste-encabeca-a-fila-da-pobreza-brasileira\/#breadcrumb\",\"itemListElement\":[{\"@type\":\"ListItem\",\"position\":1,\"name\":\"In\u00edcio\",\"item\":\"https:\/\/www.notibras.com\/site\/\"},{\"@type\":\"ListItem\",\"position\":2,\"name\":\"Nordeste encabe\u00e7a a fila da pobreza brasileira\"}]},{\"@type\":\"WebSite\",\"@id\":\"https:\/\/www.notibras.com\/site\/#website\",\"url\":\"https:\/\/www.notibras.com\/site\/\",\"name\":\"Notibras\",\"description\":\"Not\u00edcias de Bras\u00edlia, do Brasil e do Mundo\",\"publisher\":{\"@id\":\"https:\/\/www.notibras.com\/site\/#organization\"},\"potentialAction\":[{\"@type\":\"SearchAction\",\"target\":{\"@type\":\"EntryPoint\",\"urlTemplate\":\"https:\/\/www.notibras.com\/site\/?s={search_term_string}\"},\"query-input\":{\"@type\":\"PropertyValueSpecification\",\"valueRequired\":true,\"valueName\":\"search_term_string\"}}],\"inLanguage\":\"pt-BR\"},{\"@type\":\"Organization\",\"@id\":\"https:\/\/www.notibras.com\/site\/#organization\",\"name\":\"Grupo Notibras de Comunica\u00e7\u00e3o\",\"url\":\"https:\/\/www.notibras.com\/site\/\",\"logo\":{\"@type\":\"ImageObject\",\"inLanguage\":\"pt-BR\",\"@id\":\"https:\/\/www.notibras.com\/site\/#\/schema\/logo\/image\/\",\"url\":\"https:\/\/www.notibras.com\/site\/wp-content\/uploads\/2023\/01\/notibras23.png\",\"contentUrl\":\"https:\/\/www.notibras.com\/site\/wp-content\/uploads\/2023\/01\/notibras23.png\",\"width\":350,\"height\":87,\"caption\":\"Grupo Notibras de Comunica\u00e7\u00e3o\"},\"image\":{\"@id\":\"https:\/\/www.notibras.com\/site\/#\/schema\/logo\/image\/\"},\"sameAs\":[\"https:\/\/www.facebook.com\/notibras\/\",\"https:\/\/x.com\/Notibras\",\"https:\/\/www.instagram.com\/notibras\/\"]},{\"@type\":\"Person\",\"@id\":\"https:\/\/www.notibras.com\/site\/#\/schema\/person\/36ab0979449956132d3e5b517ea76ac8\",\"name\":\"Reda\u00e7\u00e3o\",\"image\":{\"@type\":\"ImageObject\",\"inLanguage\":\"pt-BR\",\"@id\":\"https:\/\/secure.gravatar.com\/avatar\/e0a867bdedb85fd243eadf09663511f96fc81e0720a4a42581f334ad4303aa6b?s=96&d=mm&r=g\",\"url\":\"https:\/\/secure.gravatar.com\/avatar\/e0a867bdedb85fd243eadf09663511f96fc81e0720a4a42581f334ad4303aa6b?s=96&d=mm&r=g\",\"contentUrl\":\"https:\/\/secure.gravatar.com\/avatar\/e0a867bdedb85fd243eadf09663511f96fc81e0720a4a42581f334ad4303aa6b?s=96&d=mm&r=g\",\"caption\":\"Reda\u00e7\u00e3o\"}}]}<\/script>\n<!-- \/ Yoast SEO plugin. -->","yoast_head_json":{"title":"Nordeste encabe\u00e7a a fila da pobreza brasileira - Notibras","robots":{"index":"index","follow":"follow","max-snippet":"max-snippet:-1","max-image-preview":"max-image-preview:large","max-video-preview":"max-video-preview:-1"},"canonical":"https:\/\/www.notibras.com\/site\/nordeste-encabeca-a-fila-da-pobreza-brasileira\/","og_locale":"pt_BR","og_type":"article","og_title":"Nordeste encabe\u00e7a a fila da pobreza brasileira - Notibras","og_description":"O Distrito Federal e nove estados apresentaram em 2024 rendimento m\u00e9dio domiciliar por pessoa acima da m\u00e9dia do Brasil, que ficou em R$ 2.069. O DF lidera o ranking, com R$ 3.444, 66% acima do rendimento m\u00e9dio nacional. Os dados foram divulgados nesta sexta-feira (28), no Rio de Janeiro, pelo Instituto Brasileiro de Geografia e [&hellip;]","og_url":"https:\/\/www.notibras.com\/site\/nordeste-encabeca-a-fila-da-pobreza-brasileira\/","og_site_name":"Notibras","article_publisher":"https:\/\/www.facebook.com\/notibras\/","article_published_time":"2025-03-01T12:27:06+00:00","og_image":[{"width":1008,"height":631,"url":"https:\/\/www.notibras.com\/site\/wp-content\/uploads\/2021\/05\/seca-no-nordeste.jpg","type":"image\/jpeg"}],"author":"Reda\u00e7\u00e3o","twitter_card":"summary_large_image","twitter_creator":"@Notibras","twitter_site":"@Notibras","twitter_misc":{"Escrito por":"Reda\u00e7\u00e3o","Est. tempo de leitura":"4 minutos"},"schema":{"@context":"https:\/\/schema.org","@graph":[{"@type":"Article","@id":"https:\/\/www.notibras.com\/site\/nordeste-encabeca-a-fila-da-pobreza-brasileira\/#article","isPartOf":{"@id":"https:\/\/www.notibras.com\/site\/nordeste-encabeca-a-fila-da-pobreza-brasileira\/"},"author":{"name":"Reda\u00e7\u00e3o","@id":"https:\/\/www.notibras.com\/site\/#\/schema\/person\/36ab0979449956132d3e5b517ea76ac8"},"headline":"Nordeste encabe\u00e7a a fila da pobreza brasileira","datePublished":"2025-03-01T12:27:06+00:00","mainEntityOfPage":{"@id":"https:\/\/www.notibras.com\/site\/nordeste-encabeca-a-fila-da-pobreza-brasileira\/"},"wordCount":550,"publisher":{"@id":"https:\/\/www.notibras.com\/site\/#organization"},"image":{"@id":"https:\/\/www.notibras.com\/site\/nordeste-encabeca-a-fila-da-pobreza-brasileira\/#primaryimage"},"thumbnailUrl":"https:\/\/www.notibras.com\/site\/wp-content\/uploads\/2021\/05\/seca-no-nordeste.jpg","articleSection":["Nordeste"],"inLanguage":"pt-BR"},{"@type":"WebPage","@id":"https:\/\/www.notibras.com\/site\/nordeste-encabeca-a-fila-da-pobreza-brasileira\/","url":"https:\/\/www.notibras.com\/site\/nordeste-encabeca-a-fila-da-pobreza-brasileira\/","name":"Nordeste encabe\u00e7a a fila da pobreza brasileira - Notibras","isPartOf":{"@id":"https:\/\/www.notibras.com\/site\/#website"},"primaryImageOfPage":{"@id":"https:\/\/www.notibras.com\/site\/nordeste-encabeca-a-fila-da-pobreza-brasileira\/#primaryimage"},"image":{"@id":"https:\/\/www.notibras.com\/site\/nordeste-encabeca-a-fila-da-pobreza-brasileira\/#primaryimage"},"thumbnailUrl":"https:\/\/www.notibras.com\/site\/wp-content\/uploads\/2021\/05\/seca-no-nordeste.jpg","datePublished":"2025-03-01T12:27:06+00:00","breadcrumb":{"@id":"https:\/\/www.notibras.com\/site\/nordeste-encabeca-a-fila-da-pobreza-brasileira\/#breadcrumb"},"inLanguage":"pt-BR","potentialAction":[{"@type":"ReadAction","target":["https:\/\/www.notibras.com\/site\/nordeste-encabeca-a-fila-da-pobreza-brasileira\/"]}]},{"@type":"ImageObject","inLanguage":"pt-BR","@id":"https:\/\/www.notibras.com\/site\/nordeste-encabeca-a-fila-da-pobreza-brasileira\/#primaryimage","url":"https:\/\/www.notibras.com\/site\/wp-content\/uploads\/2021\/05\/seca-no-nordeste.jpg","contentUrl":"https:\/\/www.notibras.com\/site\/wp-content\/uploads\/2021\/05\/seca-no-nordeste.jpg","width":1008,"height":631},{"@type":"BreadcrumbList","@id":"https:\/\/www.notibras.com\/site\/nordeste-encabeca-a-fila-da-pobreza-brasileira\/#breadcrumb","itemListElement":[{"@type":"ListItem","position":1,"name":"In\u00edcio","item":"https:\/\/www.notibras.com\/site\/"},{"@type":"ListItem","position":2,"name":"Nordeste encabe\u00e7a a fila da pobreza brasileira"}]},{"@type":"WebSite","@id":"https:\/\/www.notibras.com\/site\/#website","url":"https:\/\/www.notibras.com\/site\/","name":"Notibras","description":"Not\u00edcias de Bras\u00edlia, do Brasil e do Mundo","publisher":{"@id":"https:\/\/www.notibras.com\/site\/#organization"},"potentialAction":[{"@type":"SearchAction","target":{"@type":"EntryPoint","urlTemplate":"https:\/\/www.notibras.com\/site\/?s={search_term_string}"},"query-input":{"@type":"PropertyValueSpecification","valueRequired":true,"valueName":"search_term_string"}}],"inLanguage":"pt-BR"},{"@type":"Organization","@id":"https:\/\/www.notibras.com\/site\/#organization","name":"Grupo Notibras de Comunica\u00e7\u00e3o","url":"https:\/\/www.notibras.com\/site\/","logo":{"@type":"ImageObject","inLanguage":"pt-BR","@id":"https:\/\/www.notibras.com\/site\/#\/schema\/logo\/image\/","url":"https:\/\/www.notibras.com\/site\/wp-content\/uploads\/2023\/01\/notibras23.png","contentUrl":"https:\/\/www.notibras.com\/site\/wp-content\/uploads\/2023\/01\/notibras23.png","width":350,"height":87,"caption":"Grupo Notibras de Comunica\u00e7\u00e3o"},"image":{"@id":"https:\/\/www.notibras.com\/site\/#\/schema\/logo\/image\/"},"sameAs":["https:\/\/www.facebook.com\/notibras\/","https:\/\/x.com\/Notibras","https:\/\/www.instagram.com\/notibras\/"]},{"@type":"Person","@id":"https:\/\/www.notibras.com\/site\/#\/schema\/person\/36ab0979449956132d3e5b517ea76ac8","name":"Reda\u00e7\u00e3o","image":{"@type":"ImageObject","inLanguage":"pt-BR","@id":"https:\/\/secure.gravatar.com\/avatar\/e0a867bdedb85fd243eadf09663511f96fc81e0720a4a42581f334ad4303aa6b?s=96&d=mm&r=g","url":"https:\/\/secure.gravatar.com\/avatar\/e0a867bdedb85fd243eadf09663511f96fc81e0720a4a42581f334ad4303aa6b?s=96&d=mm&r=g","contentUrl":"https:\/\/secure.gravatar.com\/avatar\/e0a867bdedb85fd243eadf09663511f96fc81e0720a4a42581f334ad4303aa6b?s=96&d=mm&r=g","caption":"Reda\u00e7\u00e3o"}}]}},"amp_enabled":true,"_links":{"self":[{"href":"https:\/\/www.notibras.com\/site\/wp-json\/wp\/v2\/posts\/349132","targetHints":{"allow":["GET"]}}],"collection":[{"href":"https:\/\/www.notibras.com\/site\/wp-json\/wp\/v2\/posts"}],"about":[{"href":"https:\/\/www.notibras.com\/site\/wp-json\/wp\/v2\/types\/post"}],"author":[{"embeddable":true,"href":"https:\/\/www.notibras.com\/site\/wp-json\/wp\/v2\/users\/2"}],"replies":[{"embeddable":true,"href":"https:\/\/www.notibras.com\/site\/wp-json\/wp\/v2\/comments?post=349132"}],"version-history":[{"count":1,"href":"https:\/\/www.notibras.com\/site\/wp-json\/wp\/v2\/posts\/349132\/revisions"}],"predecessor-version":[{"id":349133,"href":"https:\/\/www.notibras.com\/site\/wp-json\/wp\/v2\/posts\/349132\/revisions\/349133"}],"wp:featuredmedia":[{"embeddable":true,"href":"https:\/\/www.notibras.com\/site\/wp-json\/wp\/v2\/media\/257933"}],"wp:attachment":[{"href":"https:\/\/www.notibras.com\/site\/wp-json\/wp\/v2\/media?parent=349132"}],"wp:term":[{"taxonomy":"category","embeddable":true,"href":"https:\/\/www.notibras.com\/site\/wp-json\/wp\/v2\/categories?post=349132"},{"taxonomy":"post_tag","embeddable":true,"href":"https:\/\/www.notibras.com\/site\/wp-json\/wp\/v2\/tags?post=349132"}],"curies":[{"name":"wp","href":"https:\/\/api.w.org\/{rel}","templated":true}]}}