{"id":349176,"date":"2025-03-02T16:13:10","date_gmt":"2025-03-02T19:13:10","guid":{"rendered":"https:\/\/www.notibras.com\/site\/?p=349176"},"modified":"2025-03-02T18:20:43","modified_gmt":"2025-03-02T21:20:43","slug":"supremo-pode-mudar-regras-para-cartorios-na-bahia-e-em-outros-estados","status":"publish","type":"post","link":"https:\/\/www.notibras.com\/site\/supremo-pode-mudar-regras-para-cartorios-na-bahia-e-em-outros-estados\/","title":{"rendered":"Supremo pode mudar regras para cart\u00f3rios na Bahia e em outros estados"},"content":{"rendered":"<p>O Supremo Tribunal Federal (STF) est\u00e1 analisando a A\u00e7\u00e3o Direta de Inconstitucionalidade (ADI) 4851, que questiona a validade do direito de op\u00e7\u00e3o de servidores p\u00fablicos para a fun\u00e7\u00e3o de not\u00e1rio e registrador sem a realiza\u00e7\u00e3o de concurso p\u00fablico espec\u00edfico. O caso se concentra na constitucionalidade de dispositivos da Lei 12.352\/2011, do Estado da Bahia, que permitiram a mudan\u00e7a do v\u00ednculo jur\u00eddico de servidores por mera vontade pr\u00f3pria.<\/p>\n<p>O ministro Gilmar Mendes, acompanhando a relatora ministra Carmen L\u00facia, votou pela inconstitucionalidade das normas. Segundo ele, a lei estadual estabeleceu um regime de transi\u00e7\u00e3o que viola o artigo 32 do Ato das Disposi\u00e7\u00f5es Constitucionais Transit\u00f3rias (ADCT) e a exig\u00eancia de concurso p\u00fablico para delega\u00e7\u00e3o de servi\u00e7os notariais e registrais.<\/p>\n<p><strong>Fun\u00e7\u00e3o at\u00edpica<\/strong><br \/>\nPor outro lado, no voto do ministro Nunes Marques, foi apontado que, desde a promulga\u00e7\u00e3o da Constitui\u00e7\u00e3o de 1988, o Tribunal de Justi\u00e7a da Bahia continuou realizando concursos para cargos de tabeli\u00e3o estatut\u00e1rio, o que resultou na cria\u00e7\u00e3o de uma figura at\u00edpica: o tabeli\u00e3o concursado p\u00f3s-1988.<\/p>\n<p>\u201cApenas em 2011, por for\u00e7a da lei agora questionada, come\u00e7ou-se a privatizar os cart\u00f3rios extrajudiciais da Bahia. At\u00e9 ent\u00e3o, muitos servidores p\u00fablicos concursados exerciam as fun\u00e7\u00f5es de tabeli\u00e3o ou oficial de registro, algo que n\u00e3o deveria ocorrer diante da determina\u00e7\u00e3o constitucional\u201d, afirmou o ministro.<\/p>\n<p><strong>Irregularidades<\/strong><br \/>\nAl\u00e9m de votar pela inconstitucionalidade do direito de op\u00e7\u00e3o, Nunes Marques tamb\u00e9m apontou irregularidades nos concursos realizados pelo TJBA para cargos de serventias extrajudiciais. Para ele, esses concursos deveriam ter sido exclusivos para a fun\u00e7\u00e3o de delegat\u00e1rio, conforme o artigo 236 da Constitui\u00e7\u00e3o.<\/p>\n<p>O ministro concluiu que as serventias extrajudiciais deveriam ter sido privatizadas, j\u00e1 que o artigo 236 \u00e9 autoaplic\u00e1vel e n\u00e3o depende de regulamenta\u00e7\u00e3o por lei estadual para sua plena efic\u00e1cia.<\/p>\n<p><strong>Impacto financeiro<\/strong><br \/>\nOutro ponto importante da discuss\u00e3o \u00e9 o impacto financeiro para os servidores que receberam valores acima do teto constitucional. Especialistas apontam que a decis\u00e3o do STF pode ter efeitos retroativos, o que poderia exigir que os 147 servidores da Bahia retornassem aos cargos originais e restitu\u00edssem os valores recebidos acima do limite constitucional.<\/p>\n<p>O STF tem determinado que valores pagos acima do teto n\u00e3o possuem natureza alimentar e podem ser devolvidos sem comprometer a sobreviv\u00eancia dos servidores.<\/p>\n<p><strong>Outros estados<\/strong><br \/>\nA ADI 4851 tamb\u00e9m trouxe \u00e0 tona situa\u00e7\u00f5es semelhantes em outros estados, como em Sergipe. No Tribunal de Justi\u00e7a sergipano, h\u00e1 processos envolvendo servidores removidos por permuta para fun\u00e7\u00f5es notariais e registrais, que acumularam vencimentos de cargos p\u00fablicos com emolumentos de serventias extrajudiciais.<\/p>\n<p>Esses servidores tamb\u00e9m usufru\u00edram de benef\u00edcios t\u00edpicos de cargos p\u00fablicos, como gratifica\u00e7\u00e3o natalina e licen\u00e7a pr\u00eamio.<\/p>\n<p><strong>Desfecho aguardado<\/strong><br \/>\nA decis\u00e3o do STF na ADI 4851 promete trazer importantes mudan\u00e7as nas pr\u00e1ticas de transi\u00e7\u00e3o para serventias extrajudiciais, reafirmando a exig\u00eancia de concurso p\u00fablico espec\u00edfico.<\/p>\n<p>A an\u00e1lise da a\u00e7\u00e3o poder\u00e1 afetar diretamente a forma como os cart\u00f3rios e demais fun\u00e7\u00f5es delegadas ser\u00e3o organizadas em todo o pa\u00eds, assegurando a observ\u00e2ncia dos princ\u00edpios constitucionais de acesso igualit\u00e1rio e transpar\u00eancia no servi\u00e7o p\u00fablico.<\/p>\n<p>&nbsp;<\/p>\n","protected":false},"excerpt":{"rendered":"<p>O Supremo Tribunal Federal (STF) est\u00e1 analisando a A\u00e7\u00e3o Direta de Inconstitucionalidade (ADI) 4851, que questiona a validade do direito de op\u00e7\u00e3o de servidores p\u00fablicos para a fun\u00e7\u00e3o de not\u00e1rio e registrador sem a realiza\u00e7\u00e3o de concurso p\u00fablico espec\u00edfico. O caso se concentra na constitucionalidade de dispositivos da Lei 12.352\/2011, do Estado da Bahia, que [&hellip;]<\/p>\n","protected":false},"author":2,"featured_media":316401,"comment_status":"closed","ping_status":"closed","sticky":false,"template":"","format":"standard","meta":{"_acf_changed":false,"footnotes":""},"categories":[165],"tags":[],"class_list":["post-349176","post","type-post","status-publish","format-standard","has-post-thumbnail","hentry","category-nordeste"],"acf":[],"yoast_head":"<!-- This site is optimized with the Yoast SEO plugin v27.2 - https:\/\/yoast.com\/product\/yoast-seo-wordpress\/ -->\n<title>Supremo pode mudar regras para cart\u00f3rios na Bahia e em outros estados - Notibras<\/title>\n<meta name=\"robots\" content=\"index, follow, max-snippet:-1, max-image-preview:large, max-video-preview:-1\" \/>\n<link rel=\"canonical\" href=\"https:\/\/www.notibras.com\/site\/supremo-pode-mudar-regras-para-cartorios-na-bahia-e-em-outros-estados\/\" \/>\n<meta property=\"og:locale\" content=\"pt_BR\" \/>\n<meta property=\"og:type\" content=\"article\" \/>\n<meta property=\"og:title\" content=\"Supremo pode mudar regras para cart\u00f3rios na Bahia e em outros estados - Notibras\" \/>\n<meta property=\"og:description\" content=\"O Supremo Tribunal Federal (STF) est\u00e1 analisando a A\u00e7\u00e3o Direta de Inconstitucionalidade (ADI) 4851, que questiona a validade do direito de op\u00e7\u00e3o de servidores p\u00fablicos para a fun\u00e7\u00e3o de not\u00e1rio e registrador sem a realiza\u00e7\u00e3o de concurso p\u00fablico espec\u00edfico. O caso se concentra na constitucionalidade de dispositivos da Lei 12.352\/2011, do Estado da Bahia, que [&hellip;]\" \/>\n<meta property=\"og:url\" content=\"https:\/\/www.notibras.com\/site\/supremo-pode-mudar-regras-para-cartorios-na-bahia-e-em-outros-estados\/\" \/>\n<meta property=\"og:site_name\" content=\"Notibras\" \/>\n<meta property=\"article:publisher\" content=\"https:\/\/www.facebook.com\/notibras\/\" \/>\n<meta property=\"article:published_time\" content=\"2025-03-02T19:13:10+00:00\" \/>\n<meta property=\"article:modified_time\" content=\"2025-03-02T21:20:43+00:00\" \/>\n<meta property=\"og:image\" content=\"https:\/\/www.notibras.com\/site\/wp-content\/uploads\/2023\/11\/11042023-pzzb9229.jpg\" \/>\n\t<meta property=\"og:image:width\" content=\"1170\" \/>\n\t<meta property=\"og:image:height\" content=\"700\" \/>\n\t<meta property=\"og:image:type\" content=\"image\/jpeg\" \/>\n<meta name=\"author\" content=\"Reda\u00e7\u00e3o\" \/>\n<meta name=\"twitter:card\" content=\"summary_large_image\" \/>\n<meta name=\"twitter:creator\" content=\"@Notibras\" \/>\n<meta name=\"twitter:site\" content=\"@Notibras\" \/>\n<meta name=\"twitter:label1\" content=\"Escrito por\" \/>\n\t<meta name=\"twitter:data1\" content=\"Reda\u00e7\u00e3o\" \/>\n\t<meta name=\"twitter:label2\" content=\"Est. tempo de leitura\" \/>\n\t<meta name=\"twitter:data2\" content=\"3 minutos\" \/>\n<script type=\"application\/ld+json\" class=\"yoast-schema-graph\">{\"@context\":\"https:\/\/schema.org\",\"@graph\":[{\"@type\":\"Article\",\"@id\":\"https:\/\/www.notibras.com\/site\/supremo-pode-mudar-regras-para-cartorios-na-bahia-e-em-outros-estados\/#article\",\"isPartOf\":{\"@id\":\"https:\/\/www.notibras.com\/site\/supremo-pode-mudar-regras-para-cartorios-na-bahia-e-em-outros-estados\/\"},\"author\":{\"name\":\"Reda\u00e7\u00e3o\",\"@id\":\"https:\/\/www.notibras.com\/site\/#\/schema\/person\/36ab0979449956132d3e5b517ea76ac8\"},\"headline\":\"Supremo pode mudar regras para cart\u00f3rios na Bahia e em outros estados\",\"datePublished\":\"2025-03-02T19:13:10+00:00\",\"dateModified\":\"2025-03-02T21:20:43+00:00\",\"mainEntityOfPage\":{\"@id\":\"https:\/\/www.notibras.com\/site\/supremo-pode-mudar-regras-para-cartorios-na-bahia-e-em-outros-estados\/\"},\"wordCount\":574,\"publisher\":{\"@id\":\"https:\/\/www.notibras.com\/site\/#organization\"},\"image\":{\"@id\":\"https:\/\/www.notibras.com\/site\/supremo-pode-mudar-regras-para-cartorios-na-bahia-e-em-outros-estados\/#primaryimage\"},\"thumbnailUrl\":\"https:\/\/www.notibras.com\/site\/wp-content\/uploads\/2023\/11\/11042023-pzzb9229.jpg\",\"articleSection\":[\"Nordeste\"],\"inLanguage\":\"pt-BR\"},{\"@type\":\"WebPage\",\"@id\":\"https:\/\/www.notibras.com\/site\/supremo-pode-mudar-regras-para-cartorios-na-bahia-e-em-outros-estados\/\",\"url\":\"https:\/\/www.notibras.com\/site\/supremo-pode-mudar-regras-para-cartorios-na-bahia-e-em-outros-estados\/\",\"name\":\"Supremo pode mudar regras para cart\u00f3rios na Bahia e em outros estados - Notibras\",\"isPartOf\":{\"@id\":\"https:\/\/www.notibras.com\/site\/#website\"},\"primaryImageOfPage\":{\"@id\":\"https:\/\/www.notibras.com\/site\/supremo-pode-mudar-regras-para-cartorios-na-bahia-e-em-outros-estados\/#primaryimage\"},\"image\":{\"@id\":\"https:\/\/www.notibras.com\/site\/supremo-pode-mudar-regras-para-cartorios-na-bahia-e-em-outros-estados\/#primaryimage\"},\"thumbnailUrl\":\"https:\/\/www.notibras.com\/site\/wp-content\/uploads\/2023\/11\/11042023-pzzb9229.jpg\",\"datePublished\":\"2025-03-02T19:13:10+00:00\",\"dateModified\":\"2025-03-02T21:20:43+00:00\",\"breadcrumb\":{\"@id\":\"https:\/\/www.notibras.com\/site\/supremo-pode-mudar-regras-para-cartorios-na-bahia-e-em-outros-estados\/#breadcrumb\"},\"inLanguage\":\"pt-BR\",\"potentialAction\":[{\"@type\":\"ReadAction\",\"target\":[\"https:\/\/www.notibras.com\/site\/supremo-pode-mudar-regras-para-cartorios-na-bahia-e-em-outros-estados\/\"]}]},{\"@type\":\"ImageObject\",\"inLanguage\":\"pt-BR\",\"@id\":\"https:\/\/www.notibras.com\/site\/supremo-pode-mudar-regras-para-cartorios-na-bahia-e-em-outros-estados\/#primaryimage\",\"url\":\"https:\/\/www.notibras.com\/site\/wp-content\/uploads\/2023\/11\/11042023-pzzb9229.jpg\",\"contentUrl\":\"https:\/\/www.notibras.com\/site\/wp-content\/uploads\/2023\/11\/11042023-pzzb9229.jpg\",\"width\":1170,\"height\":700,\"caption\":\"Bras\u00edlia (DF) 11\/04\/2023 Fachada do pal\u00e1cio do Supremo Tribunal Federal (STF) Foto: Fabio Rodrigues-Pozzebom\/ Ag\u00eancia Brasil\"},{\"@type\":\"BreadcrumbList\",\"@id\":\"https:\/\/www.notibras.com\/site\/supremo-pode-mudar-regras-para-cartorios-na-bahia-e-em-outros-estados\/#breadcrumb\",\"itemListElement\":[{\"@type\":\"ListItem\",\"position\":1,\"name\":\"In\u00edcio\",\"item\":\"https:\/\/www.notibras.com\/site\/\"},{\"@type\":\"ListItem\",\"position\":2,\"name\":\"Supremo pode mudar regras para cart\u00f3rios na Bahia e em outros estados\"}]},{\"@type\":\"WebSite\",\"@id\":\"https:\/\/www.notibras.com\/site\/#website\",\"url\":\"https:\/\/www.notibras.com\/site\/\",\"name\":\"Notibras\",\"description\":\"Not\u00edcias de Bras\u00edlia, do Brasil e do Mundo\",\"publisher\":{\"@id\":\"https:\/\/www.notibras.com\/site\/#organization\"},\"potentialAction\":[{\"@type\":\"SearchAction\",\"target\":{\"@type\":\"EntryPoint\",\"urlTemplate\":\"https:\/\/www.notibras.com\/site\/?s={search_term_string}\"},\"query-input\":{\"@type\":\"PropertyValueSpecification\",\"valueRequired\":true,\"valueName\":\"search_term_string\"}}],\"inLanguage\":\"pt-BR\"},{\"@type\":\"Organization\",\"@id\":\"https:\/\/www.notibras.com\/site\/#organization\",\"name\":\"Grupo Notibras de Comunica\u00e7\u00e3o\",\"url\":\"https:\/\/www.notibras.com\/site\/\",\"logo\":{\"@type\":\"ImageObject\",\"inLanguage\":\"pt-BR\",\"@id\":\"https:\/\/www.notibras.com\/site\/#\/schema\/logo\/image\/\",\"url\":\"https:\/\/www.notibras.com\/site\/wp-content\/uploads\/2023\/01\/notibras23.png\",\"contentUrl\":\"https:\/\/www.notibras.com\/site\/wp-content\/uploads\/2023\/01\/notibras23.png\",\"width\":350,\"height\":87,\"caption\":\"Grupo Notibras de Comunica\u00e7\u00e3o\"},\"image\":{\"@id\":\"https:\/\/www.notibras.com\/site\/#\/schema\/logo\/image\/\"},\"sameAs\":[\"https:\/\/www.facebook.com\/notibras\/\",\"https:\/\/x.com\/Notibras\",\"https:\/\/www.instagram.com\/notibras\/\"]},{\"@type\":\"Person\",\"@id\":\"https:\/\/www.notibras.com\/site\/#\/schema\/person\/36ab0979449956132d3e5b517ea76ac8\",\"name\":\"Reda\u00e7\u00e3o\",\"image\":{\"@type\":\"ImageObject\",\"inLanguage\":\"pt-BR\",\"@id\":\"https:\/\/secure.gravatar.com\/avatar\/e0a867bdedb85fd243eadf09663511f96fc81e0720a4a42581f334ad4303aa6b?s=96&d=mm&r=g\",\"url\":\"https:\/\/secure.gravatar.com\/avatar\/e0a867bdedb85fd243eadf09663511f96fc81e0720a4a42581f334ad4303aa6b?s=96&d=mm&r=g\",\"contentUrl\":\"https:\/\/secure.gravatar.com\/avatar\/e0a867bdedb85fd243eadf09663511f96fc81e0720a4a42581f334ad4303aa6b?s=96&d=mm&r=g\",\"caption\":\"Reda\u00e7\u00e3o\"}}]}<\/script>\n<!-- \/ Yoast SEO plugin. -->","yoast_head_json":{"title":"Supremo pode mudar regras para cart\u00f3rios na Bahia e em outros estados - Notibras","robots":{"index":"index","follow":"follow","max-snippet":"max-snippet:-1","max-image-preview":"max-image-preview:large","max-video-preview":"max-video-preview:-1"},"canonical":"https:\/\/www.notibras.com\/site\/supremo-pode-mudar-regras-para-cartorios-na-bahia-e-em-outros-estados\/","og_locale":"pt_BR","og_type":"article","og_title":"Supremo pode mudar regras para cart\u00f3rios na Bahia e em outros estados - Notibras","og_description":"O Supremo Tribunal Federal (STF) est\u00e1 analisando a A\u00e7\u00e3o Direta de Inconstitucionalidade (ADI) 4851, que questiona a validade do direito de op\u00e7\u00e3o de servidores p\u00fablicos para a fun\u00e7\u00e3o de not\u00e1rio e registrador sem a realiza\u00e7\u00e3o de concurso p\u00fablico espec\u00edfico. O caso se concentra na constitucionalidade de dispositivos da Lei 12.352\/2011, do Estado da Bahia, que [&hellip;]","og_url":"https:\/\/www.notibras.com\/site\/supremo-pode-mudar-regras-para-cartorios-na-bahia-e-em-outros-estados\/","og_site_name":"Notibras","article_publisher":"https:\/\/www.facebook.com\/notibras\/","article_published_time":"2025-03-02T19:13:10+00:00","article_modified_time":"2025-03-02T21:20:43+00:00","og_image":[{"width":1170,"height":700,"url":"https:\/\/www.notibras.com\/site\/wp-content\/uploads\/2023\/11\/11042023-pzzb9229.jpg","type":"image\/jpeg"}],"author":"Reda\u00e7\u00e3o","twitter_card":"summary_large_image","twitter_creator":"@Notibras","twitter_site":"@Notibras","twitter_misc":{"Escrito por":"Reda\u00e7\u00e3o","Est. tempo de leitura":"3 minutos"},"schema":{"@context":"https:\/\/schema.org","@graph":[{"@type":"Article","@id":"https:\/\/www.notibras.com\/site\/supremo-pode-mudar-regras-para-cartorios-na-bahia-e-em-outros-estados\/#article","isPartOf":{"@id":"https:\/\/www.notibras.com\/site\/supremo-pode-mudar-regras-para-cartorios-na-bahia-e-em-outros-estados\/"},"author":{"name":"Reda\u00e7\u00e3o","@id":"https:\/\/www.notibras.com\/site\/#\/schema\/person\/36ab0979449956132d3e5b517ea76ac8"},"headline":"Supremo pode mudar regras para cart\u00f3rios na Bahia e em outros estados","datePublished":"2025-03-02T19:13:10+00:00","dateModified":"2025-03-02T21:20:43+00:00","mainEntityOfPage":{"@id":"https:\/\/www.notibras.com\/site\/supremo-pode-mudar-regras-para-cartorios-na-bahia-e-em-outros-estados\/"},"wordCount":574,"publisher":{"@id":"https:\/\/www.notibras.com\/site\/#organization"},"image":{"@id":"https:\/\/www.notibras.com\/site\/supremo-pode-mudar-regras-para-cartorios-na-bahia-e-em-outros-estados\/#primaryimage"},"thumbnailUrl":"https:\/\/www.notibras.com\/site\/wp-content\/uploads\/2023\/11\/11042023-pzzb9229.jpg","articleSection":["Nordeste"],"inLanguage":"pt-BR"},{"@type":"WebPage","@id":"https:\/\/www.notibras.com\/site\/supremo-pode-mudar-regras-para-cartorios-na-bahia-e-em-outros-estados\/","url":"https:\/\/www.notibras.com\/site\/supremo-pode-mudar-regras-para-cartorios-na-bahia-e-em-outros-estados\/","name":"Supremo pode mudar regras para cart\u00f3rios na Bahia e em outros estados - Notibras","isPartOf":{"@id":"https:\/\/www.notibras.com\/site\/#website"},"primaryImageOfPage":{"@id":"https:\/\/www.notibras.com\/site\/supremo-pode-mudar-regras-para-cartorios-na-bahia-e-em-outros-estados\/#primaryimage"},"image":{"@id":"https:\/\/www.notibras.com\/site\/supremo-pode-mudar-regras-para-cartorios-na-bahia-e-em-outros-estados\/#primaryimage"},"thumbnailUrl":"https:\/\/www.notibras.com\/site\/wp-content\/uploads\/2023\/11\/11042023-pzzb9229.jpg","datePublished":"2025-03-02T19:13:10+00:00","dateModified":"2025-03-02T21:20:43+00:00","breadcrumb":{"@id":"https:\/\/www.notibras.com\/site\/supremo-pode-mudar-regras-para-cartorios-na-bahia-e-em-outros-estados\/#breadcrumb"},"inLanguage":"pt-BR","potentialAction":[{"@type":"ReadAction","target":["https:\/\/www.notibras.com\/site\/supremo-pode-mudar-regras-para-cartorios-na-bahia-e-em-outros-estados\/"]}]},{"@type":"ImageObject","inLanguage":"pt-BR","@id":"https:\/\/www.notibras.com\/site\/supremo-pode-mudar-regras-para-cartorios-na-bahia-e-em-outros-estados\/#primaryimage","url":"https:\/\/www.notibras.com\/site\/wp-content\/uploads\/2023\/11\/11042023-pzzb9229.jpg","contentUrl":"https:\/\/www.notibras.com\/site\/wp-content\/uploads\/2023\/11\/11042023-pzzb9229.jpg","width":1170,"height":700,"caption":"Bras\u00edlia (DF) 11\/04\/2023 Fachada do pal\u00e1cio do Supremo Tribunal Federal (STF) Foto: Fabio Rodrigues-Pozzebom\/ Ag\u00eancia Brasil"},{"@type":"BreadcrumbList","@id":"https:\/\/www.notibras.com\/site\/supremo-pode-mudar-regras-para-cartorios-na-bahia-e-em-outros-estados\/#breadcrumb","itemListElement":[{"@type":"ListItem","position":1,"name":"In\u00edcio","item":"https:\/\/www.notibras.com\/site\/"},{"@type":"ListItem","position":2,"name":"Supremo pode mudar regras para cart\u00f3rios na Bahia e em outros estados"}]},{"@type":"WebSite","@id":"https:\/\/www.notibras.com\/site\/#website","url":"https:\/\/www.notibras.com\/site\/","name":"Notibras","description":"Not\u00edcias de Bras\u00edlia, do Brasil e do Mundo","publisher":{"@id":"https:\/\/www.notibras.com\/site\/#organization"},"potentialAction":[{"@type":"SearchAction","target":{"@type":"EntryPoint","urlTemplate":"https:\/\/www.notibras.com\/site\/?s={search_term_string}"},"query-input":{"@type":"PropertyValueSpecification","valueRequired":true,"valueName":"search_term_string"}}],"inLanguage":"pt-BR"},{"@type":"Organization","@id":"https:\/\/www.notibras.com\/site\/#organization","name":"Grupo Notibras de Comunica\u00e7\u00e3o","url":"https:\/\/www.notibras.com\/site\/","logo":{"@type":"ImageObject","inLanguage":"pt-BR","@id":"https:\/\/www.notibras.com\/site\/#\/schema\/logo\/image\/","url":"https:\/\/www.notibras.com\/site\/wp-content\/uploads\/2023\/01\/notibras23.png","contentUrl":"https:\/\/www.notibras.com\/site\/wp-content\/uploads\/2023\/01\/notibras23.png","width":350,"height":87,"caption":"Grupo Notibras de Comunica\u00e7\u00e3o"},"image":{"@id":"https:\/\/www.notibras.com\/site\/#\/schema\/logo\/image\/"},"sameAs":["https:\/\/www.facebook.com\/notibras\/","https:\/\/x.com\/Notibras","https:\/\/www.instagram.com\/notibras\/"]},{"@type":"Person","@id":"https:\/\/www.notibras.com\/site\/#\/schema\/person\/36ab0979449956132d3e5b517ea76ac8","name":"Reda\u00e7\u00e3o","image":{"@type":"ImageObject","inLanguage":"pt-BR","@id":"https:\/\/secure.gravatar.com\/avatar\/e0a867bdedb85fd243eadf09663511f96fc81e0720a4a42581f334ad4303aa6b?s=96&d=mm&r=g","url":"https:\/\/secure.gravatar.com\/avatar\/e0a867bdedb85fd243eadf09663511f96fc81e0720a4a42581f334ad4303aa6b?s=96&d=mm&r=g","contentUrl":"https:\/\/secure.gravatar.com\/avatar\/e0a867bdedb85fd243eadf09663511f96fc81e0720a4a42581f334ad4303aa6b?s=96&d=mm&r=g","caption":"Reda\u00e7\u00e3o"}}]}},"amp_enabled":true,"_links":{"self":[{"href":"https:\/\/www.notibras.com\/site\/wp-json\/wp\/v2\/posts\/349176","targetHints":{"allow":["GET"]}}],"collection":[{"href":"https:\/\/www.notibras.com\/site\/wp-json\/wp\/v2\/posts"}],"about":[{"href":"https:\/\/www.notibras.com\/site\/wp-json\/wp\/v2\/types\/post"}],"author":[{"embeddable":true,"href":"https:\/\/www.notibras.com\/site\/wp-json\/wp\/v2\/users\/2"}],"replies":[{"embeddable":true,"href":"https:\/\/www.notibras.com\/site\/wp-json\/wp\/v2\/comments?post=349176"}],"version-history":[{"count":1,"href":"https:\/\/www.notibras.com\/site\/wp-json\/wp\/v2\/posts\/349176\/revisions"}],"predecessor-version":[{"id":349177,"href":"https:\/\/www.notibras.com\/site\/wp-json\/wp\/v2\/posts\/349176\/revisions\/349177"}],"wp:featuredmedia":[{"embeddable":true,"href":"https:\/\/www.notibras.com\/site\/wp-json\/wp\/v2\/media\/316401"}],"wp:attachment":[{"href":"https:\/\/www.notibras.com\/site\/wp-json\/wp\/v2\/media?parent=349176"}],"wp:term":[{"taxonomy":"category","embeddable":true,"href":"https:\/\/www.notibras.com\/site\/wp-json\/wp\/v2\/categories?post=349176"},{"taxonomy":"post_tag","embeddable":true,"href":"https:\/\/www.notibras.com\/site\/wp-json\/wp\/v2\/tags?post=349176"}],"curies":[{"name":"wp","href":"https:\/\/api.w.org\/{rel}","templated":true}]}}