{"id":349178,"date":"2025-03-03T04:42:48","date_gmt":"2025-03-03T07:42:48","guid":{"rendered":"https:\/\/www.notibras.com\/site\/?p=349178"},"modified":"2025-03-03T04:58:18","modified_gmt":"2025-03-03T07:58:18","slug":"raquel-antecipa-bloco-da-reeleicao-e-anuncia-filiacao-ao-psd-de-gilberto-kassab","status":"publish","type":"post","link":"https:\/\/www.notibras.com\/site\/raquel-antecipa-bloco-da-reeleicao-e-anuncia-filiacao-ao-psd-de-gilberto-kassab\/","title":{"rendered":"Raquel antecipa bloco da reelei\u00e7\u00e3o e anuncia filia\u00e7\u00e3o ao PSD de Gilberto Kassab"},"content":{"rendered":"<p>A governadora Raquel Lyra, que decidiu trocar o PSDB pelo PSD, durante solenidade marcada para os pr\u00f3ximos dias 10 ou 11, no Recife, com a presen\u00e7a de Gilberto Kassab, presidente do partido, iniciou a disputa contra o prefeito Jo\u00e3o Campos (PSB), pretendente \u00e0 sua cadeira no Pal\u00e1cio do Campo das Princesas, em pleno Carnaval.<\/p>\n<p>Dono da festa, para a qual montou 3 mil atra\u00e7\u00f5es divididas em 51 polos espalhados pela cidade, Campos n\u00e3o se conteve ao ver seu maior palco, no Marco Zero da capital pernambucana, sofrer a concorr\u00eancia de uma estrutura da edi\u00e7\u00e3o especial do &#8220;Pernambuco Meu Pa\u00eds&#8221;, um festival cultural lan\u00e7ado desde medos do ano passado pelo governo estadual.<\/p>\n<p>O novo palco do governo do estado gerou pol\u00eamica imediata, uma vez que o Marco Zero recebe as principais atra\u00e7\u00f5es promovidas pela prefeitura h\u00e1 24 anos. Entretanto, o Pal\u00e1cio do Campo das Princesas afirmou que as programa\u00e7\u00f5es n\u00e3o devem se chocar, e as atra\u00e7\u00f5es ser\u00e3o exclusivamente locais.<\/p>\n<p>Nesse ponto est\u00e1 outra grande diverg\u00eancia entre os dois pol\u00edticos: enquanto prefeito insiste em animar o Carnaval trazendo artistas de fora para o Recife, pagos a pre\u00e7o de ouro, a governadora optou por prestigiar os artistas locais, muitos dele com queixas hist\u00f3ricas da Prefeitura que pagava com muito atraso os seus pobres cach\u00eas.<\/p>\n<p>Mas al\u00e9m de botar corda no bloco de Jo\u00e3o Campos, Raquel Lyra est\u00e1 partindo para cima do prefeito com uma alian\u00e7a at\u00e9 ent\u00e3o in\u00e9dita, mas que vem se desenhando desde a reelei\u00e7\u00e3o do prefeito, no ano passado, e que ela fez quest\u00e3o de expor, no s\u00e1bado, ao chegar ao Galo da Madrugada trazendo a tiracolo as principais lideran\u00e7as do PT em Pernambuco.<\/p>\n<p>Pouco antes da sa\u00edda do famoso bloco carnavalesco, a governadora desfilou quase que de m\u00e3os dadas com o senador Humberto Costa e o deputado estadual Jo\u00e3o Paulo, que dever\u00e1 assumir a Secretaria estadual de Educa\u00e7\u00e3o, vaga desde o in\u00edcio do ano, para depois ocupar o cargo de vice-governador na chapa que Raquel vai registrar para tentar sua reelei\u00e7\u00e3o.<\/p>\n<p>Jo\u00e3o Campos tamb\u00e9m esteve no Galo da Madrugada, pouco antes da governadora, mas enquanto ela se apresentava ao lado das lideran\u00e7as do Partido dos Trabalhadores, o prefeito desfilou em companhia da sua namorada, a deputada federal T\u00e1bata do Amaral (PSB), de S\u00e3o Paulo.<\/p>\n<p>A sa\u00edda de Raquel Lyra do partido tucano j\u00e1 vem sendo costurada h\u00e1 algum tempo, mas era desejo da governadora trocar a oposi\u00e7\u00e3o por um partido da base do governo do presidente Lula. Empres\u00e1ria, ficava dif\u00edcil para ela ingressar no PT, ent\u00e3o at\u00e9 mesmo com ajuda de petistas e do pr\u00f3prio Lula Raquel decidiu pelo PSD e assim ficar na base do governo federal.<\/p>\n<p>Esse gosto para ficar em um partido aliado do presidente reside no fato de Raquel ter uma forte parceria administrativa com Lula. O governo federal ttem feito grandes investimentos em Pernambuco e nisso tem o reconhecimento da governadora, que faz quest\u00e3o de propagar essa parceria e sempre creditar a Lula os benef\u00edcios da Uni\u00e3o que chegam ao estado.<\/p>\n<p>Isso j\u00e1 n\u00e3o acontece com Jo\u00e3o Campos, apesar dos grandes investimentos do governo federal na capital pernambucana. O prefeito n\u00e3o credita a Lula esses investimentos e sempre procura faturar como sendo trabalho exclusivo da sua administra\u00e7\u00e3o. Essa posi\u00e7\u00e3o de Campos foi azedando sua rela\u00e7\u00e3o com o PT estadual.<\/p>\n<p>O afastamento progressivo de Campos com os petistas foi se aprofundando com a proximidade da elei\u00e7\u00e3o municipal do ano passado, quando ele rifou o PT e negou ao partido o cargo de vice na chapa que o reelegeu. Depois, come\u00e7ou a cooptar para a sua administra\u00e7\u00e3o quadros do PT sem consultar o partido.<\/p>\n<p>A rea\u00e7\u00e3o do partido foi forte, a come\u00e7ar por abandonar a posi\u00e7\u00e3o de oposi\u00e7\u00e3o \u00e0 governadora na Assembleia Legislativa, passando a apoiar todos os projetos do Pal\u00e1cio do Campo das Princesas. Em troca, Raquel aproximou-se mais ainda do PT e do presidente Lula, ao ponto de &#8211; numa tapa de luvas no prefeito &#8211; negociar o ingresso do partido no seu governo e lhe garantir o cargo de vice em sua chapa para 2026.<\/p>\n<p>Do interior, a governadora ter\u00e1 um grande refor\u00e7o em sua candidatura tendo por vice o deputado estadual e ex-prefeito do Recife Jo\u00e3o Paulo, um dos melhores prefeitos da capital, que lhe deu sempre uma grande avalia\u00e7\u00e3o. \u00c9 com ele que Raquel pretende reverter a atual vantagem de Jo\u00e3o Campos nas pesquisas eleitorais.<\/p>\n<p>Al\u00e9m do Recife, a governadora tamb\u00e9m lan\u00e7ou uma cabe\u00e7a de ponte durante o Carnaval em Olinda, cidade onde ela elegeu a atual prefeita.<\/p>\n<p>Com o ingresso de Raquel no partido de Kassab, a governadora ir\u00e1 comandar o PSD em Pernambuco, atualmente nas m\u00e3os do ministro Andr\u00e9 de Paula, aliado do seu governo. Ela dever\u00e1 aproveitar sua filia\u00e7\u00e3o para dividir com Jo\u00e3o Campos a m\u00eddia dos 490 anos de funda\u00e7\u00e3o do Recife, comemorado no dia 11 de mar\u00e7o.<\/p>\n<p>&nbsp;<\/p>\n","protected":false},"excerpt":{"rendered":"<p>A governadora Raquel Lyra, que decidiu trocar o PSDB pelo PSD, durante solenidade marcada para os pr\u00f3ximos dias 10 ou 11, no Recife, com a presen\u00e7a de Gilberto Kassab, presidente do partido, iniciou a disputa contra o prefeito Jo\u00e3o Campos (PSB), pretendente \u00e0 sua cadeira no Pal\u00e1cio do Campo das Princesas, em pleno Carnaval. Dono [&hellip;]<\/p>\n","protected":false},"author":2,"featured_media":349179,"comment_status":"closed","ping_status":"closed","sticky":false,"template":"","format":"standard","meta":{"_acf_changed":false,"footnotes":""},"categories":[165],"tags":[],"class_list":["post-349178","post","type-post","status-publish","format-standard","has-post-thumbnail","hentry","category-nordeste"],"acf":[],"_links":{"self":[{"href":"https:\/\/www.notibras.com\/site\/wp-json\/wp\/v2\/posts\/349178","targetHints":{"allow":["GET"]}}],"collection":[{"href":"https:\/\/www.notibras.com\/site\/wp-json\/wp\/v2\/posts"}],"about":[{"href":"https:\/\/www.notibras.com\/site\/wp-json\/wp\/v2\/types\/post"}],"author":[{"embeddable":true,"href":"https:\/\/www.notibras.com\/site\/wp-json\/wp\/v2\/users\/2"}],"replies":[{"embeddable":true,"href":"https:\/\/www.notibras.com\/site\/wp-json\/wp\/v2\/comments?post=349178"}],"version-history":[{"count":2,"href":"https:\/\/www.notibras.com\/site\/wp-json\/wp\/v2\/posts\/349178\/revisions"}],"predecessor-version":[{"id":349181,"href":"https:\/\/www.notibras.com\/site\/wp-json\/wp\/v2\/posts\/349178\/revisions\/349181"}],"wp:featuredmedia":[{"embeddable":true,"href":"https:\/\/www.notibras.com\/site\/wp-json\/wp\/v2\/media\/349179"}],"wp:attachment":[{"href":"https:\/\/www.notibras.com\/site\/wp-json\/wp\/v2\/media?parent=349178"}],"wp:term":[{"taxonomy":"category","embeddable":true,"href":"https:\/\/www.notibras.com\/site\/wp-json\/wp\/v2\/categories?post=349178"},{"taxonomy":"post_tag","embeddable":true,"href":"https:\/\/www.notibras.com\/site\/wp-json\/wp\/v2\/tags?post=349178"}],"curies":[{"name":"wp","href":"https:\/\/api.w.org\/{rel}","templated":true}]}}