{"id":349209,"date":"2025-03-03T00:00:57","date_gmt":"2025-03-03T03:00:57","guid":{"rendered":"https:\/\/www.notibras.com\/site\/?p=349209"},"modified":"2025-03-03T05:46:47","modified_gmt":"2025-03-03T08:46:47","slug":"morre-pernambucana-que-promoveu-classe-dos-empregados-domesticos","status":"publish","type":"post","link":"https:\/\/www.notibras.com\/site\/morre-pernambucana-que-promoveu-classe-dos-empregados-domesticos\/","title":{"rendered":"Morre pernambucana que promoveu classe dos empregados dom\u00e9sticos"},"content":{"rendered":"<p>O movimento sindical brasileiro perdeu um de seus expoentes. Morreu no s\u00e1bado (1\u00ba) Luiza Batista Pereira, presidenta do Conselho Nacional dos Trabalhadores Dom\u00e9sticos (CNTD) e coordenadora-geral da Federa\u00e7\u00e3o Nacional das Trabalhadoras Dom\u00e9sticas (Fenatrad). H\u00e1 anos, ela se tratava de um c\u00e2ncer.<\/p>\n<p>Em nota conjunta, a Fenatrad e a CNTD lamentaram a morte de uma das principais refer\u00eancias na luta pelos direitos dos trabalhadores dom\u00e9sticos no Brasil e no exterior. Segundo as entidades, Luiza Batista foi uma das maiores l\u00edderes sindicais do movimento das trabalhadoras dom\u00e9sticas na hist\u00f3ria da Am\u00e9rica Latina.<\/p>\n<p>\u201cA sua trajet\u00f3ria pelas trabalhadoras dom\u00e9sticas, mulheres e popula\u00e7\u00e3o negra \u00e9 um grande exemplo para continuarmos trilhando este caminho que ela fez t\u00e3o bem, defendendo com unhas e dentes os direitos da categoria das trabalhadoras dom\u00e9sticas. Ela sempre estava nas lutas e debates. Portanto, Luiza Batista, hoje e sempre, presente!\u201d, afirmou a presidenta de honra da Fenatrad\u201d, Creuza Oliveira.<\/p>\n<p>Creuza Oliveira lembrou que Luiza Batista iniciou a trajet\u00f3ria no movimento sindical das trabalhadoras dom\u00e9sticas em 2006, tornando-se, em pouco tempo, uma das maiores lideran\u00e7as da categoria da hist\u00f3ria do pa\u00eds.<\/p>\n<p>O SOS Corpo Instituto Feminista tamb\u00e9m lamentou a morte. \u201cUma trabalhadora que atuou no presente de forma cr\u00edtica e solid\u00e1ria para construir outro futuro para muitas de n\u00f3s. Sua mem\u00f3ria permanecer\u00e1 em cada uma que sonhou junto com ela em outro mundo para as Trabalhadoras Dom\u00e9sticas\u201d, destacou a entidade nas redes sociais.<\/p>\n<p>O presidente Luiz In\u00e1cio Lula da Silva divulgou uma nota lamentando a morte de Luiza.<\/p>\n<p>&#8220;\u00c9 com pesar que recebi a not\u00edcia da partida da corajosa companheira Luiza Batista Pereira, presidenta do Conselho Nacional dos Trabalhadores Dom\u00e9sticos e coordenadora-geral da Federa\u00e7\u00e3o Nacional das Trabalhadoras Dom\u00e9sticas. Luiza foi uma importante e incans\u00e1vel lutadora pelos direitos das trabalhadoras dom\u00e9sticas, refer\u00eancia no Brasil e na Am\u00e9rica Latina. Minha solidariedade aos amigos e familiares&#8221;, escreveu o presidente.<\/p>\n<p><strong>Biografia<\/strong><br \/>\nNascida em 1956 em S\u00e3o Louren\u00e7o da Mata (PE), Luiza Batista Pereira era a oitava e \u00faltima filha de trabalhadores rurais. O pai trabalhava no corte de cana-de-a\u00e7\u00facar. Aos 8 anos, a fam\u00edlia mudou-se para Recife. Um ano mais tarde, aos 9 anos, foi levada por uma amiga da m\u00e3e para cuidar de uma crian\u00e7a de 5 anos. Segundo Luiza, ela n\u00e3o recebia sal\u00e1rio, apenas comida, roupa e cestas b\u00e1sicas para a fam\u00edlia.<\/p>\n<p>Nos anos 1980, atuou na luta por moradia, no movimento que deu origem ao bairro do Passarinho, nos limites do Recife, Olinda e Paulista. No bairro, onde morou at\u00e9 perto do fim da vida, ajudou a fundar o Espa\u00e7o Mulher, com a l\u00edder feminista Edicl\u00e9a Santos.<\/p>\n<p>Por meio do Projeto Trabalho Dom\u00e9stico Cidad\u00e3o, voltou a estudar em 2006. Nas aulas, conheceu diretoras do Sindidom\u00e9sticas de Pernambuco, tornando-se presidenta da entidade v\u00e1rias vezes. Em 2011, organizou o 10\u00ba Congresso Nacional das Dom\u00e9sticas, na capital pernambucana. Em 2016, foi eleita presidenta da Fenatrad.<\/p>\n","protected":false},"excerpt":{"rendered":"<p>O movimento sindical brasileiro perdeu um de seus expoentes. Morreu no s\u00e1bado (1\u00ba) Luiza Batista Pereira, presidenta do Conselho Nacional dos Trabalhadores Dom\u00e9sticos (CNTD) e coordenadora-geral da Federa\u00e7\u00e3o Nacional das Trabalhadoras Dom\u00e9sticas (Fenatrad). H\u00e1 anos, ela se tratava de um c\u00e2ncer. Em nota conjunta, a Fenatrad e a CNTD lamentaram a morte de uma das [&hellip;]<\/p>\n","protected":false},"author":2,"featured_media":349210,"comment_status":"closed","ping_status":"closed","sticky":false,"template":"","format":"standard","meta":{"_acf_changed":false,"footnotes":""},"categories":[165],"tags":[],"class_list":["post-349209","post","type-post","status-publish","format-standard","has-post-thumbnail","hentry","category-nordeste"],"acf":[],"_links":{"self":[{"href":"https:\/\/www.notibras.com\/site\/wp-json\/wp\/v2\/posts\/349209","targetHints":{"allow":["GET"]}}],"collection":[{"href":"https:\/\/www.notibras.com\/site\/wp-json\/wp\/v2\/posts"}],"about":[{"href":"https:\/\/www.notibras.com\/site\/wp-json\/wp\/v2\/types\/post"}],"author":[{"embeddable":true,"href":"https:\/\/www.notibras.com\/site\/wp-json\/wp\/v2\/users\/2"}],"replies":[{"embeddable":true,"href":"https:\/\/www.notibras.com\/site\/wp-json\/wp\/v2\/comments?post=349209"}],"version-history":[{"count":1,"href":"https:\/\/www.notibras.com\/site\/wp-json\/wp\/v2\/posts\/349209\/revisions"}],"predecessor-version":[{"id":349211,"href":"https:\/\/www.notibras.com\/site\/wp-json\/wp\/v2\/posts\/349209\/revisions\/349211"}],"wp:featuredmedia":[{"embeddable":true,"href":"https:\/\/www.notibras.com\/site\/wp-json\/wp\/v2\/media\/349210"}],"wp:attachment":[{"href":"https:\/\/www.notibras.com\/site\/wp-json\/wp\/v2\/media?parent=349209"}],"wp:term":[{"taxonomy":"category","embeddable":true,"href":"https:\/\/www.notibras.com\/site\/wp-json\/wp\/v2\/categories?post=349209"},{"taxonomy":"post_tag","embeddable":true,"href":"https:\/\/www.notibras.com\/site\/wp-json\/wp\/v2\/tags?post=349209"}],"curies":[{"name":"wp","href":"https:\/\/api.w.org\/{rel}","templated":true}]}}