{"id":34921,"date":"2015-01-25T01:26:25","date_gmt":"2015-01-25T04:26:25","guid":{"rendered":"http:\/\/www.notibras.com\/site\/?p=34921"},"modified":"2015-01-25T01:35:47","modified_gmt":"2015-01-25T04:35:47","slug":"cachoeira-volta-a-respingar-em-brasilia-e-faz-da-terra-areia-movedica","status":"publish","type":"post","link":"https:\/\/www.notibras.com\/site\/cachoeira-volta-a-respingar-em-brasilia-e-faz-da-terra-areia-movedica\/","title":{"rendered":"Cachoeira volta a respingar para fazer da terra areia movedi\u00e7a"},"content":{"rendered":"<p>Est\u00e1 rolando mais um clima ruim na imagem da equipe comandada pelo governador Rodrigo Rollemberg. J\u00e1 houve implos\u00e3o de gente do primeiro escal\u00e3o, do segundo escal\u00e3o&#8230; e agora, parece haver areia movedi\u00e7a no terceiro escal\u00e3o, capaz de transformar em lama, mais uma vez, as terras da capital da Rep\u00fablica. E, pior, se isso acontecer, ser\u00e1 pela vaz\u00e3o de \u00e1gua da velha cachoeira goiana.<\/p>\n","protected":false},"excerpt":{"rendered":"<p>Est\u00e1 rolando mais um clima ruim na imagem da equipe comandada pelo governador Rodrigo Rollemberg. J\u00e1 houve implos\u00e3o de gente do primeiro escal\u00e3o, do segundo escal\u00e3o&#8230; e agora, parece haver areia movedi\u00e7a no terceiro escal\u00e3o, capaz de transformar em lama, mais uma vez, as terras da capital da Rep\u00fablica. E, pior, se isso acontecer, ser\u00e1 [&hellip;]<\/p>\n","protected":false},"author":2,"featured_media":34922,"comment_status":"open","ping_status":"closed","sticky":false,"template":"","format":"standard","meta":{"_acf_changed":false,"footnotes":""},"categories":[26],"tags":[],"class_list":["post-34921","post","type-post","status-publish","format-standard","has-post-thumbnail","hentry","category-eleicoes-2022"],"acf":[],"yoast_head":"<!-- This site is optimized with the Yoast SEO plugin v27.2 - https:\/\/yoast.com\/product\/yoast-seo-wordpress\/ -->\n<title>Cachoeira volta a respingar para fazer da terra areia movedi\u00e7a - Notibras<\/title>\n<meta name=\"robots\" content=\"index, follow, max-snippet:-1, max-image-preview:large, max-video-preview:-1\" \/>\n<link rel=\"canonical\" href=\"https:\/\/www.notibras.com\/site\/cachoeira-volta-a-respingar-em-brasilia-e-faz-da-terra-areia-movedica\/\" \/>\n<meta property=\"og:locale\" content=\"pt_BR\" \/>\n<meta property=\"og:type\" content=\"article\" \/>\n<meta property=\"og:title\" content=\"Cachoeira volta a respingar para fazer da terra areia movedi\u00e7a - Notibras\" \/>\n<meta property=\"og:description\" content=\"Est\u00e1 rolando mais um clima ruim na imagem da equipe comandada pelo governador Rodrigo Rollemberg. J\u00e1 houve implos\u00e3o de gente do primeiro escal\u00e3o, do segundo escal\u00e3o&#8230; e agora, parece haver areia movedi\u00e7a no terceiro escal\u00e3o, capaz de transformar em lama, mais uma vez, as terras da capital da Rep\u00fablica. E, pior, se isso acontecer, ser\u00e1 [&hellip;]\" \/>\n<meta property=\"og:url\" content=\"https:\/\/www.notibras.com\/site\/cachoeira-volta-a-respingar-em-brasilia-e-faz-da-terra-areia-movedica\/\" \/>\n<meta property=\"og:site_name\" content=\"Notibras\" \/>\n<meta property=\"article:publisher\" content=\"https:\/\/www.facebook.com\/notibras\/\" \/>\n<meta property=\"article:published_time\" content=\"2015-01-25T04:26:25+00:00\" \/>\n<meta property=\"article:modified_time\" content=\"2015-01-25T04:35:47+00:00\" \/>\n<meta property=\"og:image\" content=\"https:\/\/www.notibras.com\/site\/wp-content\/uploads\/2015\/01\/p44.jpg\" \/>\n\t<meta property=\"og:image:width\" content=\"400\" \/>\n\t<meta property=\"og:image:height\" content=\"333\" \/>\n\t<meta property=\"og:image:type\" content=\"image\/jpeg\" \/>\n<meta name=\"author\" content=\"Reda\u00e7\u00e3o\" \/>\n<meta name=\"twitter:card\" content=\"summary_large_image\" \/>\n<meta name=\"twitter:creator\" content=\"@Notibras\" \/>\n<meta name=\"twitter:site\" content=\"@Notibras\" \/>\n<meta name=\"twitter:label1\" content=\"Escrito por\" \/>\n\t<meta name=\"twitter:data1\" content=\"Reda\u00e7\u00e3o\" \/>\n<script type=\"application\/ld+json\" class=\"yoast-schema-graph\">{\"@context\":\"https:\/\/schema.org\",\"@graph\":[{\"@type\":\"Article\",\"@id\":\"https:\/\/www.notibras.com\/site\/cachoeira-volta-a-respingar-em-brasilia-e-faz-da-terra-areia-movedica\/#article\",\"isPartOf\":{\"@id\":\"https:\/\/www.notibras.com\/site\/cachoeira-volta-a-respingar-em-brasilia-e-faz-da-terra-areia-movedica\/\"},\"author\":{\"name\":\"Reda\u00e7\u00e3o\",\"@id\":\"https:\/\/www.notibras.com\/site\/#\/schema\/person\/36ab0979449956132d3e5b517ea76ac8\"},\"headline\":\"Cachoeira volta a respingar para fazer da terra areia movedi\u00e7a\",\"datePublished\":\"2015-01-25T04:26:25+00:00\",\"dateModified\":\"2015-01-25T04:35:47+00:00\",\"mainEntityOfPage\":{\"@id\":\"https:\/\/www.notibras.com\/site\/cachoeira-volta-a-respingar-em-brasilia-e-faz-da-terra-areia-movedica\/\"},\"wordCount\":81,\"commentCount\":0,\"publisher\":{\"@id\":\"https:\/\/www.notibras.com\/site\/#organization\"},\"image\":{\"@id\":\"https:\/\/www.notibras.com\/site\/cachoeira-volta-a-respingar-em-brasilia-e-faz-da-terra-areia-movedica\/#primaryimage\"},\"thumbnailUrl\":\"https:\/\/www.notibras.com\/site\/wp-content\/uploads\/2015\/01\/p44.jpg\",\"articleSection\":[\"Elei\u00e7\u00f5es 2022\"],\"inLanguage\":\"pt-BR\",\"potentialAction\":[{\"@type\":\"CommentAction\",\"name\":\"Comment\",\"target\":[\"https:\/\/www.notibras.com\/site\/cachoeira-volta-a-respingar-em-brasilia-e-faz-da-terra-areia-movedica\/#respond\"]}]},{\"@type\":\"WebPage\",\"@id\":\"https:\/\/www.notibras.com\/site\/cachoeira-volta-a-respingar-em-brasilia-e-faz-da-terra-areia-movedica\/\",\"url\":\"https:\/\/www.notibras.com\/site\/cachoeira-volta-a-respingar-em-brasilia-e-faz-da-terra-areia-movedica\/\",\"name\":\"Cachoeira volta a respingar para fazer da terra areia movedi\u00e7a - Notibras\",\"isPartOf\":{\"@id\":\"https:\/\/www.notibras.com\/site\/#website\"},\"primaryImageOfPage\":{\"@id\":\"https:\/\/www.notibras.com\/site\/cachoeira-volta-a-respingar-em-brasilia-e-faz-da-terra-areia-movedica\/#primaryimage\"},\"image\":{\"@id\":\"https:\/\/www.notibras.com\/site\/cachoeira-volta-a-respingar-em-brasilia-e-faz-da-terra-areia-movedica\/#primaryimage\"},\"thumbnailUrl\":\"https:\/\/www.notibras.com\/site\/wp-content\/uploads\/2015\/01\/p44.jpg\",\"datePublished\":\"2015-01-25T04:26:25+00:00\",\"dateModified\":\"2015-01-25T04:35:47+00:00\",\"breadcrumb\":{\"@id\":\"https:\/\/www.notibras.com\/site\/cachoeira-volta-a-respingar-em-brasilia-e-faz-da-terra-areia-movedica\/#breadcrumb\"},\"inLanguage\":\"pt-BR\",\"potentialAction\":[{\"@type\":\"ReadAction\",\"target\":[\"https:\/\/www.notibras.com\/site\/cachoeira-volta-a-respingar-em-brasilia-e-faz-da-terra-areia-movedica\/\"]}]},{\"@type\":\"ImageObject\",\"inLanguage\":\"pt-BR\",\"@id\":\"https:\/\/www.notibras.com\/site\/cachoeira-volta-a-respingar-em-brasilia-e-faz-da-terra-areia-movedica\/#primaryimage\",\"url\":\"https:\/\/www.notibras.com\/site\/wp-content\/uploads\/2015\/01\/p44.jpg\",\"contentUrl\":\"https:\/\/www.notibras.com\/site\/wp-content\/uploads\/2015\/01\/p44.jpg\",\"width\":400,\"height\":333},{\"@type\":\"BreadcrumbList\",\"@id\":\"https:\/\/www.notibras.com\/site\/cachoeira-volta-a-respingar-em-brasilia-e-faz-da-terra-areia-movedica\/#breadcrumb\",\"itemListElement\":[{\"@type\":\"ListItem\",\"position\":1,\"name\":\"In\u00edcio\",\"item\":\"https:\/\/www.notibras.com\/site\/\"},{\"@type\":\"ListItem\",\"position\":2,\"name\":\"Cachoeira volta a respingar para fazer da terra areia movedi\u00e7a\"}]},{\"@type\":\"WebSite\",\"@id\":\"https:\/\/www.notibras.com\/site\/#website\",\"url\":\"https:\/\/www.notibras.com\/site\/\",\"name\":\"Notibras\",\"description\":\"Not\u00edcias de Bras\u00edlia, do Brasil e do Mundo\",\"publisher\":{\"@id\":\"https:\/\/www.notibras.com\/site\/#organization\"},\"potentialAction\":[{\"@type\":\"SearchAction\",\"target\":{\"@type\":\"EntryPoint\",\"urlTemplate\":\"https:\/\/www.notibras.com\/site\/?s={search_term_string}\"},\"query-input\":{\"@type\":\"PropertyValueSpecification\",\"valueRequired\":true,\"valueName\":\"search_term_string\"}}],\"inLanguage\":\"pt-BR\"},{\"@type\":\"Organization\",\"@id\":\"https:\/\/www.notibras.com\/site\/#organization\",\"name\":\"Grupo Notibras de Comunica\u00e7\u00e3o\",\"url\":\"https:\/\/www.notibras.com\/site\/\",\"logo\":{\"@type\":\"ImageObject\",\"inLanguage\":\"pt-BR\",\"@id\":\"https:\/\/www.notibras.com\/site\/#\/schema\/logo\/image\/\",\"url\":\"https:\/\/www.notibras.com\/site\/wp-content\/uploads\/2023\/01\/notibras23.png\",\"contentUrl\":\"https:\/\/www.notibras.com\/site\/wp-content\/uploads\/2023\/01\/notibras23.png\",\"width\":350,\"height\":87,\"caption\":\"Grupo Notibras de Comunica\u00e7\u00e3o\"},\"image\":{\"@id\":\"https:\/\/www.notibras.com\/site\/#\/schema\/logo\/image\/\"},\"sameAs\":[\"https:\/\/www.facebook.com\/notibras\/\",\"https:\/\/x.com\/Notibras\",\"https:\/\/www.instagram.com\/notibras\/\"]},{\"@type\":\"Person\",\"@id\":\"https:\/\/www.notibras.com\/site\/#\/schema\/person\/36ab0979449956132d3e5b517ea76ac8\",\"name\":\"Reda\u00e7\u00e3o\",\"image\":{\"@type\":\"ImageObject\",\"inLanguage\":\"pt-BR\",\"@id\":\"https:\/\/secure.gravatar.com\/avatar\/e0a867bdedb85fd243eadf09663511f96fc81e0720a4a42581f334ad4303aa6b?s=96&d=mm&r=g\",\"url\":\"https:\/\/secure.gravatar.com\/avatar\/e0a867bdedb85fd243eadf09663511f96fc81e0720a4a42581f334ad4303aa6b?s=96&d=mm&r=g\",\"contentUrl\":\"https:\/\/secure.gravatar.com\/avatar\/e0a867bdedb85fd243eadf09663511f96fc81e0720a4a42581f334ad4303aa6b?s=96&d=mm&r=g\",\"caption\":\"Reda\u00e7\u00e3o\"}}]}<\/script>\n<!-- \/ Yoast SEO plugin. -->","yoast_head_json":{"title":"Cachoeira volta a respingar para fazer da terra areia movedi\u00e7a - Notibras","robots":{"index":"index","follow":"follow","max-snippet":"max-snippet:-1","max-image-preview":"max-image-preview:large","max-video-preview":"max-video-preview:-1"},"canonical":"https:\/\/www.notibras.com\/site\/cachoeira-volta-a-respingar-em-brasilia-e-faz-da-terra-areia-movedica\/","og_locale":"pt_BR","og_type":"article","og_title":"Cachoeira volta a respingar para fazer da terra areia movedi\u00e7a - Notibras","og_description":"Est\u00e1 rolando mais um clima ruim na imagem da equipe comandada pelo governador Rodrigo Rollemberg. J\u00e1 houve implos\u00e3o de gente do primeiro escal\u00e3o, do segundo escal\u00e3o&#8230; e agora, parece haver areia movedi\u00e7a no terceiro escal\u00e3o, capaz de transformar em lama, mais uma vez, as terras da capital da Rep\u00fablica. E, pior, se isso acontecer, ser\u00e1 [&hellip;]","og_url":"https:\/\/www.notibras.com\/site\/cachoeira-volta-a-respingar-em-brasilia-e-faz-da-terra-areia-movedica\/","og_site_name":"Notibras","article_publisher":"https:\/\/www.facebook.com\/notibras\/","article_published_time":"2015-01-25T04:26:25+00:00","article_modified_time":"2015-01-25T04:35:47+00:00","og_image":[{"width":400,"height":333,"url":"https:\/\/www.notibras.com\/site\/wp-content\/uploads\/2015\/01\/p44.jpg","type":"image\/jpeg"}],"author":"Reda\u00e7\u00e3o","twitter_card":"summary_large_image","twitter_creator":"@Notibras","twitter_site":"@Notibras","twitter_misc":{"Escrito por":"Reda\u00e7\u00e3o"},"schema":{"@context":"https:\/\/schema.org","@graph":[{"@type":"Article","@id":"https:\/\/www.notibras.com\/site\/cachoeira-volta-a-respingar-em-brasilia-e-faz-da-terra-areia-movedica\/#article","isPartOf":{"@id":"https:\/\/www.notibras.com\/site\/cachoeira-volta-a-respingar-em-brasilia-e-faz-da-terra-areia-movedica\/"},"author":{"name":"Reda\u00e7\u00e3o","@id":"https:\/\/www.notibras.com\/site\/#\/schema\/person\/36ab0979449956132d3e5b517ea76ac8"},"headline":"Cachoeira volta a respingar para fazer da terra areia movedi\u00e7a","datePublished":"2015-01-25T04:26:25+00:00","dateModified":"2015-01-25T04:35:47+00:00","mainEntityOfPage":{"@id":"https:\/\/www.notibras.com\/site\/cachoeira-volta-a-respingar-em-brasilia-e-faz-da-terra-areia-movedica\/"},"wordCount":81,"commentCount":0,"publisher":{"@id":"https:\/\/www.notibras.com\/site\/#organization"},"image":{"@id":"https:\/\/www.notibras.com\/site\/cachoeira-volta-a-respingar-em-brasilia-e-faz-da-terra-areia-movedica\/#primaryimage"},"thumbnailUrl":"https:\/\/www.notibras.com\/site\/wp-content\/uploads\/2015\/01\/p44.jpg","articleSection":["Elei\u00e7\u00f5es 2022"],"inLanguage":"pt-BR","potentialAction":[{"@type":"CommentAction","name":"Comment","target":["https:\/\/www.notibras.com\/site\/cachoeira-volta-a-respingar-em-brasilia-e-faz-da-terra-areia-movedica\/#respond"]}]},{"@type":"WebPage","@id":"https:\/\/www.notibras.com\/site\/cachoeira-volta-a-respingar-em-brasilia-e-faz-da-terra-areia-movedica\/","url":"https:\/\/www.notibras.com\/site\/cachoeira-volta-a-respingar-em-brasilia-e-faz-da-terra-areia-movedica\/","name":"Cachoeira volta a respingar para fazer da terra areia movedi\u00e7a - Notibras","isPartOf":{"@id":"https:\/\/www.notibras.com\/site\/#website"},"primaryImageOfPage":{"@id":"https:\/\/www.notibras.com\/site\/cachoeira-volta-a-respingar-em-brasilia-e-faz-da-terra-areia-movedica\/#primaryimage"},"image":{"@id":"https:\/\/www.notibras.com\/site\/cachoeira-volta-a-respingar-em-brasilia-e-faz-da-terra-areia-movedica\/#primaryimage"},"thumbnailUrl":"https:\/\/www.notibras.com\/site\/wp-content\/uploads\/2015\/01\/p44.jpg","datePublished":"2015-01-25T04:26:25+00:00","dateModified":"2015-01-25T04:35:47+00:00","breadcrumb":{"@id":"https:\/\/www.notibras.com\/site\/cachoeira-volta-a-respingar-em-brasilia-e-faz-da-terra-areia-movedica\/#breadcrumb"},"inLanguage":"pt-BR","potentialAction":[{"@type":"ReadAction","target":["https:\/\/www.notibras.com\/site\/cachoeira-volta-a-respingar-em-brasilia-e-faz-da-terra-areia-movedica\/"]}]},{"@type":"ImageObject","inLanguage":"pt-BR","@id":"https:\/\/www.notibras.com\/site\/cachoeira-volta-a-respingar-em-brasilia-e-faz-da-terra-areia-movedica\/#primaryimage","url":"https:\/\/www.notibras.com\/site\/wp-content\/uploads\/2015\/01\/p44.jpg","contentUrl":"https:\/\/www.notibras.com\/site\/wp-content\/uploads\/2015\/01\/p44.jpg","width":400,"height":333},{"@type":"BreadcrumbList","@id":"https:\/\/www.notibras.com\/site\/cachoeira-volta-a-respingar-em-brasilia-e-faz-da-terra-areia-movedica\/#breadcrumb","itemListElement":[{"@type":"ListItem","position":1,"name":"In\u00edcio","item":"https:\/\/www.notibras.com\/site\/"},{"@type":"ListItem","position":2,"name":"Cachoeira volta a respingar para fazer da terra areia movedi\u00e7a"}]},{"@type":"WebSite","@id":"https:\/\/www.notibras.com\/site\/#website","url":"https:\/\/www.notibras.com\/site\/","name":"Notibras","description":"Not\u00edcias de Bras\u00edlia, do Brasil e do Mundo","publisher":{"@id":"https:\/\/www.notibras.com\/site\/#organization"},"potentialAction":[{"@type":"SearchAction","target":{"@type":"EntryPoint","urlTemplate":"https:\/\/www.notibras.com\/site\/?s={search_term_string}"},"query-input":{"@type":"PropertyValueSpecification","valueRequired":true,"valueName":"search_term_string"}}],"inLanguage":"pt-BR"},{"@type":"Organization","@id":"https:\/\/www.notibras.com\/site\/#organization","name":"Grupo Notibras de Comunica\u00e7\u00e3o","url":"https:\/\/www.notibras.com\/site\/","logo":{"@type":"ImageObject","inLanguage":"pt-BR","@id":"https:\/\/www.notibras.com\/site\/#\/schema\/logo\/image\/","url":"https:\/\/www.notibras.com\/site\/wp-content\/uploads\/2023\/01\/notibras23.png","contentUrl":"https:\/\/www.notibras.com\/site\/wp-content\/uploads\/2023\/01\/notibras23.png","width":350,"height":87,"caption":"Grupo Notibras de Comunica\u00e7\u00e3o"},"image":{"@id":"https:\/\/www.notibras.com\/site\/#\/schema\/logo\/image\/"},"sameAs":["https:\/\/www.facebook.com\/notibras\/","https:\/\/x.com\/Notibras","https:\/\/www.instagram.com\/notibras\/"]},{"@type":"Person","@id":"https:\/\/www.notibras.com\/site\/#\/schema\/person\/36ab0979449956132d3e5b517ea76ac8","name":"Reda\u00e7\u00e3o","image":{"@type":"ImageObject","inLanguage":"pt-BR","@id":"https:\/\/secure.gravatar.com\/avatar\/e0a867bdedb85fd243eadf09663511f96fc81e0720a4a42581f334ad4303aa6b?s=96&d=mm&r=g","url":"https:\/\/secure.gravatar.com\/avatar\/e0a867bdedb85fd243eadf09663511f96fc81e0720a4a42581f334ad4303aa6b?s=96&d=mm&r=g","contentUrl":"https:\/\/secure.gravatar.com\/avatar\/e0a867bdedb85fd243eadf09663511f96fc81e0720a4a42581f334ad4303aa6b?s=96&d=mm&r=g","caption":"Reda\u00e7\u00e3o"}}]}},"amp_enabled":true,"_links":{"self":[{"href":"https:\/\/www.notibras.com\/site\/wp-json\/wp\/v2\/posts\/34921","targetHints":{"allow":["GET"]}}],"collection":[{"href":"https:\/\/www.notibras.com\/site\/wp-json\/wp\/v2\/posts"}],"about":[{"href":"https:\/\/www.notibras.com\/site\/wp-json\/wp\/v2\/types\/post"}],"author":[{"embeddable":true,"href":"https:\/\/www.notibras.com\/site\/wp-json\/wp\/v2\/users\/2"}],"replies":[{"embeddable":true,"href":"https:\/\/www.notibras.com\/site\/wp-json\/wp\/v2\/comments?post=34921"}],"version-history":[{"count":0,"href":"https:\/\/www.notibras.com\/site\/wp-json\/wp\/v2\/posts\/34921\/revisions"}],"wp:featuredmedia":[{"embeddable":true,"href":"https:\/\/www.notibras.com\/site\/wp-json\/wp\/v2\/media\/34922"}],"wp:attachment":[{"href":"https:\/\/www.notibras.com\/site\/wp-json\/wp\/v2\/media?parent=34921"}],"wp:term":[{"taxonomy":"category","embeddable":true,"href":"https:\/\/www.notibras.com\/site\/wp-json\/wp\/v2\/categories?post=34921"},{"taxonomy":"post_tag","embeddable":true,"href":"https:\/\/www.notibras.com\/site\/wp-json\/wp\/v2\/tags?post=34921"}],"curies":[{"name":"wp","href":"https:\/\/api.w.org\/{rel}","templated":true}]}}