{"id":349224,"date":"2025-03-03T00:11:30","date_gmt":"2025-03-03T03:11:30","guid":{"rendered":"https:\/\/www.notibras.com\/site\/?p=349224"},"modified":"2025-03-03T06:12:51","modified_gmt":"2025-03-03T09:12:51","slug":"saiba-como-brincar-o-carnaval-de-forma-sustentavel","status":"publish","type":"post","link":"https:\/\/www.notibras.com\/site\/saiba-como-brincar-o-carnaval-de-forma-sustentavel\/","title":{"rendered":"Saiba como brincar o carnaval de forma sustent\u00e1vel"},"content":{"rendered":"<p>Com mudan\u00e7a clim\u00e1tica e todos os impactos do desequil\u00edbrio no planeta, \u00e9 dif\u00edcil n\u00e3o pensar em mudan\u00e7a de h\u00e1bitos ou tradi\u00e7\u00f5es. No carnaval, n\u00e3o \u00e9 diferente, a folia ganha as ruas nos pr\u00f3ximos dias, mas efeitos poderiam ser positivos, afirma a designer de impacto e sustentabilidade, Luciana Lancerotti.<\/p>\n<p>\u201cN\u00e3o se tem um dado de quantos foli\u00f5es teremos neste carnaval. A estimativa \u00e9 de que mais de 50 milh\u00f5es de pessoas participem, seja em bloquinhos, seja em carnaval de desfile, seja em festas, n\u00e3o importa. Se a gente pensar que 50 milh\u00f5es de pessoas v\u00e3o brincar em dois, tr\u00eas dias, estamos falando de um volume enorme de pessoas que poderiam agir em prol de benef\u00edcio para n\u00f3s mesmos\u201d, diz.<\/p>\n<p>De acordo com a especialista, para que essa mudan\u00e7a ocorra \u00e9 necess\u00e1rio pensar de forma circular, ou seja, pensar que tudo que consumimos precisa voltar para o ciclo de uso de forma positiva, sem causar danos. Um exemplo, \u00e9 a escolha da maquiagem no carnaval. Segundo Luciana, o produto pode ser biodegrad\u00e1vel, feito de sementes ou outras subst\u00e2ncias naturais que, ap\u00f3s o banhar, escorrem pelo ralo e n\u00e3o v\u00e3o poluir a \u00e1gua e o solo.<\/p>\n<p>\u201cA gente j\u00e1 sabe que um dos maiores problemas que a gente tem \u00e9 a polui\u00e7\u00e3o com pl\u00e1stico. Existem dados cient\u00edficos da quantidade de micropl\u00e1sticos que est\u00e1 no nosso corpo de forma prejudicial. E eu convido as pessoas a pesquisar sobre isso, para que tomemos consci\u00eancia. O glitter, por exemplo, nada mais \u00e9 que um micropl\u00e1stico\u201d, explica.<\/p>\n<p>Luciana ressaltou que a escolha de levar uma garrafinha ou um copo para a folia pode evitar impacto negativo na hora de se hidratar. Assim, segundo ela, menos garrafas pet e latas de alum\u00ednio deixam de ser jogadas nas ruas. \u201cO que a gente tem pensado com consci\u00eancia e tentado fazer, \u00e9 evitar produzir mais um lixo.&#8221;<\/p>\n<p>Luciana lembra import\u00e2ncia de o foli\u00e3o levar uma bolsa ou sacola para recolher o res\u00edduo e garantir que o material v\u00e1 para o lugar certo. \u201cIsso acontece no cotidiano da gente\u201d, disse. Ela aconselhou ainda a pessoa evitar adquirir v\u00e1rios produtos poluentes. \u201cQuem sabe eu compro s\u00f3 uma garrafa de \u00e1gua e uso as bicas de \u00e1gua para manter a minha hidrata\u00e7\u00e3o? Depois eu levo para casa e fa\u00e7o descarte,\u201d completou.<\/p>\n","protected":false},"excerpt":{"rendered":"<p>Com mudan\u00e7a clim\u00e1tica e todos os impactos do desequil\u00edbrio no planeta, \u00e9 dif\u00edcil n\u00e3o pensar em mudan\u00e7a de h\u00e1bitos ou tradi\u00e7\u00f5es. No carnaval, n\u00e3o \u00e9 diferente, a folia ganha as ruas nos pr\u00f3ximos dias, mas efeitos poderiam ser positivos, afirma a designer de impacto e sustentabilidade, Luciana Lancerotti. \u201cN\u00e3o se tem um dado de quantos [&hellip;]<\/p>\n","protected":false},"author":2,"featured_media":349225,"comment_status":"closed","ping_status":"closed","sticky":false,"template":"","format":"standard","meta":{"_acf_changed":false,"footnotes":""},"categories":[165],"tags":[],"class_list":["post-349224","post","type-post","status-publish","format-standard","has-post-thumbnail","hentry","category-nordeste"],"acf":[],"yoast_head":"<!-- This site is optimized with the Yoast SEO plugin v27.2 - https:\/\/yoast.com\/product\/yoast-seo-wordpress\/ -->\n<title>Saiba como brincar o carnaval de forma sustent\u00e1vel - Notibras<\/title>\n<meta name=\"robots\" content=\"index, follow, max-snippet:-1, max-image-preview:large, max-video-preview:-1\" \/>\n<link rel=\"canonical\" href=\"https:\/\/www.notibras.com\/site\/saiba-como-brincar-o-carnaval-de-forma-sustentavel\/\" \/>\n<meta property=\"og:locale\" content=\"pt_BR\" \/>\n<meta property=\"og:type\" content=\"article\" \/>\n<meta property=\"og:title\" content=\"Saiba como brincar o carnaval de forma sustent\u00e1vel - Notibras\" \/>\n<meta property=\"og:description\" content=\"Com mudan\u00e7a clim\u00e1tica e todos os impactos do desequil\u00edbrio no planeta, \u00e9 dif\u00edcil n\u00e3o pensar em mudan\u00e7a de h\u00e1bitos ou tradi\u00e7\u00f5es. No carnaval, n\u00e3o \u00e9 diferente, a folia ganha as ruas nos pr\u00f3ximos dias, mas efeitos poderiam ser positivos, afirma a designer de impacto e sustentabilidade, Luciana Lancerotti. \u201cN\u00e3o se tem um dado de quantos [&hellip;]\" \/>\n<meta property=\"og:url\" content=\"https:\/\/www.notibras.com\/site\/saiba-como-brincar-o-carnaval-de-forma-sustentavel\/\" \/>\n<meta property=\"og:site_name\" content=\"Notibras\" \/>\n<meta property=\"article:publisher\" content=\"https:\/\/www.facebook.com\/notibras\/\" \/>\n<meta property=\"article:published_time\" content=\"2025-03-03T03:11:30+00:00\" \/>\n<meta property=\"article:modified_time\" content=\"2025-03-03T09:12:51+00:00\" \/>\n<meta property=\"og:image\" content=\"https:\/\/www.notibras.com\/site\/wp-content\/uploads\/2025\/03\/124a0860-17_0.webp\" \/>\n\t<meta property=\"og:image:width\" content=\"1170\" \/>\n\t<meta property=\"og:image:height\" content=\"700\" \/>\n\t<meta property=\"og:image:type\" content=\"image\/webp\" \/>\n<meta name=\"author\" content=\"Reda\u00e7\u00e3o\" \/>\n<meta name=\"twitter:card\" content=\"summary_large_image\" \/>\n<meta name=\"twitter:creator\" content=\"@Notibras\" \/>\n<meta name=\"twitter:site\" content=\"@Notibras\" \/>\n<meta name=\"twitter:label1\" content=\"Escrito por\" \/>\n\t<meta name=\"twitter:data1\" content=\"Reda\u00e7\u00e3o\" \/>\n\t<meta name=\"twitter:label2\" content=\"Est. tempo de leitura\" \/>\n\t<meta name=\"twitter:data2\" content=\"3 minutos\" \/>\n<script type=\"application\/ld+json\" class=\"yoast-schema-graph\">{\"@context\":\"https:\/\/schema.org\",\"@graph\":[{\"@type\":\"Article\",\"@id\":\"https:\/\/www.notibras.com\/site\/saiba-como-brincar-o-carnaval-de-forma-sustentavel\/#article\",\"isPartOf\":{\"@id\":\"https:\/\/www.notibras.com\/site\/saiba-como-brincar-o-carnaval-de-forma-sustentavel\/\"},\"author\":{\"name\":\"Reda\u00e7\u00e3o\",\"@id\":\"https:\/\/www.notibras.com\/site\/#\/schema\/person\/36ab0979449956132d3e5b517ea76ac8\"},\"headline\":\"Saiba como brincar o carnaval de forma sustent\u00e1vel\",\"datePublished\":\"2025-03-03T03:11:30+00:00\",\"dateModified\":\"2025-03-03T09:12:51+00:00\",\"mainEntityOfPage\":{\"@id\":\"https:\/\/www.notibras.com\/site\/saiba-como-brincar-o-carnaval-de-forma-sustentavel\/\"},\"wordCount\":417,\"publisher\":{\"@id\":\"https:\/\/www.notibras.com\/site\/#organization\"},\"image\":{\"@id\":\"https:\/\/www.notibras.com\/site\/saiba-como-brincar-o-carnaval-de-forma-sustentavel\/#primaryimage\"},\"thumbnailUrl\":\"https:\/\/www.notibras.com\/site\/wp-content\/uploads\/2025\/03\/124a0860-17_0.webp\",\"articleSection\":[\"Nordeste\"],\"inLanguage\":\"pt-BR\"},{\"@type\":\"WebPage\",\"@id\":\"https:\/\/www.notibras.com\/site\/saiba-como-brincar-o-carnaval-de-forma-sustentavel\/\",\"url\":\"https:\/\/www.notibras.com\/site\/saiba-como-brincar-o-carnaval-de-forma-sustentavel\/\",\"name\":\"Saiba como brincar o carnaval de forma sustent\u00e1vel - Notibras\",\"isPartOf\":{\"@id\":\"https:\/\/www.notibras.com\/site\/#website\"},\"primaryImageOfPage\":{\"@id\":\"https:\/\/www.notibras.com\/site\/saiba-como-brincar-o-carnaval-de-forma-sustentavel\/#primaryimage\"},\"image\":{\"@id\":\"https:\/\/www.notibras.com\/site\/saiba-como-brincar-o-carnaval-de-forma-sustentavel\/#primaryimage\"},\"thumbnailUrl\":\"https:\/\/www.notibras.com\/site\/wp-content\/uploads\/2025\/03\/124a0860-17_0.webp\",\"datePublished\":\"2025-03-03T03:11:30+00:00\",\"dateModified\":\"2025-03-03T09:12:51+00:00\",\"breadcrumb\":{\"@id\":\"https:\/\/www.notibras.com\/site\/saiba-como-brincar-o-carnaval-de-forma-sustentavel\/#breadcrumb\"},\"inLanguage\":\"pt-BR\",\"potentialAction\":[{\"@type\":\"ReadAction\",\"target\":[\"https:\/\/www.notibras.com\/site\/saiba-como-brincar-o-carnaval-de-forma-sustentavel\/\"]}]},{\"@type\":\"ImageObject\",\"inLanguage\":\"pt-BR\",\"@id\":\"https:\/\/www.notibras.com\/site\/saiba-como-brincar-o-carnaval-de-forma-sustentavel\/#primaryimage\",\"url\":\"https:\/\/www.notibras.com\/site\/wp-content\/uploads\/2025\/03\/124a0860-17_0.webp\",\"contentUrl\":\"https:\/\/www.notibras.com\/site\/wp-content\/uploads\/2025\/03\/124a0860-17_0.webp\",\"width\":1170,\"height\":700},{\"@type\":\"BreadcrumbList\",\"@id\":\"https:\/\/www.notibras.com\/site\/saiba-como-brincar-o-carnaval-de-forma-sustentavel\/#breadcrumb\",\"itemListElement\":[{\"@type\":\"ListItem\",\"position\":1,\"name\":\"In\u00edcio\",\"item\":\"https:\/\/www.notibras.com\/site\/\"},{\"@type\":\"ListItem\",\"position\":2,\"name\":\"Saiba como brincar o carnaval de forma sustent\u00e1vel\"}]},{\"@type\":\"WebSite\",\"@id\":\"https:\/\/www.notibras.com\/site\/#website\",\"url\":\"https:\/\/www.notibras.com\/site\/\",\"name\":\"Notibras\",\"description\":\"Not\u00edcias de Bras\u00edlia, do Brasil e do Mundo\",\"publisher\":{\"@id\":\"https:\/\/www.notibras.com\/site\/#organization\"},\"potentialAction\":[{\"@type\":\"SearchAction\",\"target\":{\"@type\":\"EntryPoint\",\"urlTemplate\":\"https:\/\/www.notibras.com\/site\/?s={search_term_string}\"},\"query-input\":{\"@type\":\"PropertyValueSpecification\",\"valueRequired\":true,\"valueName\":\"search_term_string\"}}],\"inLanguage\":\"pt-BR\"},{\"@type\":\"Organization\",\"@id\":\"https:\/\/www.notibras.com\/site\/#organization\",\"name\":\"Grupo Notibras de Comunica\u00e7\u00e3o\",\"url\":\"https:\/\/www.notibras.com\/site\/\",\"logo\":{\"@type\":\"ImageObject\",\"inLanguage\":\"pt-BR\",\"@id\":\"https:\/\/www.notibras.com\/site\/#\/schema\/logo\/image\/\",\"url\":\"https:\/\/www.notibras.com\/site\/wp-content\/uploads\/2023\/01\/notibras23.png\",\"contentUrl\":\"https:\/\/www.notibras.com\/site\/wp-content\/uploads\/2023\/01\/notibras23.png\",\"width\":350,\"height\":87,\"caption\":\"Grupo Notibras de Comunica\u00e7\u00e3o\"},\"image\":{\"@id\":\"https:\/\/www.notibras.com\/site\/#\/schema\/logo\/image\/\"},\"sameAs\":[\"https:\/\/www.facebook.com\/notibras\/\",\"https:\/\/x.com\/Notibras\",\"https:\/\/www.instagram.com\/notibras\/\"]},{\"@type\":\"Person\",\"@id\":\"https:\/\/www.notibras.com\/site\/#\/schema\/person\/36ab0979449956132d3e5b517ea76ac8\",\"name\":\"Reda\u00e7\u00e3o\",\"image\":{\"@type\":\"ImageObject\",\"inLanguage\":\"pt-BR\",\"@id\":\"https:\/\/secure.gravatar.com\/avatar\/e0a867bdedb85fd243eadf09663511f96fc81e0720a4a42581f334ad4303aa6b?s=96&d=mm&r=g\",\"url\":\"https:\/\/secure.gravatar.com\/avatar\/e0a867bdedb85fd243eadf09663511f96fc81e0720a4a42581f334ad4303aa6b?s=96&d=mm&r=g\",\"contentUrl\":\"https:\/\/secure.gravatar.com\/avatar\/e0a867bdedb85fd243eadf09663511f96fc81e0720a4a42581f334ad4303aa6b?s=96&d=mm&r=g\",\"caption\":\"Reda\u00e7\u00e3o\"}}]}<\/script>\n<!-- \/ Yoast SEO plugin. -->","yoast_head_json":{"title":"Saiba como brincar o carnaval de forma sustent\u00e1vel - Notibras","robots":{"index":"index","follow":"follow","max-snippet":"max-snippet:-1","max-image-preview":"max-image-preview:large","max-video-preview":"max-video-preview:-1"},"canonical":"https:\/\/www.notibras.com\/site\/saiba-como-brincar-o-carnaval-de-forma-sustentavel\/","og_locale":"pt_BR","og_type":"article","og_title":"Saiba como brincar o carnaval de forma sustent\u00e1vel - Notibras","og_description":"Com mudan\u00e7a clim\u00e1tica e todos os impactos do desequil\u00edbrio no planeta, \u00e9 dif\u00edcil n\u00e3o pensar em mudan\u00e7a de h\u00e1bitos ou tradi\u00e7\u00f5es. No carnaval, n\u00e3o \u00e9 diferente, a folia ganha as ruas nos pr\u00f3ximos dias, mas efeitos poderiam ser positivos, afirma a designer de impacto e sustentabilidade, Luciana Lancerotti. \u201cN\u00e3o se tem um dado de quantos [&hellip;]","og_url":"https:\/\/www.notibras.com\/site\/saiba-como-brincar-o-carnaval-de-forma-sustentavel\/","og_site_name":"Notibras","article_publisher":"https:\/\/www.facebook.com\/notibras\/","article_published_time":"2025-03-03T03:11:30+00:00","article_modified_time":"2025-03-03T09:12:51+00:00","og_image":[{"width":1170,"height":700,"url":"https:\/\/www.notibras.com\/site\/wp-content\/uploads\/2025\/03\/124a0860-17_0.webp","type":"image\/webp"}],"author":"Reda\u00e7\u00e3o","twitter_card":"summary_large_image","twitter_creator":"@Notibras","twitter_site":"@Notibras","twitter_misc":{"Escrito por":"Reda\u00e7\u00e3o","Est. tempo de leitura":"3 minutos"},"schema":{"@context":"https:\/\/schema.org","@graph":[{"@type":"Article","@id":"https:\/\/www.notibras.com\/site\/saiba-como-brincar-o-carnaval-de-forma-sustentavel\/#article","isPartOf":{"@id":"https:\/\/www.notibras.com\/site\/saiba-como-brincar-o-carnaval-de-forma-sustentavel\/"},"author":{"name":"Reda\u00e7\u00e3o","@id":"https:\/\/www.notibras.com\/site\/#\/schema\/person\/36ab0979449956132d3e5b517ea76ac8"},"headline":"Saiba como brincar o carnaval de forma sustent\u00e1vel","datePublished":"2025-03-03T03:11:30+00:00","dateModified":"2025-03-03T09:12:51+00:00","mainEntityOfPage":{"@id":"https:\/\/www.notibras.com\/site\/saiba-como-brincar-o-carnaval-de-forma-sustentavel\/"},"wordCount":417,"publisher":{"@id":"https:\/\/www.notibras.com\/site\/#organization"},"image":{"@id":"https:\/\/www.notibras.com\/site\/saiba-como-brincar-o-carnaval-de-forma-sustentavel\/#primaryimage"},"thumbnailUrl":"https:\/\/www.notibras.com\/site\/wp-content\/uploads\/2025\/03\/124a0860-17_0.webp","articleSection":["Nordeste"],"inLanguage":"pt-BR"},{"@type":"WebPage","@id":"https:\/\/www.notibras.com\/site\/saiba-como-brincar-o-carnaval-de-forma-sustentavel\/","url":"https:\/\/www.notibras.com\/site\/saiba-como-brincar-o-carnaval-de-forma-sustentavel\/","name":"Saiba como brincar o carnaval de forma sustent\u00e1vel - Notibras","isPartOf":{"@id":"https:\/\/www.notibras.com\/site\/#website"},"primaryImageOfPage":{"@id":"https:\/\/www.notibras.com\/site\/saiba-como-brincar-o-carnaval-de-forma-sustentavel\/#primaryimage"},"image":{"@id":"https:\/\/www.notibras.com\/site\/saiba-como-brincar-o-carnaval-de-forma-sustentavel\/#primaryimage"},"thumbnailUrl":"https:\/\/www.notibras.com\/site\/wp-content\/uploads\/2025\/03\/124a0860-17_0.webp","datePublished":"2025-03-03T03:11:30+00:00","dateModified":"2025-03-03T09:12:51+00:00","breadcrumb":{"@id":"https:\/\/www.notibras.com\/site\/saiba-como-brincar-o-carnaval-de-forma-sustentavel\/#breadcrumb"},"inLanguage":"pt-BR","potentialAction":[{"@type":"ReadAction","target":["https:\/\/www.notibras.com\/site\/saiba-como-brincar-o-carnaval-de-forma-sustentavel\/"]}]},{"@type":"ImageObject","inLanguage":"pt-BR","@id":"https:\/\/www.notibras.com\/site\/saiba-como-brincar-o-carnaval-de-forma-sustentavel\/#primaryimage","url":"https:\/\/www.notibras.com\/site\/wp-content\/uploads\/2025\/03\/124a0860-17_0.webp","contentUrl":"https:\/\/www.notibras.com\/site\/wp-content\/uploads\/2025\/03\/124a0860-17_0.webp","width":1170,"height":700},{"@type":"BreadcrumbList","@id":"https:\/\/www.notibras.com\/site\/saiba-como-brincar-o-carnaval-de-forma-sustentavel\/#breadcrumb","itemListElement":[{"@type":"ListItem","position":1,"name":"In\u00edcio","item":"https:\/\/www.notibras.com\/site\/"},{"@type":"ListItem","position":2,"name":"Saiba como brincar o carnaval de forma sustent\u00e1vel"}]},{"@type":"WebSite","@id":"https:\/\/www.notibras.com\/site\/#website","url":"https:\/\/www.notibras.com\/site\/","name":"Notibras","description":"Not\u00edcias de Bras\u00edlia, do Brasil e do Mundo","publisher":{"@id":"https:\/\/www.notibras.com\/site\/#organization"},"potentialAction":[{"@type":"SearchAction","target":{"@type":"EntryPoint","urlTemplate":"https:\/\/www.notibras.com\/site\/?s={search_term_string}"},"query-input":{"@type":"PropertyValueSpecification","valueRequired":true,"valueName":"search_term_string"}}],"inLanguage":"pt-BR"},{"@type":"Organization","@id":"https:\/\/www.notibras.com\/site\/#organization","name":"Grupo Notibras de Comunica\u00e7\u00e3o","url":"https:\/\/www.notibras.com\/site\/","logo":{"@type":"ImageObject","inLanguage":"pt-BR","@id":"https:\/\/www.notibras.com\/site\/#\/schema\/logo\/image\/","url":"https:\/\/www.notibras.com\/site\/wp-content\/uploads\/2023\/01\/notibras23.png","contentUrl":"https:\/\/www.notibras.com\/site\/wp-content\/uploads\/2023\/01\/notibras23.png","width":350,"height":87,"caption":"Grupo Notibras de Comunica\u00e7\u00e3o"},"image":{"@id":"https:\/\/www.notibras.com\/site\/#\/schema\/logo\/image\/"},"sameAs":["https:\/\/www.facebook.com\/notibras\/","https:\/\/x.com\/Notibras","https:\/\/www.instagram.com\/notibras\/"]},{"@type":"Person","@id":"https:\/\/www.notibras.com\/site\/#\/schema\/person\/36ab0979449956132d3e5b517ea76ac8","name":"Reda\u00e7\u00e3o","image":{"@type":"ImageObject","inLanguage":"pt-BR","@id":"https:\/\/secure.gravatar.com\/avatar\/e0a867bdedb85fd243eadf09663511f96fc81e0720a4a42581f334ad4303aa6b?s=96&d=mm&r=g","url":"https:\/\/secure.gravatar.com\/avatar\/e0a867bdedb85fd243eadf09663511f96fc81e0720a4a42581f334ad4303aa6b?s=96&d=mm&r=g","contentUrl":"https:\/\/secure.gravatar.com\/avatar\/e0a867bdedb85fd243eadf09663511f96fc81e0720a4a42581f334ad4303aa6b?s=96&d=mm&r=g","caption":"Reda\u00e7\u00e3o"}}]}},"amp_enabled":true,"_links":{"self":[{"href":"https:\/\/www.notibras.com\/site\/wp-json\/wp\/v2\/posts\/349224","targetHints":{"allow":["GET"]}}],"collection":[{"href":"https:\/\/www.notibras.com\/site\/wp-json\/wp\/v2\/posts"}],"about":[{"href":"https:\/\/www.notibras.com\/site\/wp-json\/wp\/v2\/types\/post"}],"author":[{"embeddable":true,"href":"https:\/\/www.notibras.com\/site\/wp-json\/wp\/v2\/users\/2"}],"replies":[{"embeddable":true,"href":"https:\/\/www.notibras.com\/site\/wp-json\/wp\/v2\/comments?post=349224"}],"version-history":[{"count":1,"href":"https:\/\/www.notibras.com\/site\/wp-json\/wp\/v2\/posts\/349224\/revisions"}],"predecessor-version":[{"id":349226,"href":"https:\/\/www.notibras.com\/site\/wp-json\/wp\/v2\/posts\/349224\/revisions\/349226"}],"wp:featuredmedia":[{"embeddable":true,"href":"https:\/\/www.notibras.com\/site\/wp-json\/wp\/v2\/media\/349225"}],"wp:attachment":[{"href":"https:\/\/www.notibras.com\/site\/wp-json\/wp\/v2\/media?parent=349224"}],"wp:term":[{"taxonomy":"category","embeddable":true,"href":"https:\/\/www.notibras.com\/site\/wp-json\/wp\/v2\/categories?post=349224"},{"taxonomy":"post_tag","embeddable":true,"href":"https:\/\/www.notibras.com\/site\/wp-json\/wp\/v2\/tags?post=349224"}],"curies":[{"name":"wp","href":"https:\/\/api.w.org\/{rel}","templated":true}]}}