{"id":349250,"date":"2025-03-03T00:09:05","date_gmt":"2025-03-03T03:09:05","guid":{"rendered":"https:\/\/www.notibras.com\/site\/?p=349250"},"modified":"2025-03-03T07:50:45","modified_gmt":"2025-03-03T10:50:45","slug":"bloco-das-montadas-leva-diversidade-ao-centro-politico","status":"publish","type":"post","link":"https:\/\/www.notibras.com\/site\/bloco-das-montadas-leva-diversidade-ao-centro-politico\/","title":{"rendered":"Bloco das Montadas leva diversidade ao centro pol\u00edtico"},"content":{"rendered":"<p>\u201cA gente fincou a bandeira da diversidade no cora\u00e7\u00e3o do poder pol\u00edtico aqui em Bras\u00edlia\u201d, comemora Ruth Venceremos, dirigente e idealizadora do Bloco das Montadas, que neste domingo lotou o estacionamento do Museu Nacional da Rep\u00fablica, na Esplanada dos Minist\u00e9rios, em Bras\u00edlia.<\/p>\n<p>Criado em 2018, o bloco que homenageia as drag queens de todo o pa\u00eds este ano integrou a programa\u00e7\u00e3o oficial do carnaval do governo do Distrito Federal, e trouxe como tema os ritmos do Brasil, \u201cpara mostrar essa diversidade que \u00e9 a m\u00fasica, e a pot\u00eancia do povo brasileiro\u201d, destaca Ruth.<\/p>\n<p>Com shows de artistas como Tati Quebra Barraco, Aretuza Lovi, Romero Ferro e Ane \u00caoketu, a folia acontece at\u00e9 21 horas, com uma programa\u00e7\u00e3o que ter\u00e1 apresenta\u00e7\u00e3o da bateria da escola de samba Capela Imperial, al\u00e9m dos Djs Ella Nasser e Patty Peronti.<\/p>\n<p>E este ano, a grande novidade \u00e9 a apresenta\u00e7\u00e3o da Banda das Montadas, integrada somente por artistas drags.<\/p>\n<p>\u201cA gente fez um processo de audi\u00e7\u00e3o, no qual convidamos diversas drag queens que cantam, trouxemos um j\u00fari t\u00e9cnico para avaliar as melhores e selecionamos pessoas maravilhosas para agitar o carnaval.\u201d<\/p>\n<p>E o p\u00fablico aprovou a programa\u00e7\u00e3o desta edi\u00e7\u00e3o. O casal Andr\u00e9 e Arthur Monteiro que h\u00e1 quatro anos vivem juntos n\u00e3o perdem a oportunidade de curtirem juntos toda essa diversidade. \u201c\u00c9 um bloco j\u00e1 tradicional, pra gente, pra Bras\u00edlia, que a gente sempre veio. \u00c9 um bloco grande para a comunidade LGBT, respeitoso e bem localizado\u201d, ressalta Arthur.<\/p>\n<p>E foi para viver essa experi\u00eancia pela primeira vez que a assistente de projetos Jack Pereira escolheu o Bloco das Montadas para brincar o carnaval. \u201cNo meu trabalho eu sou \u00fanica pessoa trans, ent\u00e3o, eu acho muito importante ter esses espa\u00e7os em que a gente pode representar a nossa comunidade. Isso \u00e9 muito bonito e \u00e9 muito importante que a gente tenha um bloco nosso\u201d, diz.<\/p>\n<p>A drag queen Nelson Borges, estudante de enfermagem, destaca que mais que um espa\u00e7o para curtir a folia do Momo, o bloco tamb\u00e9m \u00e9 uma oportunidade de reflex\u00e3o. \u201cN\u00f3s somos o pa\u00eds com a maior popula\u00e7\u00e3o LGBT do mundo, mas, em contraste, o pa\u00eds que mais mata as pessoas dessa comunidade\u201d, destaca.<\/p>\n<p>Para ela, \u00e9 preciso aproveitar esses espa\u00e7os para debater, assumir posi\u00e7\u00f5es e refletir sobre a diversidade. \u201cVoc\u00ea vem pra se divertir, ver o close, mas tamb\u00e9m tem que ver a luta por tr\u00e1s disso\u201d, refor\u00e7a.<\/p>\n<p>O bloco, que em 2024 reuniu cerca de 60 mil foli\u00f5es, este ano espera atrair ainda mais pessoas com a tradi\u00e7\u00e3o que j\u00e1 se consolidou em Bras\u00edlia. \u201cA gente \u00e9 a maior alegria do carnaval, tanto que o Bloco das Montadas \u00e9 o maior desde 2018\u201d, comemora otimista a drag queen Enilson Ferreira Bastos.<\/p>\n<p>Al\u00e9m do Bloco das Montadas, este domingo, o carnaval do Distrito Federal teve programa\u00e7\u00e3o tamb\u00e9m no circuito Gran Folia, pr\u00f3ximo \u00e0 Rodovi\u00e1ria central; na Plataforma da Diversidade, no Eixo Ibero-Americano e no Setor Carnavalesco Sul, no Setor Comercial. Nas cidades sat\u00e9lites, teve programa\u00e7\u00e3o carnavalesca em \u00c1guas Claras, Ceil\u00e2ndia, Taguatinga e Sobradinho.<\/p>\n<p>Com transporte p\u00fablico gratuito em todo o Distrito Federal at\u00e9 a ter\u00e7a-feira (4), a folia se estende com a programa\u00e7\u00e3o de P\u00f3s-Carnaval, nos dias 8, 9, 15 e 16 de mar\u00e7o.<\/p>\n<p><strong>Confira as atra\u00e7\u00f5es de segunda-feira, 3 de mar\u00e7o<\/strong>:<\/p>\n<p>Bloco DesMai\u00f4<\/p>\n<p>Hor\u00e1rio: 12h \u00e0s 18h<\/p>\n<p>Local: Galeria dos Estados<\/p>\n<p>Bloco das Divinas Tetas<\/p>\n<p>Hor\u00e1rio: 12h \u00e0s 20h<\/p>\n<p>Local: Museu Nacional da Rep\u00fablica<\/p>\n<p>Bloco Deficiente \u00e9 a M\u00e3e<\/p>\n<p>Hor\u00e1rio: 13h \u00e0s 18h<\/p>\n<p>Local: Feira da Torre de Bras\u00edlia<\/p>\n<p>Baratona 2025<\/p>\n<p>Hor\u00e1rio: 13h \u00e0s 20h30<\/p>\n<p>Local: Estacionamento 12 do Parque da Cidade<\/p>\n<p>Bloco Pagod\u00e3o Delas<\/p>\n<p>Hor\u00e1rio: 14h \u00e0s 18h<\/p>\n<p>Local: Setor Comercial Sul<\/p>\n<p>Bloco do Amor<\/p>\n<p>Hor\u00e1rio: 14h \u00e0s 20h<\/p>\n<p>Local: Via S2, atr\u00e1s do Museu da Rep\u00fablica<\/p>\n<p>Bloco Brilho, Cor &amp; Som<\/p>\n<p>Hor\u00e1rio: 14h \u00e0s 22h<\/p>\n<p>Local: Rua do Lazer, \u00c1guas Claras<\/p>\n<p>Bloco Samba Flores<\/p>\n<p>Hor\u00e1rio: 16h \u00e0s 23h<\/p>\n<p>Local: Estacionamento ao lado da Administra\u00e7\u00e3o Regional do Riacho Fundo<\/p>\n<p>Galinho de Bras\u00edlia<\/p>\n<p>Hor\u00e1rio: 16h \u00e0s 22h<\/p>\n<p>Local: Gran Folia, Esplanada dos Minist\u00e9rios<\/p>\n","protected":false},"excerpt":{"rendered":"<p>\u201cA gente fincou a bandeira da diversidade no cora\u00e7\u00e3o do poder pol\u00edtico aqui em Bras\u00edlia\u201d, comemora Ruth Venceremos, dirigente e idealizadora do Bloco das Montadas, que neste domingo lotou o estacionamento do Museu Nacional da Rep\u00fablica, na Esplanada dos Minist\u00e9rios, em Bras\u00edlia. Criado em 2018, o bloco que homenageia as drag queens de todo o [&hellip;]<\/p>\n","protected":false},"author":2,"featured_media":349251,"comment_status":"closed","ping_status":"closed","sticky":false,"template":"","format":"standard","meta":{"_acf_changed":false,"footnotes":""},"categories":[161],"tags":[],"class_list":["post-349250","post","type-post","status-publish","format-standard","has-post-thumbnail","hentry","category-quadradinho-em-foco"],"acf":[],"_links":{"self":[{"href":"https:\/\/www.notibras.com\/site\/wp-json\/wp\/v2\/posts\/349250","targetHints":{"allow":["GET"]}}],"collection":[{"href":"https:\/\/www.notibras.com\/site\/wp-json\/wp\/v2\/posts"}],"about":[{"href":"https:\/\/www.notibras.com\/site\/wp-json\/wp\/v2\/types\/post"}],"author":[{"embeddable":true,"href":"https:\/\/www.notibras.com\/site\/wp-json\/wp\/v2\/users\/2"}],"replies":[{"embeddable":true,"href":"https:\/\/www.notibras.com\/site\/wp-json\/wp\/v2\/comments?post=349250"}],"version-history":[{"count":1,"href":"https:\/\/www.notibras.com\/site\/wp-json\/wp\/v2\/posts\/349250\/revisions"}],"predecessor-version":[{"id":349252,"href":"https:\/\/www.notibras.com\/site\/wp-json\/wp\/v2\/posts\/349250\/revisions\/349252"}],"wp:featuredmedia":[{"embeddable":true,"href":"https:\/\/www.notibras.com\/site\/wp-json\/wp\/v2\/media\/349251"}],"wp:attachment":[{"href":"https:\/\/www.notibras.com\/site\/wp-json\/wp\/v2\/media?parent=349250"}],"wp:term":[{"taxonomy":"category","embeddable":true,"href":"https:\/\/www.notibras.com\/site\/wp-json\/wp\/v2\/categories?post=349250"},{"taxonomy":"post_tag","embeddable":true,"href":"https:\/\/www.notibras.com\/site\/wp-json\/wp\/v2\/tags?post=349250"}],"curies":[{"name":"wp","href":"https:\/\/api.w.org\/{rel}","templated":true}]}}