{"id":349255,"date":"2025-03-03T00:01:18","date_gmt":"2025-03-03T03:01:18","guid":{"rendered":"https:\/\/www.notibras.com\/site\/?p=349255"},"modified":"2025-03-03T08:03:13","modified_gmt":"2025-03-03T11:03:13","slug":"carnaval-propoe-mistura-de-ritmos-e-ocupacao-de-espacos-publicos","status":"publish","type":"post","link":"https:\/\/www.notibras.com\/site\/carnaval-propoe-mistura-de-ritmos-e-ocupacao-de-espacos-publicos\/","title":{"rendered":"Carnaval prop\u00f5e mistura de ritmos e ocupa\u00e7\u00e3o de espa\u00e7os p\u00fablicos"},"content":{"rendered":"<p>\u00c9 de misturas que a identidade \u00e9 constru\u00edda no carnaval do Distrito Federal, a jovem capital do pa\u00eds de 64 anos. Tanto em sons quanto em cen\u00e1rios. Identidade singular, mas aberta a plurais influ\u00eancias. Um exemplo dessa face m\u00faltipla foi uma das primeiras atra\u00e7\u00f5es da folia, o bloco Aparelhinho, no Setor Banc\u00e1rio Sul, no s\u00e1bado (1\u00ba), que come\u00e7ou pela manh\u00e3 e entrou pela madrugada.<\/p>\n<p>\u201cA gente toca frevos, marchinhas e sambas, mas vamos tamb\u00e9m de m\u00fasica eletr\u00f4nica brasileira, africana, dos balc\u00e3s\u2026\u201d, afirma um dos idealizadores do Aparelhinho, Rodrigo Barata.<\/p>\n<p>No meio da mescla, de atra\u00e7\u00e3o tradicional e eletr\u00f4nica, o encontro tem o ritmo de ideais que ele chama de \u201cpol\u00edticos\u201d.<\/p>\n<p>A gente \u00e9 DJ e queria criar um carnaval democr\u00e1tico na rua, perto da rodovi\u00e1ria e gratuito\u201d. Quem sabe, assim, convencer outras pessoas a n\u00e3o procurar outros destinos nos dias da folia.<\/p>\n<p>Para ele, a identidade foli\u00e3 de Bras\u00edlia est\u00e1 em constru\u00e7\u00e3o. \u201cOs blocos de Bras\u00edlia est\u00e3o formando essa cultura. N\u00e3o s\u00e3o apenas ritmos tradicionais, mas tamb\u00e9m os do Brasil profundo, como o piseiro e o brega funk\u201d, avalia o brasiliense.<\/p>\n<p><strong>Interven\u00e7\u00e3o<\/strong><br \/>\nPara a professora de arquitetura e urbanismo Maria Fernanda Derntl, pesquisadora da Universidade de Bras\u00edlia (UnB), o per\u00edodo carnavalesco apresenta-se como uma verdadeira interven\u00e7\u00e3o urbana por parte dos moradores diante da possibilidade de ocupar os espa\u00e7os dessa cidade ainda t\u00e3o nova.<\/p>\n<p>\u201cO carnaval est\u00e1 ajudando a construir uma identidade para a cidade. As manifesta\u00e7\u00f5es de carnaval s\u00e3o aquelas que podemos entender como culturais. Alguns urbanistas falam j\u00e1 agora n\u00e3o s\u00f3 no direito \u00e0 cidade, como o direito \u00e0 folia\u201d, explica a professora.<\/p>\n<p>A pr\u00f3pria transforma\u00e7\u00e3o dos espa\u00e7os \u00e9, no entender da pesquisadora, elemento de preserva\u00e7\u00e3o da mem\u00f3ria. \u201cO Estado deve reconhecer esse direito ao uso dos espa\u00e7os e ao pr\u00f3prio direito \u00e0 folia. Os governantes precisam criar modos de gerir a festa sem acabar com a natureza carnavalesca\u201d.<\/p>\n<p><strong>Tens\u00f5es<\/strong><br \/>\nPor isso, no caso de Bras\u00edlia, segundo avalia Maria Fernanda Derntl, \u00e9 necess\u00e1rio fortalecer pol\u00edticas p\u00fablicas de carnaval, equipamentos para que isso pudesse acontecer. \u201cH\u00e1 tens\u00f5es naturais no espa\u00e7o p\u00fablico\u201d. Assim \u00e9 o caso do Distrito Federal, em que moradores de quadras residenciais venceram a queda de bra\u00e7o em rela\u00e7\u00e3o a blocos tradicionais acostumados a come\u00e7ar a festa na pr\u00f3pria vizinhan\u00e7a.<\/p>\n<p>Neste ano, o governo local criou tr\u00eas \u201cterrit\u00f3rios\u201d para a folia. O Galinho de Bras\u00edlia, de 33 anos de hist\u00f3ria, por exemplo, neste ano, pela primeira vez sai \u201clonge de casa\u201d, em uma quadra na Asa Sul. Em 2025, o bloco vai levar frevo para a Esplanada dos Minist\u00e9rios na segunda-feira a tarde.<\/p>\n<p>Mas a novidade foi motivo de lamenta\u00e7\u00e3o do presidente do bloco, o pernambucano Romildo Carvalho, radicado em Bras\u00edlia h\u00e1 mais de cinco d\u00e9cadas.<\/p>\n<p>Para ele, o espa\u00e7o excessivamente aberto pode n\u00e3o ser positivo para a ac\u00fastica da orquestra de 30 m\u00fasicos do bloco.<\/p>\n<p>\u201cO frevo normalmente depende dessa ac\u00fastica. Tem instrumentos de sopro. Essa mudan\u00e7a traz uma preocupa\u00e7\u00e3o porque o som se perde muito. Quem faz carnaval \u00e9 o povo\u201d, diz Carvalho.<\/p>\n<p>Segundo a urbanista Maria Fernanda Derntl, as diferentes cidades t\u00eam testado, com erros e acertos, diferentes modelos de gest\u00e3o do carnaval. Ela diz que, em princ\u00edpio, deve ser reconhecido o direito ao uso da cidade e propiciar esse caminho de servi\u00e7os p\u00fablicos at\u00e9 com protocolos especiais para servi\u00e7os de limpeza e de transporte.<\/p>\n<p>O governo do Distrito Federal explicou em publica\u00e7\u00e3o que o carnaval ter\u00e1 tr\u00eas territ\u00f3rios \u201cpara garantir um Carnaval mais organizado e seguro\u201d.<\/p>\n<p><strong>&#8220;Seguran\u00e7a&#8221;<\/strong><br \/>\nPara os quatro dias de carnaval foram criados o espa\u00e7o \u201cGran Folia\u201d, na Esplanada dos Minist\u00e9rios, o \u201cSetor Carnavalesco Sul\u201d, no Setor Comercial Sul, e a \u201cPlataforma da Diversidade\u201d, no estacionamento do Eixo Cultural Ibero-americano.<\/p>\n<p>A secretaria de cultura alega que, com os tr\u00eas \u201cterrit\u00f3rios\u201d, servi\u00e7os s\u00e3o otimizados, o que garante o refor\u00e7o do policiamento, \u201cfortalecendo a nossa tradi\u00e7\u00e3o carnavalesca\u201d.<\/p>\n<p>Nem todos os foli\u00f5es brasilienses aderem ao carnaval setorizado, conforme demarcado pelo governo local. \u201c\u00c9 um carnaval que n\u00e3o \u00e9 org\u00e2nico. Deve servir para algum produtor ganhar dinheiro\u201d, critica o jornalista Manuel Carlos Montenegro que prefere h\u00e1 anos curtir a folia com sua fam\u00edlia no bloco \u201cVai quem fica\u201d.<\/p>\n<p>J\u00e1 tradicional no Plano Piloto, o bloco foge da marca\u00e7\u00e3o fixada pelo Governo do Distrito Federal. Horas antes de sair em quadras residenciais da Asa Norte neste s\u00e1bado (1\u00ba), o bloco divulgou um poema que de forma cifrada sugeria o local de concentra\u00e7\u00e3o.<\/p>\n<p>Montenegro defende que a estrat\u00e9gia \u00e9 necess\u00e1ria para o Vai quem fica continuar circulando no carnaval. \u201cQueriam acabar com todos os blocos, que chamam de \u2018clandestinos\u2019. Como se fosse uma coisa ilegal juntar amigos e tocar m\u00fasica durante o carnaval.\u201d<\/p>\n","protected":false},"excerpt":{"rendered":"<p>\u00c9 de misturas que a identidade \u00e9 constru\u00edda no carnaval do Distrito Federal, a jovem capital do pa\u00eds de 64 anos. Tanto em sons quanto em cen\u00e1rios. Identidade singular, mas aberta a plurais influ\u00eancias. Um exemplo dessa face m\u00faltipla foi uma das primeiras atra\u00e7\u00f5es da folia, o bloco Aparelhinho, no Setor Banc\u00e1rio Sul, no s\u00e1bado [&hellip;]<\/p>\n","protected":false},"author":2,"featured_media":349256,"comment_status":"closed","ping_status":"closed","sticky":false,"template":"","format":"standard","meta":{"_acf_changed":false,"footnotes":""},"categories":[161],"tags":[],"class_list":["post-349255","post","type-post","status-publish","format-standard","has-post-thumbnail","hentry","category-quadradinho-em-foco"],"acf":[],"_links":{"self":[{"href":"https:\/\/www.notibras.com\/site\/wp-json\/wp\/v2\/posts\/349255","targetHints":{"allow":["GET"]}}],"collection":[{"href":"https:\/\/www.notibras.com\/site\/wp-json\/wp\/v2\/posts"}],"about":[{"href":"https:\/\/www.notibras.com\/site\/wp-json\/wp\/v2\/types\/post"}],"author":[{"embeddable":true,"href":"https:\/\/www.notibras.com\/site\/wp-json\/wp\/v2\/users\/2"}],"replies":[{"embeddable":true,"href":"https:\/\/www.notibras.com\/site\/wp-json\/wp\/v2\/comments?post=349255"}],"version-history":[{"count":1,"href":"https:\/\/www.notibras.com\/site\/wp-json\/wp\/v2\/posts\/349255\/revisions"}],"predecessor-version":[{"id":349257,"href":"https:\/\/www.notibras.com\/site\/wp-json\/wp\/v2\/posts\/349255\/revisions\/349257"}],"wp:featuredmedia":[{"embeddable":true,"href":"https:\/\/www.notibras.com\/site\/wp-json\/wp\/v2\/media\/349256"}],"wp:attachment":[{"href":"https:\/\/www.notibras.com\/site\/wp-json\/wp\/v2\/media?parent=349255"}],"wp:term":[{"taxonomy":"category","embeddable":true,"href":"https:\/\/www.notibras.com\/site\/wp-json\/wp\/v2\/categories?post=349255"},{"taxonomy":"post_tag","embeddable":true,"href":"https:\/\/www.notibras.com\/site\/wp-json\/wp\/v2\/tags?post=349255"}],"curies":[{"name":"wp","href":"https:\/\/api.w.org\/{rel}","templated":true}]}}