{"id":349291,"date":"2025-03-04T09:08:50","date_gmt":"2025-03-04T12:08:50","guid":{"rendered":"https:\/\/www.notibras.com\/site\/?p=349291"},"modified":"2025-03-04T09:08:50","modified_gmt":"2025-03-04T12:08:50","slug":"namoricos-puladas-de-cerca-e-outras-coisitas-geram-intrigas-em-familia","status":"publish","type":"post","link":"https:\/\/www.notibras.com\/site\/namoricos-puladas-de-cerca-e-outras-coisitas-geram-intrigas-em-familia\/","title":{"rendered":"Namoricos, puladas de cerca e outras coisitas geram intrigas em fam\u00edlia"},"content":{"rendered":"<p>Alo\u00edsio, meu irm\u00e3o mais novo, \u00e9 do tipo que se acha o \u00faltimo biscoito do pacote. Mam\u00e3e tem l\u00e1 sua parcela de culpa, j\u00e1 que, at\u00e9 seu \u00faltimo suspiro, enalteceu as qualidades, todas ausentes, do primog\u00eanito.<\/p>\n<p>\u2014 Parece um pr\u00edncipe!<\/p>\n<p>\u2014 Mam\u00e3e, o Alo\u00edsio t\u00e1 mais pra sapo.<\/p>\n<p>\u2014 Ah, Rosana, voc\u00ea sempre de implic\u00e2ncia com seu irm\u00e3o.<\/p>\n<p>\u2014 Daqui a pouco, a senhora vai querer falar que ele \u00e9 um novo Einstein.<\/p>\n<p>\u2014 Te peguei! Lembra quando o seu irm\u00e3o ganhou uma estrelinha da professora de ci\u00eancias?<\/p>\n<p>\u2014 Mam\u00e3e, isso foi no jardim de inf\u00e2ncia, e todos os alunos ganharam por plantar feij\u00e3o em algod\u00e3o.<\/p>\n<p>Que saudade da minha velha, mesmo que ela me irritasse tanto com tamanha bajula\u00e7\u00e3o. Mas n\u00e3o entenda mal, pois gosto muito do traste do Alo\u00edsio. Um ego\u00edsta, que, no entanto, consegue, de vez em quando, desviar os olhos do pr\u00f3prio umbigo e escutar minhas lam\u00farias, que s\u00e3o deveras extensas, ainda mais depois que me separei.<\/p>\n<p>\u2014 Que cretino!<\/p>\n<p>\u2014 Totalmente, Alo\u00edsio.<\/p>\n<p>\u2014 Como \u00e9 que aquele calhorda foi fazer isso com voc\u00ea?<\/p>\n<p>\u2014 At\u00e9 agora n\u00e3o entendo, meu irm\u00e3ozinho querido.<\/p>\n<p>\u2014 Cafajeste!<\/p>\n<p>Tais palavras n\u00e3o conseguiram apaziguar por completo a dor dilacerante que senti quando Marco Ant\u00f4nio saiu de casa para viver uma vida, digamos, mundana. N\u00e3o que eu tamb\u00e9m n\u00e3o tivesse meus flertes, ainda mais depois de quase dez anos de casamento. Entretanto, jamais permiti que uma pulada de cerca fosse motivo para terminar um relacionamento que tinha tudo para dar certo por, v\u00e1 l\u00e1, mais uma d\u00e9cada.<\/p>\n<p>N\u00e3o sei se meu ex-marido soube dos beijos furtivos que dei, j\u00e1 que discri\u00e7\u00e3o sempre fez parte da minha conduta. Alo\u00edsio, por sua vez, puxou o lado da fam\u00edlia de mam\u00e3e, cujo irm\u00e3o, tio Cl\u00e1udio, \u00e9 o mais not\u00f3rio representante. O sujeito, al\u00e9m de cinco casamentos nas costas, sem contar os in\u00fameros casos, espalhou sua semente pelos quatro ventos. N\u00e3o \u00e0 toa, sempre tomei o maior cuidado para n\u00e3o topar com um primo na balada.<\/p>\n<p>Minha m\u00e3e, talvez cansada de decorar nome das mulheres do irm\u00e3o, certa vez, chegou a desabafar comigo.<\/p>\n<p>\u2014 Ah, Rosana, t\u00f4 completamente perdida com essas namoradas do seu tio.<\/p>\n<p>\u2014 Por qu\u00ea?<\/p>\n<p>\u2014 Num sei quem \u00e9 Carla, Judite ou M\u00e1rcia. O Cl\u00e1udio arrumou at\u00e9 uma Creuza.<\/p>\n<p>\u2014 Mam\u00e3e, o tio Cl\u00e1udio n\u00e3o fica constrangido?<\/p>\n<p>\u2014 Fica nada, menina! Por pior que seja a vergonha, o maior constrangimento do seu tio sempre ser\u00e1 o pr\u00f3ximo.<\/p>\n<p>&#8230;&#8230;&#8230;&#8230;&#8230;&#8230;&#8230;&#8230;&#8230;&#8230;&#8230;&#8230;&#8230;..<\/p>\n<p><strong>Eduardo Mart\u00ednez \u00e9 autor do livro 57 Contos e Cr\u00f4nicas por um Autor Muito Velho\u2019<\/strong><\/p>\n<p>Compre aqui\u00a0<span class=\"x19la9d6 x1fc57z9 x6ikm8r x10wlt62 x19co3pv x1g5zs5t xfibh0p xiy17q3 x1xsqp64 x1lkfr7t xexx8yu x4uap5 x18d9i69 xkhd6sd\"><span class=\"xrtxmta x1bhl96m\"><img decoding=\"async\" class=\"emoji\" role=\"img\" draggable=\"false\" src=\"https:\/\/s.w.org\/images\/core\/emoji\/15.0.3\/svg\/1f447-1f3ff.svg\" alt=\"&#x1f447;&#x1f3ff;\" \/><\/span><\/span><\/p>\n<p><a href=\"https:\/\/www.joanineditora.com.br\/57-contos-e-cronicas-por-um-autor-muito-velho\">https:\/\/www.joanineditora.com.br\/57-contos-e-cronicas-por-um-autor-muito-velho<\/a><\/p>\n","protected":false},"excerpt":{"rendered":"<p>Alo\u00edsio, meu irm\u00e3o mais novo, \u00e9 do tipo que se acha o \u00faltimo biscoito do pacote. Mam\u00e3e tem l\u00e1 sua parcela de culpa, j\u00e1 que, at\u00e9 seu \u00faltimo suspiro, enalteceu as qualidades, todas ausentes, do primog\u00eanito. \u2014 Parece um pr\u00edncipe! \u2014 Mam\u00e3e, o Alo\u00edsio t\u00e1 mais pra sapo. \u2014 Ah, Rosana, voc\u00ea sempre de implic\u00e2ncia [&hellip;]<\/p>\n","protected":false},"author":2,"featured_media":349292,"comment_status":"closed","ping_status":"closed","sticky":false,"template":"","format":"standard","meta":{"_acf_changed":false,"footnotes":""},"categories":[161],"tags":[],"class_list":["post-349291","post","type-post","status-publish","format-standard","has-post-thumbnail","hentry","category-quadradinho-em-foco"],"acf":[],"_links":{"self":[{"href":"https:\/\/www.notibras.com\/site\/wp-json\/wp\/v2\/posts\/349291","targetHints":{"allow":["GET"]}}],"collection":[{"href":"https:\/\/www.notibras.com\/site\/wp-json\/wp\/v2\/posts"}],"about":[{"href":"https:\/\/www.notibras.com\/site\/wp-json\/wp\/v2\/types\/post"}],"author":[{"embeddable":true,"href":"https:\/\/www.notibras.com\/site\/wp-json\/wp\/v2\/users\/2"}],"replies":[{"embeddable":true,"href":"https:\/\/www.notibras.com\/site\/wp-json\/wp\/v2\/comments?post=349291"}],"version-history":[{"count":1,"href":"https:\/\/www.notibras.com\/site\/wp-json\/wp\/v2\/posts\/349291\/revisions"}],"predecessor-version":[{"id":349293,"href":"https:\/\/www.notibras.com\/site\/wp-json\/wp\/v2\/posts\/349291\/revisions\/349293"}],"wp:featuredmedia":[{"embeddable":true,"href":"https:\/\/www.notibras.com\/site\/wp-json\/wp\/v2\/media\/349292"}],"wp:attachment":[{"href":"https:\/\/www.notibras.com\/site\/wp-json\/wp\/v2\/media?parent=349291"}],"wp:term":[{"taxonomy":"category","embeddable":true,"href":"https:\/\/www.notibras.com\/site\/wp-json\/wp\/v2\/categories?post=349291"},{"taxonomy":"post_tag","embeddable":true,"href":"https:\/\/www.notibras.com\/site\/wp-json\/wp\/v2\/tags?post=349291"}],"curies":[{"name":"wp","href":"https:\/\/api.w.org\/{rel}","templated":true}]}}