{"id":349300,"date":"2025-03-04T14:07:33","date_gmt":"2025-03-04T17:07:33","guid":{"rendered":"https:\/\/www.notibras.com\/site\/?p=349300"},"modified":"2025-03-04T14:07:33","modified_gmt":"2025-03-04T17:07:33","slug":"barreiras-sedia-o-maior-carnaval-do-interior-baiano","status":"publish","type":"post","link":"https:\/\/www.notibras.com\/site\/barreiras-sedia-o-maior-carnaval-do-interior-baiano\/","title":{"rendered":"Barreiras sedia o maior carnaval do interior baiano"},"content":{"rendered":"<p>Um dos maiores e mais tradicionais carnavais do interior da Bahia acontece em Barreiras. A cidade recebe cerca de 300 mil foli\u00f5es do Oeste Baiano, Piau\u00ed, Tocantins, Goi\u00e1s e Bras\u00edlia, que se divertem em tr\u00eas circuitos.<\/p>\n<p>O mais agitado \u00e9 o Aguinaldo Pereira, montado na BR-242. Por uma extens\u00e3o de dois quil\u00f4metros, passam os trios el\u00e9tricos com atra\u00e7\u00f5es nacionais, que promovem uma verdadeira maratona de ax\u00e9, pagode, arrocha e outros ritmos.<\/p>\n<p>J\u00e1 o Circuito Z\u00e9 de Hermes, no Centro Hist\u00f3rico da cidade, resgata a ess\u00eancia dos antigos carnavais. Blocos tradicionais, bailes de sal\u00e3o, apresenta\u00e7\u00f5es de fanfarras, orquestras e grupos de percuss\u00e3o garantem um ambiente familiar. Marchinhas e cl\u00e1ssicos do samba embalam os foli\u00f5es em uma experi\u00eancia nost\u00e1lgica e animada.<\/p>\n<p>O Bloco da Rola \u00e9 um dos mais tradicionais e completa 55 anos. Segundo a diretora, Carla Macedo, o bloco arrasta uma multid\u00e3o formada por gente de diferentes gera\u00e7\u00f5es.<\/p>\n<p>&#8220;\u00c9 um bloco que possui uma m\u00fasica pr\u00f3pria, n\u00e9? Uma m\u00fasica que \u00e9 cantada pelos foli\u00f5es, com muita alegria. &#8216;Olha a rola, olha a rola, olha a rola, fogo pagou&#8217;. E essa m\u00fasica explica o nome do bloco, n\u00e9? Que faz refer\u00eancia a um p\u00e1ssaro e tamb\u00e9m que faz refer\u00eancia \u00e0 liberdade, ao respeito \u00e0s diferen\u00e7as. Ent\u00e3o, o bloco tem toda essa ideia de democracia. \u00c9 um bloco lindo (&#8230;) O bloco diz n\u00e3o a todo tipo de preconceito, ent\u00e3o \u00e9 essa mensagem que o bloco leva. A mensagem da alegria, a mensagem do n\u00e3o preconceito, a mensagem da folia com respeito \u00e0s diferen\u00e7as&#8221;.<\/p>\n<p>O secret\u00e1rio de cultura de Barreiras, Virgulino de Lima Pinto, diz que o carnaval est\u00e1 ligado \u00e0 pr\u00f3pria hist\u00f3ria da cidade.<\/p>\n<p>&#8220;Barreiras tem 133 anos e o nosso carnaval \u00e9 um carnaval centen\u00e1rio. Desde a \u00e9poca dos clubes, dos carros aleg\u00f3ricos, que faziam uma disputa. Era muito acirrada a disputa para saber qual era o carro melhor, mais bonito, qual era o clube que fazia a festa mais bonita. Ent\u00e3o, assim, o carnaval realmente \u00e9 um carnaval centen\u00e1rio&#8221;.<\/p>\n<p>Atualmente, al\u00e9m de movimentar o turismo, a festa aquece a economia local, impulsionando setores como com\u00e9rcio, hotelaria e gastronomia. A grande novidade deste ano \u00e9 o Circuito Rio de Ondas, que acontece durante o dia no balne\u00e1rio Tr\u00eas Bocas. Com um palco montado \u00e0s margens do rio, o espa\u00e7o oferece uma alternativa para quem deseja curtir o carnaval em meio \u00e0 natureza, em um dos cen\u00e1rios mais belos do Oeste Baiano.<\/p>\n","protected":false},"excerpt":{"rendered":"<p>Um dos maiores e mais tradicionais carnavais do interior da Bahia acontece em Barreiras. A cidade recebe cerca de 300 mil foli\u00f5es do Oeste Baiano, Piau\u00ed, Tocantins, Goi\u00e1s e Bras\u00edlia, que se divertem em tr\u00eas circuitos. O mais agitado \u00e9 o Aguinaldo Pereira, montado na BR-242. Por uma extens\u00e3o de dois quil\u00f4metros, passam os trios [&hellip;]<\/p>\n","protected":false},"author":2,"featured_media":349301,"comment_status":"closed","ping_status":"closed","sticky":false,"template":"","format":"standard","meta":{"_acf_changed":false,"footnotes":""},"categories":[165],"tags":[],"class_list":["post-349300","post","type-post","status-publish","format-standard","has-post-thumbnail","hentry","category-nordeste"],"acf":[],"_links":{"self":[{"href":"https:\/\/www.notibras.com\/site\/wp-json\/wp\/v2\/posts\/349300","targetHints":{"allow":["GET"]}}],"collection":[{"href":"https:\/\/www.notibras.com\/site\/wp-json\/wp\/v2\/posts"}],"about":[{"href":"https:\/\/www.notibras.com\/site\/wp-json\/wp\/v2\/types\/post"}],"author":[{"embeddable":true,"href":"https:\/\/www.notibras.com\/site\/wp-json\/wp\/v2\/users\/2"}],"replies":[{"embeddable":true,"href":"https:\/\/www.notibras.com\/site\/wp-json\/wp\/v2\/comments?post=349300"}],"version-history":[{"count":1,"href":"https:\/\/www.notibras.com\/site\/wp-json\/wp\/v2\/posts\/349300\/revisions"}],"predecessor-version":[{"id":349302,"href":"https:\/\/www.notibras.com\/site\/wp-json\/wp\/v2\/posts\/349300\/revisions\/349302"}],"wp:featuredmedia":[{"embeddable":true,"href":"https:\/\/www.notibras.com\/site\/wp-json\/wp\/v2\/media\/349301"}],"wp:attachment":[{"href":"https:\/\/www.notibras.com\/site\/wp-json\/wp\/v2\/media?parent=349300"}],"wp:term":[{"taxonomy":"category","embeddable":true,"href":"https:\/\/www.notibras.com\/site\/wp-json\/wp\/v2\/categories?post=349300"},{"taxonomy":"post_tag","embeddable":true,"href":"https:\/\/www.notibras.com\/site\/wp-json\/wp\/v2\/tags?post=349300"}],"curies":[{"name":"wp","href":"https:\/\/api.w.org\/{rel}","templated":true}]}}