{"id":349326,"date":"2025-03-05T00:44:19","date_gmt":"2025-03-05T03:44:19","guid":{"rendered":"https:\/\/www.notibras.com\/site\/?p=349326"},"modified":"2025-03-05T19:19:46","modified_gmt":"2025-03-05T22:19:46","slug":"vereadores-fortalecem-acoes-das-camaras-municipais-da-paraiba","status":"publish","type":"post","link":"https:\/\/www.notibras.com\/site\/vereadores-fortalecem-acoes-das-camaras-municipais-da-paraiba\/","title":{"rendered":"Vereadores fortalecem a\u00e7\u00f5es das C\u00e2maras Municipais da Para\u00edba"},"content":{"rendered":"<p>O presidente da C\u00e2mara Municipal de Ba\u00eda da Trai\u00e7\u00e3o (CMBT), Ronaldo do Mel (Republicanos), decidiu abra\u00e7ar, em ato em Jo\u00e3o Pessoa, a funda\u00e7\u00e3o da Federa\u00e7\u00e3o das C\u00e2maras Municipais da Para\u00edba (Fecam-PB). &#8220;Estamos fazendo hist\u00f3ria. E a C\u00e2mara de Ba\u00eda da Trai\u00e7\u00e3o entra esta iniciativa importante, que objetiva fortalecer os Legislativos municipais&#8221;, avalia Ronaldo.<\/p>\n<p>A reuni\u00e3o para a cria\u00e7\u00e3o da Fecam paraibana ocorreu no audit\u00f3rio da Associa\u00e7\u00e3o de Plantadores de Cana da Para\u00edba (Asplan-PB), no Centro da capital paraibana e contou com a participa\u00e7\u00e3o de 15 presidentes de c\u00e2maras municipais. Al\u00e9m de Ba\u00eda da Trai\u00e7\u00e3o, est\u00e3o entre os pioneiros fundadores da nova entidade representativa os Poderes Legislativos dos munic\u00edpios de Cubati, Cuitegi de Mamanguape, Guarabira, Itaporanga, Lagoa de Dentro, Marca\u00e7\u00e3o, Olivedos, Pil\u00f5es, Pil\u00f5ezinhos, Pirpirituba, Sap\u00e9, Santa Luzia, Serraria e Soledade.<\/p>\n<p>Lembrando que a Fecam-PB re\u00fane os presidentes de c\u00e2maras municipais, Ronaldo tamb\u00e9m enfatiza a import\u00e2ncia do Poder Legislativo nos munic\u00edpios. &#8220;A vida acontece nos munic\u00edpios. E temos que fortalecer as c\u00e2maras municipais. N\u00f3s vereadores e presidentes temos que nos capacitar para, cada vez mais, garantir a qualidade de nosso trabalho para favorecer a popula\u00e7\u00e3o&#8221;.<\/p>\n<p>Com a cria\u00e7\u00e3o da Federa\u00e7\u00e3o que congrega os presidentes de c\u00e2maras, os Legislativos municipais v\u00e3o poder desenvolver cursos de capacita\u00e7\u00e3o para os vereadores, com a realiza\u00e7\u00e3o de parcerias, por exemplo, com o Tribunal de Contas do Estado (TCE), e incrementar conv\u00eanios, como o Interlegis, do Senado Federal. &#8220;Tudo come\u00e7a nos munic\u00edpios e o fortalecimento do Legislativo fortalece ainda mais o movimento municipalista. Presidentes de c\u00e2maras preparados e amparados por uma Federa\u00e7\u00e3o, melhoraremos nossas intera\u00e7\u00f5es com os prefeitos e com os governos estadual e federal&#8221;, prev\u00ea Ronaldo do Mel.<\/p>\n<p>Ap\u00f3s a funda\u00e7\u00e3o da entidade na manh\u00e3 desta quinta-feira, foi eleita uma diretoria provis\u00f3ria que ficar\u00e1 por seis meses \u00e0 frente da Fecam, quando ocorrer\u00e1 uma elei\u00e7\u00e3o definitiva (os mandatos ser\u00e3o de dois anos). At\u00e9 l\u00e1, outros encontros regionais ser\u00e3o feitos para atrair novos munic\u00edpios associados. A inten\u00e7\u00e3o \u00e9 ter a participa\u00e7\u00e3o das c\u00e2maras de vereadores dos 223 munic\u00edpios paraibanos.<\/p>\n<p>A reuni\u00e3o de cria\u00e7\u00e3o da Fecam-PB foi coordenada pelo advogado R\u00eamulo Barbosa, assessor jur\u00eddico da Federa\u00e7\u00e3o das Associa\u00e7\u00f5es de Munic\u00edpios da Paraiba (Famup). Tamb\u00e9m participaram do evento o presidente da Famup, George Coelho, e a diretora executiva (atuando como presidente) da Fecam do Rio Grande do Norte, Erineide S\u00e1.<\/p>\n","protected":false},"excerpt":{"rendered":"<p>O presidente da C\u00e2mara Municipal de Ba\u00eda da Trai\u00e7\u00e3o (CMBT), Ronaldo do Mel (Republicanos), decidiu abra\u00e7ar, em ato em Jo\u00e3o Pessoa, a funda\u00e7\u00e3o da Federa\u00e7\u00e3o das C\u00e2maras Municipais da Para\u00edba (Fecam-PB). &#8220;Estamos fazendo hist\u00f3ria. E a C\u00e2mara de Ba\u00eda da Trai\u00e7\u00e3o entra esta iniciativa importante, que objetiva fortalecer os Legislativos municipais&#8221;, avalia Ronaldo. A reuni\u00e3o [&hellip;]<\/p>\n","protected":false},"author":2,"featured_media":349327,"comment_status":"closed","ping_status":"closed","sticky":false,"template":"","format":"standard","meta":{"_acf_changed":false,"footnotes":""},"categories":[165],"tags":[],"class_list":["post-349326","post","type-post","status-publish","format-standard","has-post-thumbnail","hentry","category-nordeste"],"acf":[],"_links":{"self":[{"href":"https:\/\/www.notibras.com\/site\/wp-json\/wp\/v2\/posts\/349326","targetHints":{"allow":["GET"]}}],"collection":[{"href":"https:\/\/www.notibras.com\/site\/wp-json\/wp\/v2\/posts"}],"about":[{"href":"https:\/\/www.notibras.com\/site\/wp-json\/wp\/v2\/types\/post"}],"author":[{"embeddable":true,"href":"https:\/\/www.notibras.com\/site\/wp-json\/wp\/v2\/users\/2"}],"replies":[{"embeddable":true,"href":"https:\/\/www.notibras.com\/site\/wp-json\/wp\/v2\/comments?post=349326"}],"version-history":[{"count":2,"href":"https:\/\/www.notibras.com\/site\/wp-json\/wp\/v2\/posts\/349326\/revisions"}],"predecessor-version":[{"id":349407,"href":"https:\/\/www.notibras.com\/site\/wp-json\/wp\/v2\/posts\/349326\/revisions\/349407"}],"wp:featuredmedia":[{"embeddable":true,"href":"https:\/\/www.notibras.com\/site\/wp-json\/wp\/v2\/media\/349327"}],"wp:attachment":[{"href":"https:\/\/www.notibras.com\/site\/wp-json\/wp\/v2\/media?parent=349326"}],"wp:term":[{"taxonomy":"category","embeddable":true,"href":"https:\/\/www.notibras.com\/site\/wp-json\/wp\/v2\/categories?post=349326"},{"taxonomy":"post_tag","embeddable":true,"href":"https:\/\/www.notibras.com\/site\/wp-json\/wp\/v2\/tags?post=349326"}],"curies":[{"name":"wp","href":"https:\/\/api.w.org\/{rel}","templated":true}]}}