{"id":349342,"date":"2025-03-05T00:00:33","date_gmt":"2025-03-05T03:00:33","guid":{"rendered":"https:\/\/www.notibras.com\/site\/?p=349342"},"modified":"2025-03-05T03:44:58","modified_gmt":"2025-03-05T06:44:58","slug":"homem-e-preso-por-agredir-esposa-gravida-com-garrafa-em-matoes","status":"publish","type":"post","link":"https:\/\/www.notibras.com\/site\/homem-e-preso-por-agredir-esposa-gravida-com-garrafa-em-matoes\/","title":{"rendered":"Homem \u00e9 preso por agredir esposa gr\u00e1vida com garrafa em Mat\u00f5es"},"content":{"rendered":"<p>Na tarde desta ter\u00e7a-feira (4), a Pol\u00edcia Civil prendeu um homem de 45 anos acusado de agredir sua companheira, que est\u00e1 gr\u00e1vida de oito meses, em Mat\u00f5es, no Maranh\u00e3o.<\/p>\n<p>Segundo as investiga\u00e7\u00f5es, durante a madrugada, o suspeito, identificado pelas iniciais E.G.S., teve uma discuss\u00e3o com a v\u00edtima e, durante o confronto, tentou atac\u00e1-la com uma garrafa. Ao se defender, a mulher foi atingida no bra\u00e7o pelo gargalo do objeto, sofrendo um corte profundo.<\/p>\n<p>A v\u00edtima recebeu atendimento m\u00e9dico e foi encaminhada a um hospital em Timon, onde permanece sob cuidados devido ao risco de um parto prematuro, provocado pelo impacto emocional da agress\u00e3o.<\/p>\n<p>O agressor foi preso em flagrante e levado \u00e0 Delegacia de Mat\u00f5es. Posteriormente, ser\u00e1 transferido para o Pres\u00eddio Jorge Vieira, onde aguardar\u00e1 a audi\u00eancia de cust\u00f3dia.<\/p>\n","protected":false},"excerpt":{"rendered":"<p>Na tarde desta ter\u00e7a-feira (4), a Pol\u00edcia Civil prendeu um homem de 45 anos acusado de agredir sua companheira, que est\u00e1 gr\u00e1vida de oito meses, em Mat\u00f5es, no Maranh\u00e3o. Segundo as investiga\u00e7\u00f5es, durante a madrugada, o suspeito, identificado pelas iniciais E.G.S., teve uma discuss\u00e3o com a v\u00edtima e, durante o confronto, tentou atac\u00e1-la com uma [&hellip;]<\/p>\n","protected":false},"author":2,"featured_media":349343,"comment_status":"closed","ping_status":"closed","sticky":false,"template":"","format":"standard","meta":{"_acf_changed":false,"footnotes":""},"categories":[165],"tags":[],"class_list":["post-349342","post","type-post","status-publish","format-standard","has-post-thumbnail","hentry","category-nordeste"],"acf":[],"_links":{"self":[{"href":"https:\/\/www.notibras.com\/site\/wp-json\/wp\/v2\/posts\/349342","targetHints":{"allow":["GET"]}}],"collection":[{"href":"https:\/\/www.notibras.com\/site\/wp-json\/wp\/v2\/posts"}],"about":[{"href":"https:\/\/www.notibras.com\/site\/wp-json\/wp\/v2\/types\/post"}],"author":[{"embeddable":true,"href":"https:\/\/www.notibras.com\/site\/wp-json\/wp\/v2\/users\/2"}],"replies":[{"embeddable":true,"href":"https:\/\/www.notibras.com\/site\/wp-json\/wp\/v2\/comments?post=349342"}],"version-history":[{"count":1,"href":"https:\/\/www.notibras.com\/site\/wp-json\/wp\/v2\/posts\/349342\/revisions"}],"predecessor-version":[{"id":349344,"href":"https:\/\/www.notibras.com\/site\/wp-json\/wp\/v2\/posts\/349342\/revisions\/349344"}],"wp:featuredmedia":[{"embeddable":true,"href":"https:\/\/www.notibras.com\/site\/wp-json\/wp\/v2\/media\/349343"}],"wp:attachment":[{"href":"https:\/\/www.notibras.com\/site\/wp-json\/wp\/v2\/media?parent=349342"}],"wp:term":[{"taxonomy":"category","embeddable":true,"href":"https:\/\/www.notibras.com\/site\/wp-json\/wp\/v2\/categories?post=349342"},{"taxonomy":"post_tag","embeddable":true,"href":"https:\/\/www.notibras.com\/site\/wp-json\/wp\/v2\/tags?post=349342"}],"curies":[{"name":"wp","href":"https:\/\/api.w.org\/{rel}","templated":true}]}}