{"id":349363,"date":"2025-03-05T00:40:15","date_gmt":"2025-03-05T03:40:15","guid":{"rendered":"https:\/\/www.notibras.com\/site\/?p=349363"},"modified":"2025-03-05T06:42:10","modified_gmt":"2025-03-05T09:42:10","slug":"resultado-final-do-cnu-e-atualizado-apos-desistencias","status":"publish","type":"post","link":"https:\/\/www.notibras.com\/site\/resultado-final-do-cnu-e-atualizado-apos-desistencias\/","title":{"rendered":"Resultado final do CNU \u00e9 atualizado ap\u00f3s desist\u00eancias"},"content":{"rendered":"<p>Quatro dias ap\u00f3s a divulga\u00e7\u00e3o do resultado do Concurso Nacional Unificado (CNU), o governo atualizou as listas finais de aprovados com as vagas abertas por candidatos que desistiram do curso de forma\u00e7\u00e3o. \u00a0As\u00a0<a href=\"https:\/\/cpnu.cesgranrio.org.br\/listas-resultados\" target=\"_blank\" rel=\"noopener\">novas rela\u00e7\u00f5es est\u00e3o dispon\u00edveis na p\u00e1gina<\/a>.<img decoding=\"async\" src=\"https:\/\/agenciabrasil.ebc.com.br\/ebc.png?id=1633125&amp;o=node\" \/><img decoding=\"async\" src=\"https:\/\/agenciabrasil.ebc.com.br\/ebc.gif?id=1633125&amp;o=node\" \/><\/p>\n<p>Para consultar as listas atualizadas, \u00e9 necess\u00e1rio login no Portal Gov.br. Qualquer pessoa com conta no Gov.br pode acessar as rela\u00e7\u00f5es, n\u00e3o precisando ser candidato.<\/p>\n<p>Em nota, o Minist\u00e9rio da Gest\u00e3o e da Inova\u00e7\u00e3o em Servi\u00e7os P\u00fablicos (MGI) informou que pediu que a Funda\u00e7\u00e3o Cesgranrio, banca organizadora do CNU, revisasse as listas ap\u00f3s den\u00fancias de \u201cinconsist\u00eancias nos resultados divulgados no dia 28 de fevereiro\u201d. Durante o procedimento, descobriu-se que o sistema gerou listas incompletas, ao n\u00e3o repor as vagas de candidatos que desistiram dos cursos de forma\u00e7\u00e3o.<\/p>\n<p>\u201cEsse trabalho foi realizado desde o fim de semana e indicou que, ao processar a lista final de resultados, o sistema considerou desist\u00eancias para os cursos de forma\u00e7\u00e3o sem as novas convoca\u00e7\u00f5es para as mesmas vagas. Esse procedimento fez com que diferentes listas de convoca\u00e7\u00e3o para matr\u00edcula tenham sido divulgadas de forma incompleta. Essa situa\u00e7\u00e3o j\u00e1 foi resolvida, e as novas listas j\u00e1 est\u00e3o dispon\u00edveis na \u00e1rea do candidato\u201d, destacou o comunicado.<\/p>\n<p>O MGI tamb\u00e9m esclareceu que a lista atualizada respeita as novas notas m\u00ednimas divulgadas em novembro ap\u00f3s acordo entre a pasta e o Minist\u00e9rio P\u00fablico Federal, o tratamento dado aos candidatos sub judice (que est\u00e3o recorrendo do resultado na Justi\u00e7a) e a reclassifica\u00e7\u00e3o de candidatos inscritos como cotistas, mas que n\u00e3o tiveram a situa\u00e7\u00e3o reconhecida pela banca examinadora.<\/p>\n<p>\u201cEm decorr\u00eancia dos crit\u00e9rios acima descritos e da reinclus\u00e3o, nas convoca\u00e7\u00f5es para cursos de forma\u00e7\u00e3o de candidatos que haviam confirmado vaga nos dias 11 e 18 de fevereiro, outros candidatos chamados para cargos com curso de forma\u00e7\u00e3o nas listas anteriores ao dia 28 ou no pr\u00f3prio dia 28 tiveram sua situa\u00e7\u00e3o alterada\u201d, ressaltou o MGI, ao recomendar que todo mundo verifique o resultado novamente.<\/p>\n<p>O minist\u00e9rio reafirmou que nenhum resultado ser\u00e1 homologado sem a garantia de total observ\u00e2ncia dos editais do CNU. A homologa\u00e7\u00e3o continua programada para 7 de mar\u00e7o, sexta-feira.<\/p>\n","protected":false},"excerpt":{"rendered":"<p>Quatro dias ap\u00f3s a divulga\u00e7\u00e3o do resultado do Concurso Nacional Unificado (CNU), o governo atualizou as listas finais de aprovados com as vagas abertas por candidatos que desistiram do curso de forma\u00e7\u00e3o. \u00a0As\u00a0novas rela\u00e7\u00f5es est\u00e3o dispon\u00edveis na p\u00e1gina. Para consultar as listas atualizadas, \u00e9 necess\u00e1rio login no Portal Gov.br. Qualquer pessoa com conta no Gov.br [&hellip;]<\/p>\n","protected":false},"author":2,"featured_media":349364,"comment_status":"closed","ping_status":"closed","sticky":false,"template":"","format":"standard","meta":{"_acf_changed":false,"footnotes":""},"categories":[161],"tags":[],"class_list":["post-349363","post","type-post","status-publish","format-standard","has-post-thumbnail","hentry","category-quadradinho-em-foco"],"acf":[],"_links":{"self":[{"href":"https:\/\/www.notibras.com\/site\/wp-json\/wp\/v2\/posts\/349363","targetHints":{"allow":["GET"]}}],"collection":[{"href":"https:\/\/www.notibras.com\/site\/wp-json\/wp\/v2\/posts"}],"about":[{"href":"https:\/\/www.notibras.com\/site\/wp-json\/wp\/v2\/types\/post"}],"author":[{"embeddable":true,"href":"https:\/\/www.notibras.com\/site\/wp-json\/wp\/v2\/users\/2"}],"replies":[{"embeddable":true,"href":"https:\/\/www.notibras.com\/site\/wp-json\/wp\/v2\/comments?post=349363"}],"version-history":[{"count":1,"href":"https:\/\/www.notibras.com\/site\/wp-json\/wp\/v2\/posts\/349363\/revisions"}],"predecessor-version":[{"id":349365,"href":"https:\/\/www.notibras.com\/site\/wp-json\/wp\/v2\/posts\/349363\/revisions\/349365"}],"wp:featuredmedia":[{"embeddable":true,"href":"https:\/\/www.notibras.com\/site\/wp-json\/wp\/v2\/media\/349364"}],"wp:attachment":[{"href":"https:\/\/www.notibras.com\/site\/wp-json\/wp\/v2\/media?parent=349363"}],"wp:term":[{"taxonomy":"category","embeddable":true,"href":"https:\/\/www.notibras.com\/site\/wp-json\/wp\/v2\/categories?post=349363"},{"taxonomy":"post_tag","embeddable":true,"href":"https:\/\/www.notibras.com\/site\/wp-json\/wp\/v2\/tags?post=349363"}],"curies":[{"name":"wp","href":"https:\/\/api.w.org\/{rel}","templated":true}]}}