{"id":349369,"date":"2025-03-05T00:02:47","date_gmt":"2025-03-05T03:02:47","guid":{"rendered":"https:\/\/www.notibras.com\/site\/?p=349369"},"modified":"2025-03-05T06:57:00","modified_gmt":"2025-03-05T09:57:00","slug":"especialista-alerta-sobre-principais-sintomas-de-asma-na-infancia","status":"publish","type":"post","link":"https:\/\/www.notibras.com\/site\/especialista-alerta-sobre-principais-sintomas-de-asma-na-infancia\/","title":{"rendered":"Especialista alerta sobre principais sintomas de asma na inf\u00e2ncia"},"content":{"rendered":"<p>Preocupante para os pais e desconfort\u00e1vel para as crian\u00e7as, a asma \u00e9 a doen\u00e7a cr\u00f4nica mais comum na inf\u00e2ncia e uma das principais causas de atendimento em emerg\u00eancias pedi\u00e1tricas. Nos primeiros anos de vida, pode ser confundida com outras doen\u00e7as respirat\u00f3rias \u2013 por isso, a recomenda\u00e7\u00e3o \u00e9 buscar atendimento nas unidades de sa\u00fade do Distrito Federal para um correto diagn\u00f3stico.<\/p>\n<p>Com a chegada do per\u00edodo sazonal das doen\u00e7as respirat\u00f3rias, muitas crian\u00e7as t\u00eam chegado ao pronto-socorro pedi\u00e1trico do Hospital Regional de Santa Maria (HRSM) com crises agudas de asma. A doen\u00e7a \u00e9 caracterizada pela inflama\u00e7\u00e3o das vias a\u00e9reas, que provoca incha\u00e7o e estreitamento, dificultando a respira\u00e7\u00e3o. Afeta os pulm\u00f5es, especificamente os br\u00f4nquios, respons\u00e1veis por conduzir o ar. O estreitamento desses canais pode desencadear crises que, em casos graves, levam \u00e0 falta de oxigena\u00e7\u00e3o dos tecidos e, em situa\u00e7\u00f5es extremas, ao \u00f3bito.<\/p>\n<p>Por ser uma condi\u00e7\u00e3o cr\u00f4nica, o primeiro passo \u00e9 obter um diagn\u00f3stico correto, realizado por meio de avalia\u00e7\u00f5es com o pediatra<\/p>\n<p>\u201cA asma se manifesta de forma heterog\u00eanea, mas tem como principal caracter\u00edstica a inflama\u00e7\u00e3o cr\u00f4nica das vias a\u00e9reas. Geralmente, surge nos primeiros anos de vida. O termo asma \u00e9 mais comumente utilizado a partir dos 6 anos, enquanto antes dessa idade, alguns m\u00e9dicos e autores preferem cham\u00e1-la de sibil\u00e2ncia ou bronquite\u201d, explica o infectologista pedi\u00e1trico do HRSM, Pedro Bianchini.<\/p>\n<p>Os sintomas mais comuns incluem respira\u00e7\u00e3o curta e acelerada, falta de ar e chiado no peito (sibilos). Al\u00e9m disso, infec\u00e7\u00f5es virais respirat\u00f3rias desempenham um papel fundamental na piora das crises, pois aumentam a hiperreatividade br\u00f4nquica e o processo inflamat\u00f3rio.<\/p>\n<p>\u201cOutros fatores, como polui\u00e7\u00e3o, tabagismo passivo e exposi\u00e7\u00e3o a al\u00e9rgenos, tamb\u00e9m contribuem para o agravamento da doen\u00e7a. Al\u00e9m disso, um hist\u00f3rico familiar de asma \u00e9 um fator de predisposi\u00e7\u00e3o\u201d, acrescenta o especialista.<\/p>\n<p>De acordo com a Sociedade Brasileira de Pneumologia e Tisiologia (SBPT), a asma afeta cerca de 300 milh\u00f5es de pessoas no mundo, abrangendo todas as faixas et\u00e1rias. No Brasil, estima-se que aproximadamente 20 milh\u00f5es de pessoas tenham a doen\u00e7a, com alta preval\u00eancia entre crian\u00e7as e adolescentes, chegando a 20% em algumas regi\u00f5es urbanas.<\/p>\n<p>Segundo Bianchini, por ser uma condi\u00e7\u00e3o cr\u00f4nica, o primeiro passo \u00e9 obter um diagn\u00f3stico correto, realizado por meio de avalia\u00e7\u00f5es com o pediatra. O diagn\u00f3stico preciso e o tratamento \u2013 tanto para crises agudas quanto para o controle da doen\u00e7a a longo prazo \u2013 costumam ser conduzidos pelo pediatra, podendo haver encaminhamento para um pneumologista ou alergista pedi\u00e1trico, quando necess\u00e1rio.<\/p>\n<p>\u201cAs orienta\u00e7\u00f5es sobre mudan\u00e7as de h\u00e1bitos e o uso de medica\u00e7\u00f5es espec\u00edficas para reduzir a frequ\u00eancia e a intensidade das crises devem ser feitas pelo pediatra, com ajustes frequentes conforme a evolu\u00e7\u00e3o do quadro. O acompanhamento regular da crian\u00e7a \u00e9 essencial\u201d, conclui o especialista.<\/p>\n","protected":false},"excerpt":{"rendered":"<p>Preocupante para os pais e desconfort\u00e1vel para as crian\u00e7as, a asma \u00e9 a doen\u00e7a cr\u00f4nica mais comum na inf\u00e2ncia e uma das principais causas de atendimento em emerg\u00eancias pedi\u00e1tricas. Nos primeiros anos de vida, pode ser confundida com outras doen\u00e7as respirat\u00f3rias \u2013 por isso, a recomenda\u00e7\u00e3o \u00e9 buscar atendimento nas unidades de sa\u00fade do Distrito [&hellip;]<\/p>\n","protected":false},"author":2,"featured_media":349371,"comment_status":"closed","ping_status":"closed","sticky":false,"template":"","format":"standard","meta":{"_acf_changed":false,"footnotes":""},"categories":[161],"tags":[],"class_list":["post-349369","post","type-post","status-publish","format-standard","has-post-thumbnail","hentry","category-quadradinho-em-foco"],"acf":[],"_links":{"self":[{"href":"https:\/\/www.notibras.com\/site\/wp-json\/wp\/v2\/posts\/349369","targetHints":{"allow":["GET"]}}],"collection":[{"href":"https:\/\/www.notibras.com\/site\/wp-json\/wp\/v2\/posts"}],"about":[{"href":"https:\/\/www.notibras.com\/site\/wp-json\/wp\/v2\/types\/post"}],"author":[{"embeddable":true,"href":"https:\/\/www.notibras.com\/site\/wp-json\/wp\/v2\/users\/2"}],"replies":[{"embeddable":true,"href":"https:\/\/www.notibras.com\/site\/wp-json\/wp\/v2\/comments?post=349369"}],"version-history":[{"count":1,"href":"https:\/\/www.notibras.com\/site\/wp-json\/wp\/v2\/posts\/349369\/revisions"}],"predecessor-version":[{"id":349372,"href":"https:\/\/www.notibras.com\/site\/wp-json\/wp\/v2\/posts\/349369\/revisions\/349372"}],"wp:featuredmedia":[{"embeddable":true,"href":"https:\/\/www.notibras.com\/site\/wp-json\/wp\/v2\/media\/349371"}],"wp:attachment":[{"href":"https:\/\/www.notibras.com\/site\/wp-json\/wp\/v2\/media?parent=349369"}],"wp:term":[{"taxonomy":"category","embeddable":true,"href":"https:\/\/www.notibras.com\/site\/wp-json\/wp\/v2\/categories?post=349369"},{"taxonomy":"post_tag","embeddable":true,"href":"https:\/\/www.notibras.com\/site\/wp-json\/wp\/v2\/tags?post=349369"}],"curies":[{"name":"wp","href":"https:\/\/api.w.org\/{rel}","templated":true}]}}